{"id":105572,"date":"2023-02-14T10:00:00","date_gmt":"2023-02-14T13:00:00","guid":{"rendered":"https:\/\/grandepremio.com\/br\/noticias\/formula-1-lanca-real-aos-possiveis-interessados-adeus-11a-equipe-do-grid\/"},"modified":"2023-02-14T10:00:42","modified_gmt":"2023-02-14T13:00:42","slug":"formula-1-lanca-real-aos-possiveis-interessados-adeus-11a-equipe-do-grid","status":"publish","type":"post","link":"https:\/\/grandepremio.com\/br\/f1\/formula-1-lanca-real-aos-possiveis-interessados-adeus-11a-equipe-do-grid\/","title":{"rendered":"F\u00f3rmula 1 lan\u00e7a real aos poss\u00edveis interessados: adeus, 11\u00aa equipe do grid!"},"content":{"rendered":"\n<p class=\"wp-block-paragraph\">A novela sobre a entrada da <strong>Andretti<\/strong> na <strong>F\u00f3rmula 1<\/strong> ganhou mais alguns cap\u00edtulos nessa semana, e o \u00faltimo a se pronunciar sobre o assunto foi o pr\u00f3prio CEO da categoria, <strong>Stefano Domenicali<\/strong>. Ciente do desejo assumido da marca americana de ingressar no esporte, <a href=\"https:\/\/www.grandepremio.com\/br\/f1\/noticias\/chefe-da-f1-andretti-forcando-sistema-outros-gritam-menos\/\" class=\"ek-link\">o chef\u00e3o admitiu ter ficado incomodado com as declara\u00e7\u00f5es recentes<\/a> de Michael Andretti \u2014 que, em janeiro, acusou as equipes de barrarem seu time por gan\u00e2ncia.<\/p>\n\n\n\n<p class=\"wp-block-paragraph\"><strong>\u25b6\ufe0f&nbsp;Inscreva-se nos dois canais do GRANDE PR\u00caMIO no YouTube:&nbsp;<a href=\"https:\/\/www.youtube.com\/channel\/UC9OlHEgxoaY6QY6nWPoiqQg?sub_confirmation=1\" target=\"_blank\" rel=\"noreferrer noopener\">GP<\/a>&nbsp;|&nbsp;<a href=\"https:\/\/www.youtube.com\/channel\/UC9csiS6q_C3C0FYhyr1rnFA?sub_confirmation=1\" target=\"_blank\" rel=\"noreferrer noopener\">GP2<\/a><\/strong><\/p>\n\n\n\n<p class=\"wp-block-paragraph\">Al\u00e9m disso, Domenicali n\u00e3o se mostrou muito propenso a ter um grid maior e reafirmou que todos precisam respeitar o processo. Mas o fato \u00e9 que a entrada de uma 11\u00aa equipe na F1 parece cada vez mais distante. N\u00e3o s\u00f3 a Andretti enfrenta resist\u00eancia, mas qualquer outra marca que se interesse.<\/p>\n\n\n\n<p class=\"wp-block-paragraph\">A verdade \u00e9 que a maior das categorias est\u00e1 satisfeita com o n\u00famero de times que tem atualmente e com a divis\u00e3o da receita. E mais, a <strong>F1<\/strong> vai ganhar a queda de bra\u00e7o com a <strong>FIA<\/strong>, porque tem argumentos fortes: a estabilidade financeira das escuderias atuais. Esse \u00e9 o assunto do v\u00eddeo desta ter\u00e7a-feira.<\/p>\n\n\n\n<p class=\"wp-block-paragraph\">ASSISTA J\u00c1!<\/p>\n\n\n\n<figure class=\"wp-block-embed is-type-rich is-provider-incorporar-manipulador wp-block-embed-incorporar-manipulador wp-embed-aspect-16-9 wp-has-aspect-ratio\"><div class=\"wp-block-embed__wrapper\">\n<iframe loading=\"lazy\" title=\"F1 ADVERTE: ADEUS, 11\u00aa EQUIPE! | GP \u00e0s 10\" width=\"500\" height=\"281\" src=\"https:\/\/www.youtube.com\/embed\/emksdx5fn0U?feature=oembed\" frameborder=\"0\" allow=\"accelerometer; autoplay; clipboard-write; encrypted-media; gyroscope; picture-in-picture; web-share\" referrerpolicy=\"strict-origin-when-cross-origin\" allowfullscreen><\/iframe>\n<\/div><\/figure>\n","protected":false},"excerpt":{"rendered":"<p>No v\u00eddeo desta ter\u00e7a-feira, Evelyn Guimar\u00e3es fala sobre a resist\u00eancia das equipes e da F1 para ampliar o grid. A receita \u00e9 o maior entrave, al\u00e9m do equil\u00edbrio financeiro dos times. Portanto, dificilmente o Mundial ter\u00e1 mais de dez escuderias <\/p>\n","protected":false},"author":0,"featured_media":1000652069,"comment_status":"closed","ping_status":"closed","sticky":false,"template":"","format":"standard","meta":{"42wp_featured_image_caption":"","42wp_featured_image_credits":"","42wp_featured_video":"","42wp_featured_image_hidden":false,"42wp_authors_list":[],"footnotes":""},"categories":[2],"tags":[147,6533,103,180,30722,33465,28285,907],"42wp_author":[47115],"class_list":["post-105572","post","type-post","status-publish","format-standard","has-post-thumbnail","hentry","category-f1","tag-f1","tag-f1-2023","tag-fia","tag-formula-1","tag-formula-1-2023","tag-formula-1-classificacao-2023","tag-grandepremio","tag-stefano-domenicali","42wp_author-evelyn-guimaraes"],"_links":{"self":[{"href":"https:\/\/grandepremio.com\/br\/wp-json\/wp\/v2\/posts\/105572","targetHints":{"allow":["GET"]}}],"collection":[{"href":"https:\/\/grandepremio.com\/br\/wp-json\/wp\/v2\/posts"}],"about":[{"href":"https:\/\/grandepremio.com\/br\/wp-json\/wp\/v2\/types\/post"}],"replies":[{"embeddable":true,"href":"https:\/\/grandepremio.com\/br\/wp-json\/wp\/v2\/comments?post=105572"}],"version-history":[{"count":0,"href":"https:\/\/grandepremio.com\/br\/wp-json\/wp\/v2\/posts\/105572\/revisions"}],"wp:featuredmedia":[{"embeddable":true,"href":"https:\/\/grandepremio.com\/br\/wp-json\/wp\/v2\/media\/1000652069"}],"wp:attachment":[{"href":"https:\/\/grandepremio.com\/br\/wp-json\/wp\/v2\/media?parent=105572"}],"wp:term":[{"taxonomy":"category","embeddable":true,"href":"https:\/\/grandepremio.com\/br\/wp-json\/wp\/v2\/categories?post=105572"},{"taxonomy":"post_tag","embeddable":true,"href":"https:\/\/grandepremio.com\/br\/wp-json\/wp\/v2\/tags?post=105572"},{"taxonomy":"42wp_author","embeddable":true,"href":"https:\/\/grandepremio.com\/br\/wp-json\/wp\/v2\/42wp_author?post=105572"}],"curies":[{"name":"wp","href":"https:\/\/api.w.org\/{rel}","templated":true}]}}