{"id":105605,"date":"2023-02-13T04:00:51","date_gmt":"2023-02-13T07:00:51","guid":{"rendered":"https:\/\/grandepremio.com\/br\/noticias\/grande-premio-faz-react-lancamento-amr23-carro-aston-martin-formula-1-2023\/"},"modified":"2023-02-13T12:59:28","modified_gmt":"2023-02-13T15:59:28","slug":"grande-premio-faz-react-lancamento-amr23-carro-aston-martin-formula-1-2023","status":"publish","type":"post","link":"https:\/\/grandepremio.com\/br\/f1\/grande-premio-faz-react-lancamento-amr23-carro-aston-martin-formula-1-2023\/","title":{"rendered":"GRANDE PR\u00caMIO faz react do lan\u00e7amento do AMR23, carro da Aston Martin para F1 2023"},"content":{"rendered":"\n<figure class=\"wp-block-embed is-type-video is-provider-youtube wp-block-embed-youtube wp-embed-aspect-16-9 wp-has-aspect-ratio\"><div class=\"wp-block-embed__wrapper\">\n<iframe loading=\"lazy\" title=\"ASTON MARTIN APRESENTA O AMR23, CARRO PARA A F1 2023 | React\" width=\"500\" height=\"281\" src=\"https:\/\/www.youtube.com\/embed\/pxJcPNF1SX8?feature=oembed\" frameborder=\"0\" allow=\"accelerometer; autoplay; clipboard-write; encrypted-media; gyroscope; picture-in-picture; web-share\" referrerpolicy=\"strict-origin-when-cross-origin\" allowfullscreen><\/iframe>\n<\/div><\/figure>\n\n\n\n<p class=\"wp-block-paragraph\">Chegou o dia de ver o carro que a <strong>Aston Martin<\/strong> preparou para a temporada 2023 da<strong> F\u00f3rmula 1<\/strong>, que se inicia em 5 de mar\u00e7o, com o<strong> GP do Bahrein<\/strong>. A equipe ser\u00e1 a s\u00e9tima a divulgar detalhes de seu novo b\u00f3lido, nesta segunda-feira (13), com cobertura completa do <strong>GRANDE PR\u00caMIO.<\/strong><\/p>\n\n\n\n<p class=\"wp-block-paragraph\"><strong>Gabriel Carvalho, Gabriel Curty e Rodrigo Berton<\/strong> comandam a <strong>s\u00e9tima react<\/strong> do canal em 2023, <a href=\"https:\/\/www.grandepremio.com\/br\/f1\/noticias\/grande-premio-faz-react-lancamento-fw45-carro-williams-formula-1-2023\/\">acompanhando cada detalhe<\/a>\u00a0sobre o lan\u00e7amento da equipe nas mais diversas m\u00eddias sociais do\u00a0<strong>GRANDE PR\u00caMIO<\/strong>:\u00a0<a href=\"https:\/\/www.youtube.com\/channel\/UC9OlHEgxoaY6QY6nWPoiqQg\" target=\"_blank\" rel=\"noreferrer noopener\">YouTube<\/a>,\u00a0<a href=\"https:\/\/www.facebook.com\/grandepremio\/?locale=pt_BR\" target=\"_blank\" rel=\"noreferrer noopener\">Facebook<\/a>,\u00a0<a href=\"https:\/\/twitter.com\/grandepremio\" target=\"_blank\" rel=\"noreferrer noopener\">Twitter<\/a>\u00a0e\u00a0<a href=\"https:\/\/www.dailymotion.com\/GrandePremio\" target=\"_blank\" rel=\"noreferrer noopener\">DailyMotion<\/a>.<\/p>\n\n\n\n<p class=\"wp-block-paragraph\"><strong>\u25b6\ufe0f\u00a0Inscreva-se nos dois canais do GRANDE PR\u00caMIO no YouTube:\u00a0<a href=\"https:\/\/www.youtube.com\/channel\/UC9OlHEgxoaY6QY6nWPoiqQg?sub_confirmation=1\" target=\"_blank\" rel=\"noreferrer noopener\">GP<\/a>\u00a0|\u00a0<a href=\"https:\/\/www.youtube.com\/channel\/UC9csiS6q_C3C0FYhyr1rnFA?sub_confirmation=1\" target=\"_blank\" rel=\"noreferrer noopener\">GP2<\/a><\/strong><br><strong>\u25b6\ufe0f\u00a0<a href=\"https:\/\/www.twitch.tv\/grandepremio\" target=\"_blank\" rel=\"noreferrer noopener\">Conhe\u00e7a o canal do GRANDE PR\u00caMIO na Twitch clicando aqui!<\/a><\/strong><\/p>\n\n\n\n<p class=\"wp-block-paragraph\">O in\u00edcio da transmiss\u00e3o est\u00e1 marcado para 15h45 (hor\u00e1rio de Bras\u00edlia), enquanto o lan\u00e7amento est\u00e1 previsto para 16h.<\/p>\n\n\n\n<p class=\"wp-block-paragraph\">O AMR23 ser\u00e1 o terceiro carro da Aston Martin no retorno \u00e0 F\u00f3rmula 1. O b\u00f3lido ser\u00e1 impulsionado por um motor Mercedes. Para 2023, o time seguiu a l\u00f3gica do pelot\u00e3o intermedi\u00e1rio, com mudan\u00e7as na escala\u00e7\u00e3o, trocando lendas, no caso dela: Sebastian Vettel se aposenta, Fernando Alonso em sua vaga. Na chefia, Mike Krack segue por l\u00e1, com Andrew Green e Dan Fallows na parte t\u00e9cnica do projeto.<\/p>\n","protected":false},"excerpt":{"rendered":"<p>A Aston Martin apresenta o AMR23 ao mundo nesta segunda-feira (13). O GRANDE PR\u00caMIO acompanha todas as novidades com direito a react comandado por Gabriel Carvalho, Gabriel Curty e Rodrigo Berton<\/p>\n","protected":false},"author":0,"featured_media":1000651958,"comment_status":"closed","ping_status":"closed","sticky":false,"template":"","format":"standard","meta":{"42wp_featured_image_caption":"","42wp_featured_image_credits":"","42wp_featured_video":"","42wp_featured_image_hidden":false,"42wp_authors_list":[],"footnotes":""},"categories":[2],"tags":[33218,309,147,6533,180,30722,1491,30103,28285],"42wp_author":[47139],"class_list":["post-105605","post","type-post","status-publish","format-standard","has-post-thumbnail","hentry","category-f1","tag-amr23","tag-aston-martin","tag-f1","tag-f1-2023","tag-formula-1","tag-formula-1-2023","tag-grande-premio","tag-grande-premio-f1","tag-grandepremio","42wp_author-ana-cerveira"],"_links":{"self":[{"href":"https:\/\/grandepremio.com\/br\/wp-json\/wp\/v2\/posts\/105605","targetHints":{"allow":["GET"]}}],"collection":[{"href":"https:\/\/grandepremio.com\/br\/wp-json\/wp\/v2\/posts"}],"about":[{"href":"https:\/\/grandepremio.com\/br\/wp-json\/wp\/v2\/types\/post"}],"replies":[{"embeddable":true,"href":"https:\/\/grandepremio.com\/br\/wp-json\/wp\/v2\/comments?post=105605"}],"version-history":[{"count":0,"href":"https:\/\/grandepremio.com\/br\/wp-json\/wp\/v2\/posts\/105605\/revisions"}],"wp:featuredmedia":[{"embeddable":true,"href":"https:\/\/grandepremio.com\/br\/wp-json\/wp\/v2\/media\/1000651958"}],"wp:attachment":[{"href":"https:\/\/grandepremio.com\/br\/wp-json\/wp\/v2\/media?parent=105605"}],"wp:term":[{"taxonomy":"category","embeddable":true,"href":"https:\/\/grandepremio.com\/br\/wp-json\/wp\/v2\/categories?post=105605"},{"taxonomy":"post_tag","embeddable":true,"href":"https:\/\/grandepremio.com\/br\/wp-json\/wp\/v2\/tags?post=105605"},{"taxonomy":"42wp_author","embeddable":true,"href":"https:\/\/grandepremio.com\/br\/wp-json\/wp\/v2\/42wp_author?post=105605"}],"curies":[{"name":"wp","href":"https:\/\/api.w.org\/{rel}","templated":true}]}}