{"id":105607,"date":"2023-02-13T04:00:00","date_gmt":"2023-02-13T07:00:00","guid":{"rendered":"https:\/\/grandepremio.com\/br\/noticias\/filha-carlos-reutemann-relembra-recado-juan-manuel-fangio-pai-sobre-manipulacao-f1\/"},"modified":"2023-02-12T18:44:06","modified_gmt":"2023-02-12T21:44:06","slug":"filha-carlos-reutemann-relembra-recado-juan-manuel-fangio-pai-sobre-manipulacao-f1","status":"publish","type":"post","link":"https:\/\/grandepremio.com\/br\/f1\/filha-carlos-reutemann-relembra-recado-juan-manuel-fangio-pai-sobre-manipulacao-f1\/","title":{"rendered":"Filha de Reutemann relembra recado de\u00a0Fangio\u00a0ao pai sobre manipula\u00e7\u00e3o na F1"},"content":{"rendered":"\n<p class=\"wp-block-paragraph\">A exibi\u00e7\u00e3o do document\u00e1rio \u201cLucky\u201d, sobre\u00a0<strong>Bernie Ecclestone<\/strong>, personagem que administrou a\u00a0<strong><a href=\"https:\/\/www.grandepremio.com\/formula-1\/\" target=\"_blank\" rel=\"noreferrer noopener\">F\u00f3rmula 1<\/a><\/strong>\u00a0por mais de quatro d\u00e9cadas, abriu velhas feridas e exp\u00f4s antigas pol\u00eamicas que surgiram ao longo da hist\u00f3ria da principal categoria do automobilismo mundial. E uma delas, que retornou ap\u00f3s longo ostracismo, foi a decis\u00e3o do campeonato de 1981, que teve duelo entre o\u00a0<strong>Carlos Reutemann<\/strong>, da\u00a0<strong>Williams<\/strong>, e\u00a0<strong>Nelson Piquet<\/strong>, da\u00a0<strong>Brabham,<\/strong>\u00a0e que foi decidido a favor do piloto brasileiro.<\/p>\n\n\n\n<p class=\"wp-block-paragraph\">Reutemann havia chegado \u00e0 Williams para a temporada de 1980. Por contrato, era o segundo piloto, ao lado do australiano <strong>Alan Jones<\/strong>, que se tornaria campe\u00e3o naquele ano. Este acordo continuou em vigor para 1981 ap\u00f3s aquele primeiro t\u00edtulo, embora o argentino tenha come\u00e7ado a temporada de forma muito s\u00f3lida, com uma vit\u00f3ria na \u00c1frica do Sul (corrida que n\u00e3o valia para o campeonato) e um segundo lugar em Long Beach, Estados Unidos.<\/p>\n\n\n\n<p class=\"wp-block-paragraph\">&#8220;Vou emitir uma opini\u00e3o, mas n\u00e3o como filha, mas por ter lido a imprensa especializada. Meu pai era muito superior a Alan Jones. Jones era o piloto #1, mas isso n\u00e3o mudou nada. Acho que meu pai fez um esfor\u00e7o para Jones ser o #1&#8221;,<a href=\"https:\/\/www.grandepremio.com\/br\/f1\/noticias\/filha-carlos-reutemann-detona-bernie-ecclestone-apos-revelacao-sobre-1981-ponta-do-iceberg\/\" class=\"ek-link\"> comentou Cora Reutemann<\/a>, filha de Carlos, em entrevista exclusiva ao <strong>GRANDE PR\u00caMIO.<\/strong><\/p>\n\n\n\n<figure class=\"wp-block-image size-full\"><img decoding=\"async\" src=\"https:\/\/www.grandepremio.com\/br\/wp-content\/uploads\/2023\/02\/Carlos-Reutemann.jpg\" alt=\"\" class=\"wp-image-651498\"\/><figcaption>Carlos Reutemann e Bernie Ecclestone (Foto: Reprodu\u00e7\u00e3o)<\/figcaption><\/figure>\n\n\n\n<p class=\"wp-block-paragraph\">O conflito entre os dois estourou no GP do Brasil, quando Reutemann venceu a corruda na frente de Jones e por menos de 7s de diferen\u00e7a, que era o que o contrato estipulava para que o argentino evitasse uma ordem de equipe que beneficiaria o australiano. Sobre aquela corrida, o pr\u00f3prio piloto declarou perante o saudoso jornalista Alfredo Parga: &#8220;Claro que vi a placa (para ceder o lugar a Jones). Mas se acatasse, foi mais digno voltar aos boxes, preparar a mala e dizer adeus \u00e0s corridas&#8221;, lembrou Carlos.<\/p>\n\n\n\n<p class=\"wp-block-paragraph\">Depois de uma vit\u00f3ria no GP da B\u00e9lgica e dois p\u00f3dios, Reutemann chegou com pouca vantagem antes da decis\u00e3o do campeonato \u00e0 frente de Piquet. Seu desempenho havia piorado, em grande parte devido \u00e0 troca de pneus decidida pela Williams no meio da temporada, que trocou o Michelin pelo Goodyear antes do GP da Fran\u00e7a. &#8220;Desde que come\u00e7amos a usar a Goodyear, nos tornamos filhos da Brabham&#8221;, disse Reutemann em outra passagem de &#8220;The Days of Reutemann&#8221;, de Parga, publicado em 1998.<\/p>\n\n\n\n<p class=\"wp-block-paragraph\">Sobre isto, Cora recordou: Tem muita coisa que, quando crian\u00e7a naquela \u00e9poca, n\u00e3o conseguia saber. Por exemplo, a quest\u00e3o da troca de pneus da Williams, de Michelin para Goodyear. Tudo isso foi dirigido por Bernie&#8221;, firmou sobre Ecclestone, que naqueles anos era o chefe da Brabham e da Associa\u00e7\u00e3o de Construtores de F\u00f3rmula 1 (FOCA). <\/p>\n\n\n\n<p class=\"wp-block-paragraph\">No document\u00e1rio, o ex-dirigente tamb\u00e9m revelou que driblou o regulamento t\u00e9cnio ao usar uma suspens\u00e3o hidropneum\u00e1tica no carro, que baixou a altura do ve\u00edculo na pista para favorecer seu desempenho aerodin\u00e2mico, mas que voltou \u00e0 sua altura habitual na hora da checagem nos boxes.. por meio de um bot\u00e3o. Com este implemento, Brabham venceu o GP da Argentina com Nelson Piquet por 26 segundos sobre Reutemann.<\/p>\n\n\n\n<h2 class=\"wp-block-heading\" id=\"h-williams-e-decisao-em-las-vegas\">Williams e decis\u00e3o em Las Vegas<\/h2>\n\n\n\n<figure class=\"wp-block-image size-large\"><img decoding=\"async\" src=\"https:\/\/www.grandepremio.com\/br\/wp-content\/uploads\/2021\/07\/reutemann2-scaled-e1676194071805-1024x617.jpg\" alt=\"\" class=\"wp-image-490173\"\/><figcaption>Carlos Reutemann representou a maior amea\u00e7a \u00e0 primeira conquista do brasileiro (Foto: Williams)\n<\/figcaption><\/figure>\n\n\n\n<p class=\"wp-block-paragraph\">Com apenas um ponto de vantagem, Reutemann chegou a Las Vegas pronto para aproveitar o velho chassi que usou na vitoriosa primeira parte da temporada. O argentino executou o plano com perfei\u00e7\u00e3o e conquistou a pole-position com quase meio segundo de vantagem sobre seu companheiro de equipe Alan Jones.<\/p>\n\n\n\n<p class=\"wp-block-paragraph\">E quando parecia ser fim de semana dos sonhos do argentino, quem apareceu \u00e0 sua frente foi a Brabham #5 de Piquet, que em baixa velocidade e pelo meio da pista, mudou sua trajet\u00f3ria e causou o impacto batida com Reutemann. Como consequ\u00eancia, o rack da suspens\u00e3o dianteira da Williams quebrou e, apesar dos mec\u00e2nicos consertarem o carro, seu desempenho caiu sensivelmente durante a segunda volta de classifica\u00e7\u00e3o. Nessa sess\u00e3o v\u00e1rios pilotos melhoraram, mas Reutemann manteve-se na pole-positon em uma circunst\u00e2ncia muito desfavor\u00e1vel.<\/p>\n\n\n\n<p class=\"wp-block-paragraph\">Paralelamente, no document\u00e1rio &#8220;Lucky&#8221;, Ecclestone confessou ter subornado um massagista para favorecer a performance f\u00edsica de Piquet em detrimento de Reutemann. &#8220;Sobre o massagista, descobri na F\u00f3rmula 1. Conversei com minha m\u00e3e e ela me disse que era verdade. Ele havia treinado muito naquele ano. Em Las Vegas, meu pai saiu do carro como um verdadeiro campe\u00e3o, e Piquet n\u00e3o conseguia nem andar&#8221;, declarou Cora.<\/p>\n\n\n\n<p class=\"wp-block-paragraph\">Antes da corrida, na sess\u00e3o de warm-up, Reutemann decidiu arriscar e correr com outro chassi, devido ao mau funcionamento daquele que se acidentou na classifica\u00e7\u00e3o. Assim, ele teve que modificar os freios e pneus naquele curto stint, paralelamente a um problema persistente na caixa de c\u00e2mbio de seu FW07. Por conta do tr\u00e1fego e dos problemas, a possibilidade de melhorar o acerto do carro reserva ficou invi\u00e1vel.<\/p>\n\n\n\n<figure class=\"wp-block-video\"><video class=\"video-js vjs-big-play-centered\" data-gp-vjs=\"1\" controls poster=\"https:\/\/www.grandepremio.com\/br\/wp-content\/uploads\/2023\/02\/Piquet-poster.jpeg\" src=\"https:\/\/www.grandepremio.com\/br\/wp-content\/uploads\/2023\/02\/Piquet.mp4\"><\/video><\/figure>\n\n\n\n<p class=\"wp-block-paragraph\">Desamparado, apesar de estar \u00e0 frente de todos na pole, Reutemann n\u00e3o foi melhor que ningu\u00e9m e rapidamente perdeu posi\u00e7\u00f5es. Foi ultrapassado ap\u00f3s algumas voltas por Piquet, que sem ter as melhores ferramentas chegou ao quinto lugar para se sagrar campe\u00e3o. O argentino, por sua vez, terminou na oitava coloca\u00e7\u00e3o, com problemas no carro e evidentes problemas de falta de ader\u00eancia.<\/p>\n\n\n\n<p class=\"wp-block-paragraph\">Nesta frustra\u00e7\u00e3o, a filha de Reutemann culpou a Williams por n\u00e3o ter dado ao pai um carro competitivo na corrida final. Ele ainda lembrou que o pentacampe\u00e3o da F\u00f3rmula 1, <strong>Juan Manuel Fangio, <\/strong>deu a entender que seu compatriota seria v\u00edtima de uma sabotagem. &#8220;A equipe jogou contra ele. Sei que Fangio disse a ele em Las Vegas: &#8216;Se eu fosse voc\u00ea, dormiria no carro'&#8221;, diante da possibilidade de a equipe de Frank Williams n\u00e3o ter contribu\u00eddo para o sucesso de seu piloto. naquela decis\u00e3o, em benef\u00edcio de Piquet.<\/p>\n\n\n\n<p class=\"wp-block-paragraph\">&#8220;Antes de largar, meu pai sabia que tinha acontecido uma trapa\u00e7a, e que ele n\u00e3o ganharia o campeonato. Nem a corrida, nem o campeonato. Bernie era dono da Brabham e da F1. Voc\u00ea acha que ele ia deixar outra pessoa ganhar quando era dono de tudo?&#8221;, disse Cora. &#8220;Nas fotos da corrida \u00e9 claro. Todo mundo comemorou o t\u00edtulo de Piquet, at\u00e9 o pessoal da Williams&#8221;. acusou.<\/p>\n\n\n\n<p class=\"wp-block-paragraph\">A partir dessa defini\u00e7\u00e3o, o futuro do argentino na F\u00f3rmula 1 era complexo. Durante o intervalo antes da temporada de 1982, ele anunciou sua aposentadoria, embora tenha se arrependido e continuado na Williams. L\u00e1 conseguiu um p\u00f3dio no GP da \u00c1frica do Sul e largou no GP do Brasil, no final de mar\u00e7o, corrida na qual decidiu finalmente abandonar a carreira.<\/p>\n\n\n\n<p class=\"wp-block-paragraph\">&#8220;O campeonato de 1981 deixou uma ferida. No ano seguinte, n\u00e3o quis mais correr&#8221;, relembrou Cora. Ele lutou contra todos e at\u00e9 contra seu pr\u00f3prio time. E chegou muito longe tendo o mundo contra ele naquele 1981&#8243;, completou.<\/p>\n\n\n\n<p class=\"wp-block-paragraph\">Ap\u00f3s sair da F1, Reutemann teve uma breve participa\u00e7\u00e3o no Campeonato Mundial de Rali com a Peugeot, em 1985, e iniciou carreira na pol\u00edtica em 1991. Foi duas vezes governador da prov\u00edncia de Santa F\u00e9, pr\u00e9-candidato \u00e0 presid\u00eancia em 2003 e depois senador. Durante seu \u00faltimo mandato, ele morreu de hemorragia digestiva em 7 de julho de 2021, quando tinha 79 anos.<\/p>\n","protected":false},"excerpt":{"rendered":"<p>Cora Reutemann acusou a Williams de sabotar o pai na decis\u00e3o de 1981, e relembrou conselho de Juan Manuel Fangio a Carlos sobre a equipe antes da decis\u00e3o<\/p>\n","protected":false},"author":0,"featured_media":1000651869,"comment_status":"closed","ping_status":"closed","sticky":false,"template":"","format":"standard","meta":{"42wp_featured_image_caption":"","42wp_featured_image_credits":"","42wp_featured_video":"","42wp_featured_image_hidden":false,"42wp_authors_list":[],"footnotes":""},"categories":[2],"tags":[],"42wp_author":[47141],"class_list":["post-105607","post","type-post","status-publish","format-standard","has-post-thumbnail","hentry","category-f1","42wp_author-esteban-daniel-nieto"],"_links":{"self":[{"href":"https:\/\/grandepremio.com\/br\/wp-json\/wp\/v2\/posts\/105607","targetHints":{"allow":["GET"]}}],"collection":[{"href":"https:\/\/grandepremio.com\/br\/wp-json\/wp\/v2\/posts"}],"about":[{"href":"https:\/\/grandepremio.com\/br\/wp-json\/wp\/v2\/types\/post"}],"replies":[{"embeddable":true,"href":"https:\/\/grandepremio.com\/br\/wp-json\/wp\/v2\/comments?post=105607"}],"version-history":[{"count":0,"href":"https:\/\/grandepremio.com\/br\/wp-json\/wp\/v2\/posts\/105607\/revisions"}],"wp:featuredmedia":[{"embeddable":true,"href":"https:\/\/grandepremio.com\/br\/wp-json\/wp\/v2\/media\/1000651869"}],"wp:attachment":[{"href":"https:\/\/grandepremio.com\/br\/wp-json\/wp\/v2\/media?parent=105607"}],"wp:term":[{"taxonomy":"category","embeddable":true,"href":"https:\/\/grandepremio.com\/br\/wp-json\/wp\/v2\/categories?post=105607"},{"taxonomy":"post_tag","embeddable":true,"href":"https:\/\/grandepremio.com\/br\/wp-json\/wp\/v2\/tags?post=105607"},{"taxonomy":"42wp_author","embeddable":true,"href":"https:\/\/grandepremio.com\/br\/wp-json\/wp\/v2\/42wp_author?post=105607"}],"curies":[{"name":"wp","href":"https:\/\/api.w.org\/{rel}","templated":true}]}}