{"id":105641,"date":"2023-02-11T08:00:30","date_gmt":"2023-02-11T11:00:30","guid":{"rendered":"https:\/\/grandepremio.com\/br\/noticias\/haas-guarda-segredos-mas-mostra-vf-23-real-as-vesperas-shakedown\/"},"modified":"2023-02-11T08:07:42","modified_gmt":"2023-02-11T11:07:42","slug":"haas-guarda-segredos-mas-mostra-vf-23-real-as-vesperas-shakedown","status":"publish","type":"post","link":"https:\/\/grandepremio.com\/br\/f1\/haas-guarda-segredos-mas-mostra-vf-23-real-as-vesperas-shakedown\/","title":{"rendered":"Haas guarda segredos, mas mostra VF-23 real \u00e0s v\u00e9speras de shakedown"},"content":{"rendered":"\n<p class=\"wp-block-paragraph\">A <strong>Haas <\/strong>divulgou na manh\u00e3 deste s\u00e1bado (11) a primeira imagem do <strong>VF-23<\/strong> f\u00edsico. A equipe norte-americana tinha optado por um lan\u00e7amento virtual, mas mostrou uma nova imagem com os funcion\u00e1rios reunidos \u00e0s v\u00e9speras de um <strong>shakedown <\/strong>no circuito de <strong>Silverstone<\/strong>.<\/p>\n\n\n\n<p class=\"wp-block-paragraph\">Primeiro time a apresentar o layout da temporada 2023 da <strong>F\u00f3rmula 1<\/strong>, a Haas usou basicamente o carro de 2022 na apresenta\u00e7\u00e3o. Agora, por\u00e9m, mostra ao mundo o novo b\u00f3lido, mas ainda guardando segredos, j\u00e1 que posicionou <strong>Kevin Magnussen <\/strong>e <strong>Nico H\u00fclkenberg <\/strong>estrategicamente para esconder algumas \u00e1reas do modelo.<\/p>\n\n\n\n<figure class=\"wp-block-image size-large\"><img decoding=\"async\" src=\"https:\/\/www.grandepremio.com\/br\/wp-content\/uploads\/2023\/02\/F1-2023-Haas-2-1024x768.jpeg\" alt=\"\" class=\"wp-image-651082\"\/><figcaption>Nico H\u00fclkenberg, Guenther Steiner e Kevin Magnussen posam com o carro da Haas antes de shakedown (Foto: Haas)<\/figcaption><\/figure>\n\n\n\n<p class=\"wp-block-paragraph\"><strong>\u25b6\ufe0f\u00a0<a href=\"https:\/\/www.twitch.tv\/grandepremio\" target=\"_blank\" rel=\"noreferrer noopener\">Conhe\u00e7a o canal do GRANDE PR\u00caMIO na Twitch clicando aqui!<\/a><\/strong><\/p>\n\n\n\n<p class=\"wp-block-paragraph\">Na sexta-feira, a<strong> <a href=\"https:\/\/www.grandepremio.com\/br\/f1\/noticias\/alfa-romeo-faz-shakedown-dia-filmagens-c43-barcelona\/\" class=\"ek-link\">Alfa Romeo<\/a><\/strong><a href=\"https:\/\/www.grandepremio.com\/br\/f1\/noticias\/alfa-romeo-faz-shakedown-dia-filmagens-c43-barcelona\/\" class=\"ek-link\"> realizou um shakedown com o <strong>C43<\/strong> em <strong>Barcelona<\/strong><\/a>, enquanto a<strong> <a href=\"https:\/\/www.grandepremio.com\/br\/f1\/noticias\/red-bull-faz-shakedown-rb19-silverstone-mas-mantem-misterio\/\" class=\"ek-link\">Red Bull<\/a><\/strong><a href=\"https:\/\/www.grandepremio.com\/br\/f1\/noticias\/red-bull-faz-shakedown-rb19-silverstone-mas-mantem-misterio\/\" class=\"ek-link\"> usou o mesmo circuito de <strong>Silverstone<\/strong> para um dia de filmagens com o <strong>RB19<\/strong><\/a>.<\/p>\n\n\n\n<p class=\"wp-block-paragraph\">A pr\u00e9-temporada da F\u00f3rmula 1 se inicia entre os dias 23 e 25 de fevereiro, no circuito de <strong>Sakhir<\/strong>. A abertura da temporada est\u00e1 marcada para o dia 5 de mar\u00e7o, com o GP do <strong>Bahrein<\/strong>. A pr\u00f3xima apresenta\u00e7\u00e3o marcada \u00e9 a da Red Bull, no dia 3 de fevereiro.<\/p>\n\n\n\n<figure class=\"wp-block-embed is-type-video is-provider-youtube wp-block-embed-youtube wp-embed-aspect-16-9 wp-has-aspect-ratio\"><div class=\"wp-block-embed__wrapper\">\n<iframe loading=\"lazy\" title=\"\ud83d\ude35\u200d HONDA NA LISTA DA F1 2026: QUE P*RRA \u00c9 ESSA?\" width=\"500\" height=\"281\" src=\"https:\/\/www.youtube.com\/embed\/S4Fi4tUY2MY?feature=oembed\" frameborder=\"0\" allow=\"accelerometer; autoplay; clipboard-write; encrypted-media; gyroscope; picture-in-picture; web-share\" referrerpolicy=\"strict-origin-when-cross-origin\" allowfullscreen><\/iframe>\n<\/div><figcaption>Honda na lista da F1 2026: Que p*rra \u00e9 essa?<\/figcaption><\/figure>\n","protected":false},"excerpt":{"rendered":"<p>Depois de lan\u00e7ar o b\u00f3lido de 2023 por meio de imagens virtuais, a equipe norte-americana divulgou na manh\u00e3 deste s\u00e1bado (11) uma nova imagem, desta vez do carro f\u00edsico, \u00e0s v\u00e9speras de um shakedown em Silverstone. A Haas, por\u00e9m, posicionou os pilotos estrategicamente para guardar segredos do b\u00f3lido<\/p>\n","protected":false},"author":0,"featured_media":1000651084,"comment_status":"closed","ping_status":"closed","sticky":false,"template":"","format":"standard","meta":{"42wp_featured_image_caption":"","42wp_featured_image_credits":"","42wp_featured_video":"","42wp_featured_image_hidden":false,"42wp_authors_list":[],"footnotes":""},"categories":[2],"tags":[33466,147,6533,180,30722,33465,28285,119,117,1521,33467,372,3632],"42wp_author":[47113],"class_list":["post-105641","post","type-post","status-publish","format-standard","has-post-thumbnail","hentry","category-f1","tag-calendario-formula-1-2023","tag-f1","tag-f1-2023","tag-formula-1","tag-formula-1-2023","tag-formula-1-classificacao-2023","tag-grandepremio","tag-haas","tag-kevin-magnussen","tag-nico-hulkenberg","tag-onde-assistir-f1-2023","tag-shakedown","tag-silverstone","42wp_author-juliana-tesser"],"_links":{"self":[{"href":"https:\/\/grandepremio.com\/br\/wp-json\/wp\/v2\/posts\/105641","targetHints":{"allow":["GET"]}}],"collection":[{"href":"https:\/\/grandepremio.com\/br\/wp-json\/wp\/v2\/posts"}],"about":[{"href":"https:\/\/grandepremio.com\/br\/wp-json\/wp\/v2\/types\/post"}],"replies":[{"embeddable":true,"href":"https:\/\/grandepremio.com\/br\/wp-json\/wp\/v2\/comments?post=105641"}],"version-history":[{"count":0,"href":"https:\/\/grandepremio.com\/br\/wp-json\/wp\/v2\/posts\/105641\/revisions"}],"wp:featuredmedia":[{"embeddable":true,"href":"https:\/\/grandepremio.com\/br\/wp-json\/wp\/v2\/media\/1000651084"}],"wp:attachment":[{"href":"https:\/\/grandepremio.com\/br\/wp-json\/wp\/v2\/media?parent=105641"}],"wp:term":[{"taxonomy":"category","embeddable":true,"href":"https:\/\/grandepremio.com\/br\/wp-json\/wp\/v2\/categories?post=105641"},{"taxonomy":"post_tag","embeddable":true,"href":"https:\/\/grandepremio.com\/br\/wp-json\/wp\/v2\/tags?post=105641"},{"taxonomy":"42wp_author","embeddable":true,"href":"https:\/\/grandepremio.com\/br\/wp-json\/wp\/v2\/42wp_author?post=105641"}],"curies":[{"name":"wp","href":"https:\/\/api.w.org\/{rel}","templated":true}]}}