{"id":105650,"date":"2023-02-10T20:00:00","date_gmt":"2023-02-10T23:00:00","guid":{"rendered":"https:\/\/grandepremio.com\/br\/noticias\/sacha-fenestraz-grid-igualdade-antes-estreia-hyderabad-ninguem-tem-experiencia\/"},"modified":"2023-02-10T17:01:11","modified_gmt":"2023-02-10T20:01:11","slug":"sacha-fenestraz-grid-igualdade-antes-estreia-hyderabad-ninguem-tem-experiencia","status":"publish","type":"post","link":"https:\/\/grandepremio.com\/br\/formula-e\/sacha-fenestraz-grid-igualdade-antes-estreia-hyderabad-ninguem-tem-experiencia\/","title":{"rendered":"Fenestraz v\u00ea grid em igualdade antes de estreia em Hyderabad: &#8220;Ningu\u00e9m tem experi\u00eancia&#8221;"},"content":{"rendered":"\n<p class=\"wp-block-paragraph\">A F\u00f3rmula E se prepara para estrear em Hyderabad, na \u00cdndia. Esta novidade \u00e9 a primeira de tr\u00eas no calend\u00e1rio para a temporada 2022\/2023 e o franc\u00eas <strong>Sacha Fenestraz<\/strong>, que est\u00e1 em sua primeira temporada completa na categoria com a <strong>Nissan<\/strong>, v\u00ea que o cen\u00e1rio de novidade contribui para que ele esteja numa situa\u00e7\u00e3o de igualdade em rela\u00e7\u00e3o a outros pilotos j\u00e1 experientes.\u00a0<\/p>\n\n\n\n<p class=\"wp-block-paragraph\">\u201cA verdade \u00e9 que estou feliz por estar aqui, porque \u00e9 um circuito que ningu\u00e9m conhece e que de certa forma me ajuda, porque obviamente as duas primeiras corridas que fizemos na Cidade do M\u00e9xico e em Diriyah foram em circuitos que todo mundo conhecia e eu n\u00e3o. Ent\u00e3o agora \u00e9 como se tiv\u00e9ssemos come\u00e7ado do zero para todos\u201d, analisou.<\/p>\n\n\n\n<p class=\"wp-block-paragraph\">&#8220;Vamos ver amanh\u00e3 como estamos em compara\u00e7\u00e3o com o resto do grid, mas esse ano \u00e9 bom porque h\u00e1 muitos circuitos novos, tamb\u00e9m teremos S\u00e3o Paulo e Cidade do Cabo, ent\u00e3o ser\u00e1 interessante ver como estamos em compara\u00e7\u00e3o com o resto do grid porque obviamente ningu\u00e9m sabe, ningu\u00e9m tem essa experi\u00eancia. Mas vamos ver como vai ser\u201d, disse o piloto de 23 anos.<\/p>\n\n\n\n<p class=\"wp-block-paragraph\"><strong>\u25b6\ufe0f&nbsp;<a href=\"https:\/\/www.twitch.tv\/grandepremio\" target=\"_blank\" rel=\"noreferrer noopener\">Conhe\u00e7a o canal do GRANDE PR\u00caMIO na Twitch clicando aqui!<\/a><\/strong><\/p>\n\n\n\n<figure class=\"wp-block-image size-large\"><img decoding=\"async\" src=\"https:\/\/www.grandepremio.com\/br\/wp-content\/uploads\/2023\/01\/EPS902_110132_D9I8398-2048x2048-3-1024x683.jpg\" alt=\"\" class=\"wp-image-648750\"\/><figcaption>Fenestraz pontuou no eP de Diriyah 2. (Foto: F\u00f3rmula E)<\/figcaption><\/figure>\n\n\n\n<p class=\"wp-block-paragraph\"><strong>\u25b6\ufe0f&nbsp;Inscreva-se nos dois canais do GRANDE PR\u00caMIO no YouTube:&nbsp;<a href=\"https:\/\/www.youtube.com\/channel\/UC9OlHEgxoaY6QY6nWPoiqQg?sub_confirmation=1\" target=\"_blank\" rel=\"noreferrer noopener\">GP<\/a>&nbsp;|&nbsp;<a href=\"https:\/\/www.youtube.com\/channel\/UC9csiS6q_C3C0FYhyr1rnFA?sub_confirmation=1\" target=\"_blank\" rel=\"noreferrer noopener\">GP2<\/a><\/strong><\/p>\n\n\n\n<p class=\"wp-block-paragraph\">Al\u00e9m disso, ele demonstrou estar animado para a corrida, principalmente por estar embalado ap\u00f3s o oitavo lugar conquistado no <strong>eP de Diriyah 2<\/strong>, que rendeu quatro pontos para ele e a Nissan.<\/p>\n\n\n\n<p class=\"wp-block-paragraph\">\u201cA verdade \u00e9 que estou muito ansioso para este fim de semana e em Diriyah foi bom com oitavo lugar e os primeiros pontos para a equipe, o que \u00e9 importante. Na primeira corrida tivemos muitos problemas, cometi um erro, e esses pontos que ganhei em Diriyah deram uma boa motiva\u00e7\u00e3o. Obviamente queremos ganhar aqui, por isso estamos trabalhando muito, mas veremos o que pode ser feito\u201d, comentou o piloto franc\u00eas.<\/p>\n\n\n\n<p class=\"wp-block-paragraph\">Ainda sobre a expectativa para o primeiro eP de Hyderabad da hist\u00f3ria da F\u00f3rmula E, Fenestraz contou que o tempo no simulador o fez adquirir confian\u00e7a. \u201cEstou muito animado ap\u00f3s o simulador. Tivemos dois dias e meio com meu companheiro de equipe, nos sentimos relativamente \u00e0 vontade ao pilotar e vamos ver o que vai acontecer amanh\u00e3 na pista\u201d, disse.&nbsp;<\/p>\n\n\n\n<p class=\"wp-block-paragraph\">Ap\u00f3s o <strong>TL1<\/strong> liderado por Buemi, o fim de semana da <a href=\"https:\/\/www.grandepremio.com\/br\/formula-e\/\">F\u00f3rmula E<\/a> em Hyderabad continua nesta sexta com o <strong>TL2<\/strong>, a partir das <strong>23h30<\/strong> (hor\u00e1rio de Bras\u00edlia). J\u00e1 a classifica\u00e7\u00e3o come\u00e7a \u00e0s <strong>2h<\/strong> de s\u00e1bado, e a corrida come\u00e7a logo na manh\u00e3 do s\u00e1bado, \u00e0s <strong>6h30<\/strong>. Voc\u00ea acompanha a cobertura completa no <strong>GRANDE<\/strong> <strong>PR\u00caMIO<\/strong>.<\/p>\n","protected":false},"excerpt":{"rendered":"<p>O franc\u00eas Sacha Fenestraz, que est\u00e1 em suas primeiras corridas na F\u00f3rmula E, v\u00ea o novo eP de Hyderabad como oportunidade de colocar o grid em uma posi\u00e7\u00e3o de igualdade ainda maior. Al\u00e9m disso, mostra estar animado ap\u00f3s pontos em Diriyah<\/p>\n","protected":false},"author":0,"featured_media":1000648751,"comment_status":"closed","ping_status":"closed","sticky":false,"template":"","format":"standard","meta":{"42wp_featured_image_caption":"","42wp_featured_image_credits":"","42wp_featured_video":"","42wp_featured_image_hidden":false,"42wp_authors_list":[],"footnotes":""},"categories":[19],"tags":[33215,840,31435,11465,894,7539],"42wp_author":[47150],"class_list":["post-105650","post","type-post","status-publish","format-standard","has-post-thumbnail","hentry","category-formula-e","tag-ep-de-hyderabad","tag-formula-e","tag-formula-e-2023","tag-india","tag-nissan","tag-sacha-fenestraz","42wp_author-carol-sales"],"_links":{"self":[{"href":"https:\/\/grandepremio.com\/br\/wp-json\/wp\/v2\/posts\/105650","targetHints":{"allow":["GET"]}}],"collection":[{"href":"https:\/\/grandepremio.com\/br\/wp-json\/wp\/v2\/posts"}],"about":[{"href":"https:\/\/grandepremio.com\/br\/wp-json\/wp\/v2\/types\/post"}],"replies":[{"embeddable":true,"href":"https:\/\/grandepremio.com\/br\/wp-json\/wp\/v2\/comments?post=105650"}],"version-history":[{"count":0,"href":"https:\/\/grandepremio.com\/br\/wp-json\/wp\/v2\/posts\/105650\/revisions"}],"wp:featuredmedia":[{"embeddable":true,"href":"https:\/\/grandepremio.com\/br\/wp-json\/wp\/v2\/media\/1000648751"}],"wp:attachment":[{"href":"https:\/\/grandepremio.com\/br\/wp-json\/wp\/v2\/media?parent=105650"}],"wp:term":[{"taxonomy":"category","embeddable":true,"href":"https:\/\/grandepremio.com\/br\/wp-json\/wp\/v2\/categories?post=105650"},{"taxonomy":"post_tag","embeddable":true,"href":"https:\/\/grandepremio.com\/br\/wp-json\/wp\/v2\/tags?post=105650"},{"taxonomy":"42wp_author","embeddable":true,"href":"https:\/\/grandepremio.com\/br\/wp-json\/wp\/v2\/42wp_author?post=105650"}],"curies":[{"name":"wp","href":"https:\/\/api.w.org\/{rel}","templated":true}]}}