{"id":105653,"date":"2023-02-10T15:13:12","date_gmt":"2023-02-10T18:13:12","guid":{"rendered":"https:\/\/grandepremio.com\/br\/noticias\/red-bull-faz-shakedown-rb19-silverstone-mas-mantem-misterio\/"},"modified":"2023-02-11T15:38:31","modified_gmt":"2023-02-11T18:38:31","slug":"red-bull-faz-shakedown-rb19-silverstone-mas-mantem-misterio","status":"publish","type":"post","link":"https:\/\/grandepremio.com\/br\/f1\/red-bull-faz-shakedown-rb19-silverstone-mas-mantem-misterio\/","title":{"rendered":"Red Bull faz shakedown com RB19 em Silverstone, mas mant\u00e9m mist\u00e9rio"},"content":{"rendered":"\n<p class=\"wp-block-paragraph\">Al\u00e9m da <strong>Alfa Romeo<\/strong>, a campe\u00e3 mundial<strong> Red Bull <\/strong>tamb\u00e9m <a href=\"https:\/\/www.grandepremio.com\/br\/f1\/noticias\/red-bull-lanca-rb19-cores-tradicionais-confirma-parceria-ford-formula-1-2026\/\" class=\"ek-link\">colocou o novo carro<\/a> na pista nesta sexta-feira (10). Nas redes sociais, o time revelou que fez um shakedown com o <strong>RB19<\/strong> no Circuito de Silverstone, na Inglaterra, mas de portas fechadas e sem registros, indicando que o p\u00fablico s\u00f3 ver\u00e1 a nova m\u00e1quina durante a pr\u00e9-temporada.<\/p>\n\n\n\n<p class=\"wp-block-paragraph\">A atual campe\u00e3 mundial de Pilotos e Construtores apresentou o carro na \u00faltima semana, em evento realizado em Nova York. Por\u00e9m, mostrou apenas a pintura que ser\u00e1 utilizada em um b\u00f3lido de exibi\u00e7\u00e3o, sem mostrar as novidades de design que a Red Bull pretende trazer para a disputa de t\u00edtulo.<\/p>\n\n\n\n<p class=\"wp-block-paragraph\">Para 2023, a Red Bull mant\u00e9m a dupla de titulares formada pelo atual bicampe\u00e3o do mundo <strong>Max Verstappen<\/strong> e o mexicano\u00a0<a href=\"https:\/\/www.grandepremio.com\/br\/piloto\/sergio-prez\/\" target=\"_blank\" rel=\"noreferrer noopener\">Sergio P\u00e9rez<\/a>. Ser\u00e1 o terceiro ano dos dois juntos. Os reservas ser\u00e3o\u00a0<strong><a href=\"https:\/\/www.grandepremio.com\/br\/piloto\/daniel-ricciardo\/\" target=\"_blank\" rel=\"noreferrer noopener\">Daniel Ricciardo<\/a><\/strong>, que retorna ao time ap\u00f3s cinco anos, e os jovens\u00a0<strong>Liam Lawson<\/strong>\u00a0e<strong>\u00a0Zane Maloney<\/strong>.<\/p>\n\n\n\n<p class=\"wp-block-paragraph\"><strong>\u25b6\ufe0f\u00a0Inscreva-se nos dois canais do GRANDE PR\u00caMIO no YouTube:\u00a0<a href=\"https:\/\/www.youtube.com\/channel\/UC9OlHEgxoaY6QY6nWPoiqQg?sub_confirmation=1\" target=\"_blank\" rel=\"noreferrer noopener\">GP<\/a>\u00a0|\u00a0<a href=\"https:\/\/www.youtube.com\/channel\/UC9csiS6q_C3C0FYhyr1rnFA?sub_confirmation=1\" target=\"_blank\" rel=\"noreferrer noopener\">GP2<\/a><\/strong><br><strong>\u25b6\ufe0f\u00a0<a href=\"https:\/\/www.twitch.tv\/grandepremio\" target=\"_blank\" rel=\"noreferrer noopener\">Conhe\u00e7a o canal do GRANDE PR\u00caMIO na Twitch clicando aqui!<\/a><\/strong><\/p>\n\n\n\n<figure class=\"wp-block-video\"><video class=\"video-js vjs-big-play-centered\" data-gp-vjs=\"1\" controls src=\"https:\/\/www.grandepremio.com\/br\/wp-content\/uploads\/2023\/02\/2022_02_10_Red-Bull.mp4\"><\/video><\/figure>\n\n\n\n<p class=\"wp-block-paragraph\">Adrian Newey segue como diretor-t\u00e9cnico principal e comandou o projeto do carro, em time com suporte de<strong>\u00a0Craig Skinner<\/strong>, designer-chefe, e o diretor-t\u00e9cnico\u00a0<strong>Pierre Wache<\/strong>. Horner \u00e9 o chefe da equipe, com\u00a0<strong>Helmut Marko<\/strong>\u00a0como consultor.<\/p>\n\n\n\n<p class=\"wp-block-paragraph\">A grande novidade da Red Bull at\u00e9 aqui, no entanto, foi a confirma\u00e7\u00e3o da parceria com a Ford,\u00a0<a href=\"https:\/\/www.grandepremio.com\/br\/f1\/noticias\/ford-confirma-volta-formula-1-temporada-2026-apos-ausencia-mais-20-anos\/\">que j\u00e1 havia anunciado seu retorno \u00e0 F1 em 2026<\/a>. A montadora americana fechou acordo com a marca dos energ\u00e9ticos e vai fornecer motores \u00e0 equipe a partir de 2026.<\/p>\n\n\n\n<p class=\"wp-block-paragraph\">A pr\u00e9-temporada da\u00a0<a href=\"https:\/\/www.grandepremio.com\/formula-1\/\" target=\"_blank\" rel=\"noreferrer noopener\">F\u00f3rmula 1<\/a>\u00a0acontece entre os dias 23 e 25 de fevereiro, no Bahrein, que tamb\u00e9m ser\u00e1 a sede da abertura do Mundial, no dia 5 de mar\u00e7o.<\/p>\n","protected":false},"excerpt":{"rendered":"<p>Red Bull seguiu Alfa Romeo e fez shakedown com novo carro, mas fez mist\u00e9rio e voltou a n\u00e3o mostrar imagens do RB19, que s\u00f3 deve ser visto por todos na pr\u00e9-temporada<\/p>\n","protected":false},"author":0,"featured_media":1000649403,"comment_status":"closed","ping_status":"closed","sticky":false,"template":"","format":"standard","meta":{"42wp_featured_image_caption":"","42wp_featured_image_credits":"","42wp_featured_video":"","42wp_featured_image_hidden":false,"42wp_authors_list":[],"footnotes":""},"categories":[2],"tags":[147,6533,180,30722,1491,28285,203,33169,204,3132,372,3632],"42wp_author":[47119],"class_list":["post-105653","post","type-post","status-publish","format-standard","has-post-thumbnail","hentry","category-f1","tag-f1","tag-f1-2023","tag-formula-1","tag-formula-1-2023","tag-grande-premio","tag-grandepremio","tag-max-verstappen","tag-rb19","tag-red-bull","tag-sergio-perez","tag-shakedown","tag-silverstone","42wp_author-gabriel-carvalho"],"_links":{"self":[{"href":"https:\/\/grandepremio.com\/br\/wp-json\/wp\/v2\/posts\/105653","targetHints":{"allow":["GET"]}}],"collection":[{"href":"https:\/\/grandepremio.com\/br\/wp-json\/wp\/v2\/posts"}],"about":[{"href":"https:\/\/grandepremio.com\/br\/wp-json\/wp\/v2\/types\/post"}],"replies":[{"embeddable":true,"href":"https:\/\/grandepremio.com\/br\/wp-json\/wp\/v2\/comments?post=105653"}],"version-history":[{"count":0,"href":"https:\/\/grandepremio.com\/br\/wp-json\/wp\/v2\/posts\/105653\/revisions"}],"wp:featuredmedia":[{"embeddable":true,"href":"https:\/\/grandepremio.com\/br\/wp-json\/wp\/v2\/media\/1000649403"}],"wp:attachment":[{"href":"https:\/\/grandepremio.com\/br\/wp-json\/wp\/v2\/media?parent=105653"}],"wp:term":[{"taxonomy":"category","embeddable":true,"href":"https:\/\/grandepremio.com\/br\/wp-json\/wp\/v2\/categories?post=105653"},{"taxonomy":"post_tag","embeddable":true,"href":"https:\/\/grandepremio.com\/br\/wp-json\/wp\/v2\/tags?post=105653"},{"taxonomy":"42wp_author","embeddable":true,"href":"https:\/\/grandepremio.com\/br\/wp-json\/wp\/v2\/42wp_author?post=105653"}],"curies":[{"name":"wp","href":"https:\/\/api.w.org\/{rel}","templated":true}]}}