{"id":105711,"date":"2023-02-07T10:09:40","date_gmt":"2023-02-07T13:09:40","guid":{"rendered":"https:\/\/grandepremio.com\/br\/noticias\/kyle-busch-prisao-aeroporto-mexico-porte-arma-de-fogo\/"},"modified":"2023-02-07T12:10:06","modified_gmt":"2023-02-07T15:10:06","slug":"kyle-busch-prisao-aeroporto-mexico-porte-arma-de-fogo","status":"publish","type":"post","link":"https:\/\/grandepremio.com\/br\/nascar\/kyle-busch-prisao-aeroporto-mexico-porte-arma-de-fogo\/","title":{"rendered":"Kyle Busch admite pris\u00e3o em aeroporto no M\u00e9xico por porte de arma de fogo"},"content":{"rendered":"\n<figure class=\"wp-block-embed is-type-video is-provider-youtube wp-block-embed-youtube wp-embed-aspect-16-9 wp-has-aspect-ratio\"><div class=\"wp-block-embed__wrapper\">\n<iframe loading=\"lazy\" title=\"&quot;SHAKEDOWN D\u00c1 APERITIVO DE INFLU\u00caNCIA MAIOR DA F1 NA MOTOGP&quot; | GP \u00e0s 10\" width=\"500\" height=\"281\" src=\"https:\/\/www.youtube.com\/embed\/cRvktR-YqcE?feature=oembed\" frameborder=\"0\" allow=\"accelerometer; autoplay; clipboard-write; encrypted-media; gyroscope; picture-in-picture; web-share\" referrerpolicy=\"strict-origin-when-cross-origin\" allowfullscreen><\/iframe>\n<\/div><\/figure>\n\n\n\n<p class=\"wp-block-paragraph\">Piloto da <strong>Nascar<\/strong>, <strong>Kyle<\/strong> <strong>Busch<\/strong> se manifestou oficialmente nesta ter\u00e7a-feira (7) sobre uma deten\u00e7\u00e3o por estar portando uma arma de fogo durante f\u00e9rias em Canc\u00fan, no M\u00e9xico, e confirmou que foi conduzido pelas autoridades locais ap\u00f3s ser flagrado com o objeto e &#8220;aceitar as puni\u00e7\u00f5es&#8221;. O americano, que j\u00e1 est\u00e1 de volta aos Estados Unidos e possui permiss\u00e3o de porte, admitiu que &#8220;n\u00e3o conhecia a lei mexicana&#8221; antes de viajar ao pa\u00eds.<\/p>\n\n\n\n<p class=\"wp-block-paragraph\">&#8220;No fim de janeiro, Samantha e eu aproveitamos alguns dias de f\u00e9rias no M\u00e9xico. Quando estava saindo do pa\u00eds, minha arma de fogo foi flagrada durante uma revista de rotina no aeroporto&#8221;, disse Busch. &#8220;Eu tenho uma autoriza\u00e7\u00e3o de porte oculto v\u00e1lida pelas minhas autoridades locais e sigo todas as regras sobre armas, mas cometi um erro ao esquecer que estava em minha mochila&#8221;, admitiu.<\/p>\n\n\n\n<p class=\"wp-block-paragraph\">&#8220;O descobrimento da arma levou \u00e0 minha deten\u00e7\u00e3o enquanto a situa\u00e7\u00e3o era resolvida&#8221;, revelou. &#8220;Eu n\u00e3o estava ciente das leis mexicanas e n\u00e3o tinha a inten\u00e7\u00e3o de levar uma arma ao M\u00e9xico. Quando foi descoberta, eu cooperei totalmente com as autoridades, aceitei as puni\u00e7\u00f5es e retornei \u00e0 Carolina do Norte&#8221;, destacou.<\/p>\n\n\n\n<p class=\"wp-block-paragraph\"><strong>\u25b6\ufe0f&nbsp;<a href=\"https:\/\/www.twitch.tv\/grandepremio\" target=\"_blank\" rel=\"noreferrer noopener\">Conhe\u00e7a o canal do GRANDE PR\u00caMIO na Twitch clicando aqui!<\/a><\/strong><\/p>\n\n\n\n<figure class=\"wp-block-image size-large\"><img decoding=\"async\" src=\"https:\/\/www.grandepremio.com\/br\/wp-content\/uploads\/2021\/05\/NascarKansasKyleBusch-1024x683.jpg\" alt=\"KYLE BUSCH; NASCAR; KANSAS;\" class=\"wp-image-470596\"\/><figcaption>Condenado \u00e0 pris\u00e3o, Busch j\u00e1 est\u00e1 de volta aos Estados Unidos (Foto: Nascar)<\/figcaption><\/figure>\n\n\n\n<p class=\"wp-block-paragraph\"><strong>\u25b6\ufe0f&nbsp;Inscreva-se nos dois canais do GRANDE PR\u00caMIO no YouTube:&nbsp;<a href=\"https:\/\/www.youtube.com\/channel\/UC9OlHEgxoaY6QY6nWPoiqQg?sub_confirmation=1\" target=\"_blank\" rel=\"noreferrer noopener\">GP<\/a>&nbsp;|&nbsp;<a href=\"https:\/\/www.youtube.com\/channel\/UC9csiS6q_C3C0FYhyr1rnFA?sub_confirmation=1\" target=\"_blank\" rel=\"noreferrer noopener\">GP2<\/a><\/strong><\/p>\n\n\n\n<p class=\"wp-block-paragraph\">As primeiras informa\u00e7\u00f5es das autoridades locais eram de que um homem, identificado como &#8220;Kyle Thomas B&#8221;, teria sido preso no dia 27 de janeiro ap\u00f3s uma arma de fogo ser encontrada em sua posse contendo balas de ponta-oca.<\/p>\n\n\n\n<p class=\"wp-block-paragraph\">&#8220;Pe\u00e7o desculpas por meu erro e aprecio o respeito demonstrado por todas as partes enquanto resolv\u00edamos o assunto&#8221;, prosseguiu Kyle. &#8220;Minha fam\u00edlia e eu consideramos esse assunto resolvido&#8221;, finalizou o piloto da Nascar.<\/p>\n\n\n\n<p class=\"wp-block-paragraph\">Apesar de considerar o assunto &#8220;resolvido&#8221;, Kyle ainda ter\u00e1 de prestar contas \u00e0 justi\u00e7a mexicana \u2014 ao menos, em teoria. Segundo os oficiais locais, o americano foi sentenciado a 3 anos e meio de pris\u00e3o, al\u00e9m de uma multa a pagar no valor de <strong>US$ 1.100<\/strong> [em torno de R$ 5,6 mil]. Como o piloto j\u00e1 est\u00e1 de volta aos EUA, ainda n\u00e3o est\u00e1 claro como ser\u00e1 o cumprimento da pena.<\/p>\n\n\n\n<p class=\"wp-block-paragraph\">\u00c0 parte da pol\u00eamica, Busch se prepara para um novo desafio na Nascar em 2023. O piloto natural de Las Vegas encerrou seu compromisso com a <strong>Joe<\/strong> <strong>Gibbs<\/strong> ao fim do \u00faltimo ano e vai iniciar uma nova etapa na <strong>Richard<\/strong> <strong>Childress<\/strong> a partir desta temporada, que tem in\u00edcio marcado para o dia 19 de fevereiro, com as <strong>500 Milhas de Daytona<\/strong>.<\/p>\n","protected":false},"excerpt":{"rendered":"<p>De equipe nova na Nascar em 2023, Kyle Busch teve um fim de f\u00e9rias movimentado e acabou detido no M\u00e9xico ap\u00f3s ser flagrado com uma arma. Piloto explicou situa\u00e7\u00e3o ao retornar aos EUA<\/p>\n","protected":false},"author":0,"featured_media":1000615774,"comment_status":"closed","ping_status":"closed","sticky":false,"template":"","format":"standard","meta":{"42wp_featured_image_caption":"","42wp_featured_image_credits":"","42wp_featured_video":"","42wp_featured_image_hidden":false,"42wp_authors_list":[],"footnotes":""},"categories":[14],"tags":[3217,5219,1253,17551,411,32021],"42wp_author":[47142],"class_list":["post-105711","post","type-post","status-publish","format-standard","has-post-thumbnail","hentry","category-nascar","tag-ferias","tag-joe-gibbs","tag-kyle-busch","tag-mexico","tag-nascar","tag-nascar-2023","42wp_author-jp-nascimento"],"_links":{"self":[{"href":"https:\/\/grandepremio.com\/br\/wp-json\/wp\/v2\/posts\/105711","targetHints":{"allow":["GET"]}}],"collection":[{"href":"https:\/\/grandepremio.com\/br\/wp-json\/wp\/v2\/posts"}],"about":[{"href":"https:\/\/grandepremio.com\/br\/wp-json\/wp\/v2\/types\/post"}],"replies":[{"embeddable":true,"href":"https:\/\/grandepremio.com\/br\/wp-json\/wp\/v2\/comments?post=105711"}],"version-history":[{"count":0,"href":"https:\/\/grandepremio.com\/br\/wp-json\/wp\/v2\/posts\/105711\/revisions"}],"wp:featuredmedia":[{"embeddable":true,"href":"https:\/\/grandepremio.com\/br\/wp-json\/wp\/v2\/media\/1000615774"}],"wp:attachment":[{"href":"https:\/\/grandepremio.com\/br\/wp-json\/wp\/v2\/media?parent=105711"}],"wp:term":[{"taxonomy":"category","embeddable":true,"href":"https:\/\/grandepremio.com\/br\/wp-json\/wp\/v2\/categories?post=105711"},{"taxonomy":"post_tag","embeddable":true,"href":"https:\/\/grandepremio.com\/br\/wp-json\/wp\/v2\/tags?post=105711"},{"taxonomy":"42wp_author","embeddable":true,"href":"https:\/\/grandepremio.com\/br\/wp-json\/wp\/v2\/42wp_author?post=105711"}],"curies":[{"name":"wp","href":"https:\/\/api.w.org\/{rel}","templated":true}]}}