{"id":105720,"date":"2023-02-07T04:15:00","date_gmt":"2023-02-07T07:15:00","guid":{"rendered":"https:\/\/grandepremio.com\/br\/noticias\/diretor-diz-williams-superou-caos-controlado-desenvolvimento-fw45\/"},"modified":"2023-02-06T15:56:44","modified_gmt":"2023-02-06T18:56:44","slug":"diretor-diz-williams-superou-caos-controlado-desenvolvimento-fw45","status":"publish","type":"post","link":"https:\/\/grandepremio.com\/br\/f1\/diretor-diz-williams-superou-caos-controlado-desenvolvimento-fw45\/","title":{"rendered":"Diretor diz que Williams superou &#8220;caos controlado&#8221; no desenvolvimento do FW45"},"content":{"rendered":"\n<p class=\"wp-block-paragraph\">A <strong>Williams<\/strong> <a href=\"https:\/\/www.grandepremio.com\/br\/f1\/noticias\/williams-mantem-cores-revela-carro-temporada-2023-formula-1\/\" class=\"ek-link\">revelou ao mundo o<\/a> <strong>FW45,<\/strong> carro da temporada 2023 da <strong>F\u00f3rmula 1<\/strong>, nesta segunda-feira (6). O time de Grove, que tenta sair do fundo do grid do Mundial, traz novidades, como a chegada do piloto americano <strong>Logan Sargeant<\/strong> e do novo chefe de equipe<strong> James Vowles<\/strong>, al\u00e9m das sa\u00eddas de <strong>Jost Capito e FX Demaison<\/strong> do corpo t\u00e9cnico.<\/p>\n\n\n\n<p class=\"wp-block-paragraph\"><strong>Sven Smeets<\/strong>, diretor-esportivo da Williams, rotulou o per\u00edodo de &#8220;caos controlado&#8221;. A Williams somou apenas 8 pontos na temporada 2022. O anglo-tailand\u00eas <strong>Alexander Albon<\/strong> foi mantido, mas <strong>Nicholas Latifi <\/strong>acabou dispensado. Apesar de contratado como chefe de equipe, Vowles s\u00f3 pode iniciar a presta\u00e7\u00e3o de servi\u00e7os a partir do dia 20 de fevereiro. <\/p>\n\n\n\n<p class=\"wp-block-paragraph\">&#8220;\u00c9 um caos controlado, eu diria. \u00c9 claro, temos na pr\u00f3xima semana um dia de filmagens onde vamos rodar, e mais um no Bahrein antes do teste, onde o carro vai realmente andar, e como Dave [Robson, chefe de performance] mencionou, fizemos coisas diferentes nos componentes, no motor e tudo mais&#8221;, declarou em entrevista ao site da F\u00f3rmula 1. <\/p>\n\n\n\n<figure class=\"wp-block-image size-large\"><img decoding=\"async\" src=\"https:\/\/www.grandepremio.com\/br\/wp-content\/uploads\/2023\/02\/Snapinsta.app_1080_329383761_220944863703444_1321662189064938273_n-1024x683.jpg\" alt=\"\" class=\"wp-image-649927\"\/><figcaption>FW45: vem a recupera\u00e7\u00e3o da Williams? (Foto: Williams)<\/figcaption><\/figure>\n\n\n\n<p class=\"wp-block-paragraph\">Smeets lamentou a diminui\u00e7\u00e3o da pr\u00e9-temporada da F\u00f3rmula 1. Em 2022, foram dois per\u00edodos de testes em decorr\u00eancia do novo regulamento, por\u00e9m, em 2023, ser\u00e3o apenas 3 dias, em Sakhir. Sven espera que a Williams tenha todas as pe\u00e7as novas em pista no per\u00edodo. <\/p>\n\n\n\n<p class=\"wp-block-paragraph\">&#8220;Penso que tudo estar\u00e1 bem preparado para o Bahrein. \u00c9 meu segundo carro que construo, ent\u00e3o olho de forma completamente diferente para o ano passado, quando cheguei algumas semanas antes. Mas, est\u00e3o todos ocupados, todo mundo est\u00e1 exausto. Queremos ter as partes j\u00e1 no Bahrein, e parecia mais f\u00e1cil no ano passado com testes em Barcelona e depois no Bahrein&#8221;, completou.<\/p>\n\n\n\n<p class=\"wp-block-paragraph\">A Williams ficou disparada na lanterna no Mundial de Construtores da\u00a0<a href=\"https:\/\/www.grandepremio.com\/br\/f1\/calendario\" target=\"_blank\" rel=\"noreferrer noopener\">F1 2022<\/a>, com apenas 8 pontos anotados, 27 a menos que a AlphaTauri, nona colocada. A temporada 2023 tem in\u00edcio no dia 5 de mar\u00e7o, em Sakhir, no Bahrein.<\/p>\n\n\n\n<p class=\"wp-block-paragraph\"><strong>\u25b6\ufe0f&nbsp;Inscreva-se nos dois canais do GRANDE PR\u00caMIO no YouTube:&nbsp;<a href=\"https:\/\/www.youtube.com\/channel\/UC9OlHEgxoaY6QY6nWPoiqQg?sub_confirmation=1\" target=\"_blank\" rel=\"noreferrer noopener\">GP<\/a>&nbsp;|&nbsp;<a href=\"https:\/\/www.youtube.com\/channel\/UC9csiS6q_C3C0FYhyr1rnFA?sub_confirmation=1\" target=\"_blank\" rel=\"noreferrer noopener\">GP2<\/a><\/strong><br><strong>\u25b6\ufe0f&nbsp;<a href=\"https:\/\/www.twitch.tv\/grandepremio\" target=\"_blank\" rel=\"noreferrer noopener\">Conhe\u00e7a o canal do GRANDE PR\u00caMIO na Twitch clicando aqui!<\/a><\/strong><\/p>\n","protected":false},"excerpt":{"rendered":"<p>Sven Smeets falou sobre caos controlado pela Williams no desenvolvimento do FW45 e antes da chegada do novo chefe de equipe James Vowles<\/p>\n","protected":false},"author":0,"featured_media":1000649896,"comment_status":"closed","ping_status":"closed","sticky":false,"template":"","format":"standard","meta":{"42wp_featured_image_caption":"","42wp_featured_image_credits":"","42wp_featured_video":"","42wp_featured_image_hidden":false,"42wp_authors_list":[],"footnotes":""},"categories":[2],"tags":[654,147,6533,180,30722,1491,28285,215],"42wp_author":[47119],"class_list":["post-105720","post","type-post","status-publish","format-standard","has-post-thumbnail","hentry","category-f1","tag-alexander-albon","tag-f1","tag-f1-2023","tag-formula-1","tag-formula-1-2023","tag-grande-premio","tag-grandepremio","tag-williams","42wp_author-gabriel-carvalho"],"_links":{"self":[{"href":"https:\/\/grandepremio.com\/br\/wp-json\/wp\/v2\/posts\/105720","targetHints":{"allow":["GET"]}}],"collection":[{"href":"https:\/\/grandepremio.com\/br\/wp-json\/wp\/v2\/posts"}],"about":[{"href":"https:\/\/grandepremio.com\/br\/wp-json\/wp\/v2\/types\/post"}],"replies":[{"embeddable":true,"href":"https:\/\/grandepremio.com\/br\/wp-json\/wp\/v2\/comments?post=105720"}],"version-history":[{"count":0,"href":"https:\/\/grandepremio.com\/br\/wp-json\/wp\/v2\/posts\/105720\/revisions"}],"wp:featuredmedia":[{"embeddable":true,"href":"https:\/\/grandepremio.com\/br\/wp-json\/wp\/v2\/media\/1000649896"}],"wp:attachment":[{"href":"https:\/\/grandepremio.com\/br\/wp-json\/wp\/v2\/media?parent=105720"}],"wp:term":[{"taxonomy":"category","embeddable":true,"href":"https:\/\/grandepremio.com\/br\/wp-json\/wp\/v2\/categories?post=105720"},{"taxonomy":"post_tag","embeddable":true,"href":"https:\/\/grandepremio.com\/br\/wp-json\/wp\/v2\/tags?post=105720"},{"taxonomy":"42wp_author","embeddable":true,"href":"https:\/\/grandepremio.com\/br\/wp-json\/wp\/v2\/42wp_author?post=105720"}],"curies":[{"name":"wp","href":"https:\/\/api.w.org\/{rel}","templated":true}]}}