{"id":105789,"date":"2023-02-03T04:00:00","date_gmt":"2023-02-03T07:00:00","guid":{"rendered":"https:\/\/grandepremio.com\/br\/noticias\/grande-premio-react-lancamento-rb19-carro-campea-red-bull-formula-1-2023\/"},"modified":"2023-02-03T09:01:50","modified_gmt":"2023-02-03T12:01:50","slug":"grande-premio-react-lancamento-rb19-carro-campea-red-bull-formula-1-2023","status":"publish","type":"post","link":"https:\/\/grandepremio.com\/br\/f1\/grande-premio-react-lancamento-rb19-carro-campea-red-bull-formula-1-2023\/","title":{"rendered":"GRANDE PR\u00caMIO faz react do lan\u00e7amento do RB19, carro da campe\u00e3 Red Bull para F1 2023"},"content":{"rendered":"\n<figure class=\"wp-block-embed is-type-video is-provider-youtube wp-block-embed-youtube wp-embed-aspect-16-9 wp-has-aspect-ratio\"><div class=\"wp-block-embed__wrapper\">\n<iframe loading=\"lazy\" title=\"RED BULL APRESENTA O RB19, CARRO PARA A F1 2023. FORD DE VOLTA! | React\" width=\"500\" height=\"281\" src=\"https:\/\/www.youtube.com\/embed\/6J0tYrfb9OA?feature=oembed\" frameborder=\"0\" allow=\"accelerometer; autoplay; clipboard-write; encrypted-media; gyroscope; picture-in-picture; web-share\" referrerpolicy=\"strict-origin-when-cross-origin\" allowfullscreen><\/iframe>\n<\/div><\/figure>\n\n\n\n<p class=\"wp-block-paragraph\">Chegou o dia de ver o carro que a atual campe\u00e3 <strong>Red Bull<\/strong> preparou para a temporada 2023 da&nbsp;<strong>F\u00f3rmula 1<\/strong>, que se inicia em 5 de mar\u00e7o, com o&nbsp;<strong>GP do Bahrein<\/strong>. A&nbsp;equipe taurina&nbsp;<a href=\"https:\/\/www.grandepremio.com\/br\/f1\/noticias\/red-bull-anuncia-data-lancamento-rb19-marca-apresentacao-nova-york\/\" class=\"ek-link\">ser\u00e1 a segunda a divulgar detalhes de seu respectivo b\u00f3lido<\/a>, nesta sexta-feira (3), com cobertura completa do&nbsp;<strong>GRANDE PR\u00caMIO<\/strong>.<\/p>\n\n\n\n<p class=\"wp-block-paragraph\"><strong>\u25b6\ufe0f&nbsp;Inscreva-se nos dois canais do GRANDE PR\u00caMIO no YouTube:&nbsp;<a href=\"https:\/\/www.youtube.com\/channel\/UC9OlHEgxoaY6QY6nWPoiqQg?sub_confirmation=1\" target=\"_blank\" rel=\"noreferrer noopener\">GP<\/a>&nbsp;|&nbsp;<a href=\"https:\/\/www.youtube.com\/channel\/UC9csiS6q_C3C0FYhyr1rnFA?sub_confirmation=1\" target=\"_blank\" rel=\"noreferrer noopener\">GP2<\/a><\/strong><br><strong>\u25b6\ufe0f&nbsp;<a href=\"https:\/\/www.twitch.tv\/grandepremio\" target=\"_blank\" rel=\"noreferrer noopener\">Conhe\u00e7a o canal do GRANDE PR\u00caMIO na Twitch clicando aqui!<\/a><\/strong><\/p>\n\n\n\n<p class=\"wp-block-paragraph\"><strong>Felipe Leite<\/strong>,&nbsp;<strong>Rodrigo Berton&nbsp;<\/strong>e&nbsp;<strong>Gabriel Curty&nbsp;<\/strong>comandam a segunda&nbsp;<strong>react&nbsp;<\/strong>do canal em 2023, acompanhando cada detalhe sobre o lan\u00e7amento da equipe dos energ\u00e9ticos nas mais diversas m\u00eddias sociais do&nbsp;<strong>GRANDE PR\u00caMIO<\/strong>:&nbsp;<a href=\"https:\/\/www.youtube.com\/channel\/UC9OlHEgxoaY6QY6nWPoiqQg\" target=\"_blank\" rel=\"noreferrer noopener\">YouTube<\/a>,&nbsp;<a href=\"https:\/\/www.facebook.com\/grandepremio\/?locale=pt_BR\" target=\"_blank\" rel=\"noreferrer noopener\">Facebook<\/a>,&nbsp;<a href=\"https:\/\/twitter.com\/grandepremio\" target=\"_blank\" rel=\"noreferrer noopener\">Twitter<\/a>&nbsp;e&nbsp;<a href=\"https:\/\/www.dailymotion.com\/GrandePremio\" target=\"_blank\" rel=\"noreferrer noopener\">DailyMotion<\/a>.<\/p>\n\n\n\n<p class=\"wp-block-paragraph\">O in\u00edcio da&nbsp;<a href=\"https:\/\/formula1aovivo.com\/\" target=\"_blank\" rel=\"noreferrer noopener\" class=\"ek-link\">transmiss\u00e3o<\/a>&nbsp;est\u00e1 marcado para&nbsp;<strong>10h45&nbsp;<\/strong>(hor\u00e1rio de Bras\u00edlia), enquanto o lan\u00e7amento est\u00e1 previsto para&nbsp;<strong>11h<\/strong>. O evento da Red Bull ir\u00e1 acontecer na cidade de Nova York, nos Estados Unidos.<\/p>\n\n\n\n<figure class=\"wp-block-image size-large\"><img decoding=\"async\" src=\"https:\/\/www.grandepremio.com\/br\/wp-content\/uploads\/2022\/03\/Verstappen-Bahrein-Treinos-1-1024x682.jpg\" alt=\"\" class=\"wp-image-550090\"\/><figcaption>Max Verstappen e Sergio P\u00e9rez seguem como titulares da Red Bull (Foto: Red Bull Content Pool)<\/figcaption><\/figure>\n\n\n\n<p class=\"wp-block-paragraph\">O RB19 ser\u00e1 o 19\u00ba carro da Red Bull na&nbsp;F\u00f3rmula 1&nbsp;desde a chegada da marca ao grid, em 2005. O b\u00f3lido ser\u00e1 impulsionado por um motor \u2018Honda RBPT\u2019, com a montadora japonesa mantendo o apoio ao time taurino apesar de deixar o Mundial ao fim de 2021.<\/p>\n\n\n\n<p class=\"wp-block-paragraph\">Para 2023, a Red Bull mant\u00e9m a dupla de titulares formada pelo atual bicampe\u00e3o do mundo&nbsp;<strong>Max Verstappen<\/strong>&nbsp;e o mexicano&nbsp;<strong>Sergio P\u00e9rez<\/strong>. Ser\u00e1 o terceiro ano dos dois juntos. Os reservas ser\u00e3o<strong>&nbsp;Daniel Ricciardo<\/strong>, que retorna ao time ap\u00f3s cinco anos, e os jovens<strong>&nbsp;Liam Lawson e Zane Maloney.<\/strong><\/p>\n\n\n\n<p class=\"wp-block-paragraph\"><strong>Adrian Newey<\/strong>&nbsp;segue como diretor-t\u00e9cnico principal e comandou o design do carro, em time com suporte de&nbsp;<strong>Craig Skinner<\/strong>, designer-chefe, e o diretor-t\u00e9cnico&nbsp;<strong>Pierre Wache. Christian Horner<\/strong>&nbsp;\u00e9 o chefe de equipe dos taurinos.<\/p>\n\n\n\n<figure class=\"wp-block-embed is-type-rich is-provider-spotify wp-block-embed-spotify wp-embed-aspect-21-9 wp-has-aspect-ratio\"><div class=\"wp-block-embed__wrapper\">\n<iframe title=\"Spotify Embed: Paddockcast #180: Las Vegas e Catar dentro, China fora: o que esperar do calend\u00e1rio da F1 2023?\" style=\"border-radius: 12px\" width=\"100%\" height=\"152\" frameborder=\"0\" allowfullscreen allow=\"autoplay; clipboard-write; encrypted-media; fullscreen; picture-in-picture\" loading=\"lazy\" src=\"https:\/\/open.spotify.com\/embed\/episode\/2p5eBgGVUddh2CaYeSh0jX?utm_source=oembed\"><\/iframe>\n<\/div><\/figure>\n","protected":false},"excerpt":{"rendered":"<p>Depois da Haas, chegou a vez da Red Bull! Equipe taurina vai dar sequ\u00eancia \u00e0 \u00e9poca de lan\u00e7amentos de carros para a temporada de 2023 da F\u00f3rmula 1 nesta sexta-feira (3) \u2014 e o GRANDE PR\u00caMIO acompanha todas as novidades com direito a react comandado por Felipe Leite, Rodrigo Berton e Gabriel Curty<\/p>\n","protected":false},"author":0,"featured_media":1000635396,"comment_status":"closed","ping_status":"closed","sticky":false,"template":"","format":"standard","meta":{"42wp_featured_image_caption":"","42wp_featured_image_credits":"","42wp_featured_video":"","42wp_featured_image_hidden":false,"42wp_authors_list":[],"footnotes":""},"categories":[2],"tags":[147,6533,180,1491,30103,28285,27201,33169,204],"42wp_author":[47143],"class_list":["post-105789","post","type-post","status-publish","format-standard","has-post-thumbnail","hentry","category-f1","tag-f1","tag-f1-2023","tag-formula-1","tag-grande-premio","tag-grande-premio-f1","tag-grandepremio","tag-lancamento","tag-rb19","tag-red-bull","42wp_author-felipe-leite"],"_links":{"self":[{"href":"https:\/\/grandepremio.com\/br\/wp-json\/wp\/v2\/posts\/105789","targetHints":{"allow":["GET"]}}],"collection":[{"href":"https:\/\/grandepremio.com\/br\/wp-json\/wp\/v2\/posts"}],"about":[{"href":"https:\/\/grandepremio.com\/br\/wp-json\/wp\/v2\/types\/post"}],"replies":[{"embeddable":true,"href":"https:\/\/grandepremio.com\/br\/wp-json\/wp\/v2\/comments?post=105789"}],"version-history":[{"count":0,"href":"https:\/\/grandepremio.com\/br\/wp-json\/wp\/v2\/posts\/105789\/revisions"}],"wp:featuredmedia":[{"embeddable":true,"href":"https:\/\/grandepremio.com\/br\/wp-json\/wp\/v2\/media\/1000635396"}],"wp:attachment":[{"href":"https:\/\/grandepremio.com\/br\/wp-json\/wp\/v2\/media?parent=105789"}],"wp:term":[{"taxonomy":"category","embeddable":true,"href":"https:\/\/grandepremio.com\/br\/wp-json\/wp\/v2\/categories?post=105789"},{"taxonomy":"post_tag","embeddable":true,"href":"https:\/\/grandepremio.com\/br\/wp-json\/wp\/v2\/tags?post=105789"},{"taxonomy":"42wp_author","embeddable":true,"href":"https:\/\/grandepremio.com\/br\/wp-json\/wp\/v2\/42wp_author?post=105789"}],"curies":[{"name":"wp","href":"https:\/\/api.w.org\/{rel}","templated":true}]}}