{"id":105804,"date":"2023-02-02T05:15:00","date_gmt":"2023-02-02T08:15:00","guid":{"rendered":"https:\/\/grandepremio.com\/br\/noticias\/sacha-fenestraz-evolucao-primeiros-pontos-fe-poderiamos-ter-feito-mais\/"},"modified":"2023-02-01T17:50:49","modified_gmt":"2023-02-01T20:50:49","slug":"sacha-fenestraz-evolucao-primeiros-pontos-fe-poderiamos-ter-feito-mais","status":"publish","type":"post","link":"https:\/\/grandepremio.com\/br\/formula-e\/sacha-fenestraz-evolucao-primeiros-pontos-fe-poderiamos-ter-feito-mais\/","title":{"rendered":"Fenestraz v\u00ea evolu\u00e7\u00e3o ap\u00f3s primeiros pontos na FE, mas diz: &#8220;Poder\u00edamos ter feito mais&#8221;"},"content":{"rendered":"\n<p class=\"wp-block-paragraph\">Em sua terceira corrida como titular da <strong>Nissan <\/strong>na <strong>F\u00f3rmula E<\/strong>, <strong>Sacha Fenestraz <\/strong>enfim conquistou seus primeiros pontos na categoria durante o <strong>eP de Diriyah 2<\/strong>, <a aria-label=\"disputado no \u00faltimo fim de semana (opens in a new tab)\" href=\"https:\/\/www.grandepremio.com\/br\/formula-e\/noticias\/pascal-wehrlein-dominio-porsche-formula-e-ep-de-diriyah-2\/\" target=\"_blank\" rel=\"noreferrer noopener\" class=\"ek-link\">disputado no \u00faltimo fim de semana<\/a>. O piloto franc\u00eas, que n\u00e3o vinha tendo sorte no campeonato at\u00e9 aqui e sofria com toques de outros competidores, conseguiu uma oitava posi\u00e7\u00e3o valiosa para a equipe japonesa, que enfim saiu do zero na temporada 2022\/2023.<\/p>\n\n\n\n<p class=\"wp-block-paragraph\">Ap\u00f3s a disputa, Fenestraz admitiu o al\u00edvio com os primeiros pontos na categoria, mas reconheceu que poderia ter conquistado um resultado melhor na classifica\u00e7\u00e3o. O companheiro de <strong>Norman Nato <\/strong>\u2014 que segue zerado \u2014 saiu da 12\u00aa posi\u00e7\u00e3o no grid de largada, e precisou brigar durante toda a corrida para se manter dentro do top-10.<\/p>\n\n\n\n<p class=\"wp-block-paragraph\">&#8220;Estou satisfeito com o resultado de hoje, marcando meus primeiros pontos pela equipe na F\u00f3rmula E&#8221;, disse Fenestraz. &#8220;N\u00f3s poder\u00edamos ter feito mais na classifica\u00e7\u00e3o, mas devemos estar felizes com o progresso que fizemos e o que descobrimos ao longo do fim de semana&#8221;, destacou o piloto franc\u00eas.<\/p>\n\n\n\n<p class=\"wp-block-paragraph\"><strong>\u25b6\ufe0f&nbsp;<a href=\"https:\/\/www.twitch.tv\/grandepremio\" target=\"_blank\" rel=\"noreferrer noopener\">Conhe\u00e7a o canal do GRANDE PR\u00caMIO na Twitch clicando aqui!<\/a><\/strong><\/p>\n\n\n\n<figure class=\"wp-block-image size-large\"><img decoding=\"async\" src=\"https:\/\/www.grandepremio.com\/br\/wp-content\/uploads\/2023\/01\/EPS902_115524_V6A2108-2048x2048-1-1024x683.jpg\" alt=\"\" class=\"wp-image-648751\"\/><figcaption>Feliz com o resultado da corrida, Fenestraz pediu foco maior nas classifica\u00e7\u00f5es (Foto: F\u00f3rmula E)<\/figcaption><\/figure>\n\n\n\n<p class=\"wp-block-paragraph\"><strong>\u25b6\ufe0f&nbsp;Inscreva-se nos dois canais do GRANDE PR\u00caMIO no YouTube:&nbsp;<a href=\"https:\/\/www.youtube.com\/channel\/UC9OlHEgxoaY6QY6nWPoiqQg?sub_confirmation=1\" target=\"_blank\" rel=\"noreferrer noopener\">GP<\/a>&nbsp;|&nbsp;<a href=\"https:\/\/www.youtube.com\/channel\/UC9csiS6q_C3C0FYhyr1rnFA?sub_confirmation=1\" target=\"_blank\" rel=\"noreferrer noopener\">GP2<\/a><\/strong><\/p>\n\n\n\n<p class=\"wp-block-paragraph\">Na vis\u00e3o de Fenestraz, a dificuldade na classifica\u00e7\u00e3o n\u00e3o foi culpa do conjunto Nissan, ainda que o carro japon\u00eas funcione melhor em ritmo de corrida. Para o franc\u00eas, o equil\u00edbrio no pelot\u00e3o do meio da F\u00f3rmula E \u00e9 t\u00e3o grande neste in\u00edcio de temporada, que qualquer erro pode custar v\u00e1rias posi\u00e7\u00f5es para os pilotos na forma\u00e7\u00e3o do grid.<\/p>\n\n\n\n<p class=\"wp-block-paragraph\">&#8220;Temos um bom ritmo, principalmente nas corridas, mas ainda h\u00e1 muito a aprender&#8221;, admitiu. &#8220;O pelot\u00e3o est\u00e1 t\u00e3o apertado, que se voc\u00ea cometer um pequeno erro na classifica\u00e7\u00e3o, pode custar muito caro&#8221;, destacou.<\/p>\n\n\n\n<p class=\"wp-block-paragraph\">Apesar das dificuldades na classifica\u00e7\u00e3o, o resultado conquistado na segunda corrida anima o franc\u00eas para a sequ\u00eancia da temporada, na \u00cdndia, e certamente representa uma grande evolu\u00e7\u00e3o em rela\u00e7\u00e3o ao <strong>eP da Cidade do M\u00e9xico<\/strong>, quando Sacha foi tocado por <strong>Jean-\u00c8ric Vergne<\/strong> e <a href=\"https:\/\/www.grandepremio.com\/br\/formula-e\/noticias\/jake-dennis-sobra-estreia-era-gen3-ep-da-cidade-do-mexico-lucas-di-grassi-3o\/\" target=\"_blank\" aria-label=\"terminou apenas em 15\u00ba (opens in a new tab)\" rel=\"noreferrer noopener\" class=\"ek-link\">terminou apenas em 15\u00ba<\/a>.<\/p>\n\n\n\n<p class=\"wp-block-paragraph\">&#8220;Mas esse fim de semana representou uma grande melhoria em rela\u00e7\u00e3o ao M\u00e9xico&#8221;, avaliou. &#8220;Espero que possamos continuar em crescimento na \u00cdndia, para marcar ainda mais pontos em uma pista completamente nova&#8221;, finalizou.<\/p>\n\n\n\n<p class=\"wp-block-paragraph\">A pr\u00f3xima etapa da&nbsp;<a href=\"https:\/\/www.grandepremio.com\/br\/formula-e\/\" target=\"_blank\" rel=\"noreferrer noopener\">F\u00f3rmula E<\/a>&nbsp;representar\u00e1 a primeira estreia da temporada no calend\u00e1rio de 2023. O&nbsp;<strong>eP<\/strong>&nbsp;<strong>de<\/strong>&nbsp;<strong>Hyderabad<\/strong>, na \u00cdndia, tem corrida marcada para o dia&nbsp;<strong>11 de fevereiro<\/strong>, \u00e0s&nbsp;<strong>6h30<\/strong>&nbsp;(hor\u00e1rio de Bras\u00edlia). Voc\u00ea acompanha a cobertura completa no&nbsp;<strong>GRANDE PR\u00caMIO<\/strong>.<\/p>\n","protected":false},"excerpt":{"rendered":"<p>Sacha Fenestraz enfim saiu do zero na F\u00f3rmula E, com o oitavo lugar no eP de Diriyah 2, mas admitiu que o ritmo de classifica\u00e7\u00e3o da Nissan ainda precisa melhorar<\/p>\n","protected":false},"author":0,"featured_media":1000648750,"comment_status":"closed","ping_status":"closed","sticky":false,"template":"","format":"standard","meta":{"42wp_featured_image_caption":"","42wp_featured_image_credits":"","42wp_featured_video":"","42wp_featured_image_hidden":false,"42wp_authors_list":[],"footnotes":""},"categories":[19],"tags":[1242,33214,28679,6853,27360,1039,379,30779,840,31435,1601,1491,30103,28285,894,2646,7539],"42wp_author":[47142],"class_list":["post-105804","post","type-post","status-publish","format-standard","has-post-thumbnail","hentry","category-formula-e","tag-arabia-saudita","tag-calendario-fe","tag-calendario-formula-e","tag-classificacao-formula-e","tag-ep-de-diriyah","tag-estreia","tag-fe","tag-fe-2023","tag-formula-e","tag-formula-e-2023","tag-gen3","tag-grande-premio","tag-grande-premio-f1","tag-grandepremio","tag-nissan","tag-pontos","tag-sacha-fenestraz","42wp_author-jp-nascimento"],"_links":{"self":[{"href":"https:\/\/grandepremio.com\/br\/wp-json\/wp\/v2\/posts\/105804","targetHints":{"allow":["GET"]}}],"collection":[{"href":"https:\/\/grandepremio.com\/br\/wp-json\/wp\/v2\/posts"}],"about":[{"href":"https:\/\/grandepremio.com\/br\/wp-json\/wp\/v2\/types\/post"}],"replies":[{"embeddable":true,"href":"https:\/\/grandepremio.com\/br\/wp-json\/wp\/v2\/comments?post=105804"}],"version-history":[{"count":0,"href":"https:\/\/grandepremio.com\/br\/wp-json\/wp\/v2\/posts\/105804\/revisions"}],"wp:featuredmedia":[{"embeddable":true,"href":"https:\/\/grandepremio.com\/br\/wp-json\/wp\/v2\/media\/1000648750"}],"wp:attachment":[{"href":"https:\/\/grandepremio.com\/br\/wp-json\/wp\/v2\/media?parent=105804"}],"wp:term":[{"taxonomy":"category","embeddable":true,"href":"https:\/\/grandepremio.com\/br\/wp-json\/wp\/v2\/categories?post=105804"},{"taxonomy":"post_tag","embeddable":true,"href":"https:\/\/grandepremio.com\/br\/wp-json\/wp\/v2\/tags?post=105804"},{"taxonomy":"42wp_author","embeddable":true,"href":"https:\/\/grandepremio.com\/br\/wp-json\/wp\/v2\/42wp_author?post=105804"}],"curies":[{"name":"wp","href":"https:\/\/api.w.org\/{rel}","templated":true}]}}