{"id":105822,"date":"2023-02-01T04:45:00","date_gmt":"2023-02-01T07:45:00","guid":{"rendered":"https:\/\/grandepremio.com\/br\/noticias\/irritado-jean-eric-vergne-encarar-realidade-ds-penske-falta-muito-ritmo\/"},"modified":"2023-02-01T07:44:55","modified_gmt":"2023-02-01T10:44:55","slug":"irritado-jean-eric-vergne-encarar-realidade-ds-penske-falta-muito-ritmo","status":"publish","type":"post","link":"https:\/\/grandepremio.com\/br\/formula-e\/irritado-jean-eric-vergne-encarar-realidade-ds-penske-falta-muito-ritmo\/","title":{"rendered":"Irritado, Vergne fala em &#8220;encarar realidade&#8221; na DS Penske: &#8220;Falta muito ritmo&#8221;"},"content":{"rendered":"\n<p class=\"wp-block-paragraph\">O bicampe\u00e3o da F\u00f3rmula E, <strong>Jean-\u00c9ric Vergne, <\/strong>est\u00e1 passando por um come\u00e7o dif\u00edcil de temporada em 2023. Ap\u00f3s sair zerado da <strong>Cidade do M\u00e9xico<\/strong>, depois de colidir com <strong>Sacha Fenestraz<\/strong>, da <strong>Nissan<\/strong>, o franc\u00eas n\u00e3o escondeu a decep\u00e7\u00e3o <a href=\"https:\/\/www.grandepremio.com\/br\/formula-e\/noticias\/pascal-wehrlein-dominio-porsche-formula-e-ep-de-diriyah-2\/\" class=\"ek-link\">ao fim da rodada dupla <\/a>do <strong>eP de Diriyah<\/strong>, em que somou apenas seis pontos.\u00a0<\/p>\n\n\n\n<p class=\"wp-block-paragraph\">Quando perguntado, ap\u00f3s a corrida do s\u00e1bado, sobre a etapa \u00e1rabe e mirando a pr\u00f3xima corrida na <strong>\u00cdndia<\/strong>, Vergne foi incisivo e afirmou que n\u00e3o tinha nada para citar de positivo, lamentando ainda a falta de ritmo do carro da <strong>DS Penske<\/strong>. \u201cNada, nada muito bom. Temos uma grande falta de ritmo no momento e espero que possamos consertar isso para a pr\u00f3xima corrida\u201d, disse.<\/p>\n\n\n\n<p class=\"wp-block-paragraph\"><strong>\u25b6\ufe0f&nbsp;<a href=\"https:\/\/www.twitch.tv\/grandepremio\" target=\"_blank\" rel=\"noreferrer noopener\">Conhe\u00e7a o canal do GRANDE PR\u00caMIO na Twitch clicando aqui!<\/a><\/strong><\/p>\n\n\n\n<figure class=\"wp-block-image size-large\"><img decoding=\"async\" src=\"https:\/\/www.grandepremio.com\/br\/wp-content\/uploads\/2023\/01\/EPS902_152645_V6A5389-2048x2048-1-1024x683.jpg\" alt=\"\" class=\"wp-image-647737\"\/><figcaption>Vergne voltou a enfrentar dificuldades em Diriyah. (Foto: F\u00f3rmula E)<\/figcaption><\/figure>\n\n\n\n<p class=\"wp-block-paragraph\"><strong>\u25b6\ufe0f&nbsp;Inscreva-se nos dois canais do GRANDE PR\u00caMIO no YouTube:&nbsp;<a href=\"https:\/\/www.youtube.com\/channel\/UC9OlHEgxoaY6QY6nWPoiqQg?sub_confirmation=1\" target=\"_blank\" rel=\"noreferrer noopener\">GP<\/a>&nbsp;|&nbsp;<a href=\"https:\/\/www.youtube.com\/channel\/UC9csiS6q_C3C0FYhyr1rnFA?sub_confirmation=1\" target=\"_blank\" rel=\"noreferrer noopener\">GP2<\/a><\/strong><\/p>\n\n\n\n<p class=\"wp-block-paragraph\">O piloto de 32 anos ainda mostrou n\u00e3o ter identificado o que est\u00e1 acontecendo de errado e que a equipe precisa encarar isso para virar o jogo daqui em diante.<\/p>\n\n\n\n<p class=\"wp-block-paragraph\">\u201cN\u00e3o tenho certeza de qual \u00e9 o problema. Mas, sim, precisamos entender o que \u00e9 e consertar. Porque no momento, n\u00e3o estamos em lugar nenhum. Vamos encarar. N\u00e3o estamos em lugar nenhum, e isso n\u00e3o \u00e9 bom. Ent\u00e3o, sim, precisamos melhorar\u201d, enfatizou.<\/p>\n\n\n\n<p class=\"wp-block-paragraph\">As duas corridas do <strong>eP de Diriyah<\/strong> foram vencidas por <strong>Pascal Wehrlein<\/strong>, da <strong>Porsche<\/strong>, com <strong>Jake Dennis<\/strong>, da <strong>Andretti<\/strong>, no segundo lugar. J\u00e1 o terceiro posto na corrida 1 foi ocupado por <strong>Sam Bird<\/strong>, da <strong>Jaguar<\/strong>, enquanto <strong>Ren\u00e9 Rast<\/strong>, da <strong>McLaren<\/strong>, ocupou o \u00faltimo lugar do p\u00f3dio na segunda disputa.<\/p>\n\n\n\n<p class=\"wp-block-paragraph\">A pr\u00f3xima etapa da F\u00f3rmula E traz a primeira estreia do calend\u00e1rio de 2023: o <strong>eP<\/strong> <strong>de<\/strong> <strong>Hyderabad<\/strong>, na \u00cdndia. Ele est\u00e1 marcado para o dia <strong>11 de fevereiro<\/strong>, \u00e0s <strong>6h30<\/strong> (hor\u00e1rio de Bras\u00edlia), com cobertura completa do <strong>GRANDE PR\u00caMIO<\/strong>.<\/p>\n","protected":false},"excerpt":{"rendered":"<p>Tendo conquistado apenas seis pontos em tr\u00eas corridas, Jean-\u00c9ric Vergne se mostrou desapontado com a temporada at\u00e9 aqui e lamentou a falta de ritmo da DS Penske em Diriyah<\/p>\n","protected":false},"author":0,"featured_media":1000648378,"comment_status":"closed","ping_status":"closed","sticky":false,"template":"","format":"standard","meta":{"42wp_featured_image_caption":"","42wp_featured_image_credits":"","42wp_featured_video":"","42wp_featured_image_hidden":false,"42wp_authors_list":[],"footnotes":""},"categories":[19],"tags":[417,31465,27360,379,840,31435,8928,851,1194,736,14738],"42wp_author":[47150],"class_list":["post-105822","post","type-post","status-publish","format-standard","has-post-thumbnail","hentry","category-formula-e","tag-andretti","tag-ds-penske","tag-ep-de-diriyah","tag-fe","tag-formula-e","tag-formula-e-2023","tag-jake-dennis","tag-jean-eric-vergne","tag-pascal-wehrlein","tag-porsche","tag-wehrlein","42wp_author-carol-sales"],"_links":{"self":[{"href":"https:\/\/grandepremio.com\/br\/wp-json\/wp\/v2\/posts\/105822","targetHints":{"allow":["GET"]}}],"collection":[{"href":"https:\/\/grandepremio.com\/br\/wp-json\/wp\/v2\/posts"}],"about":[{"href":"https:\/\/grandepremio.com\/br\/wp-json\/wp\/v2\/types\/post"}],"replies":[{"embeddable":true,"href":"https:\/\/grandepremio.com\/br\/wp-json\/wp\/v2\/comments?post=105822"}],"version-history":[{"count":0,"href":"https:\/\/grandepremio.com\/br\/wp-json\/wp\/v2\/posts\/105822\/revisions"}],"wp:featuredmedia":[{"embeddable":true,"href":"https:\/\/grandepremio.com\/br\/wp-json\/wp\/v2\/media\/1000648378"}],"wp:attachment":[{"href":"https:\/\/grandepremio.com\/br\/wp-json\/wp\/v2\/media?parent=105822"}],"wp:term":[{"taxonomy":"category","embeddable":true,"href":"https:\/\/grandepremio.com\/br\/wp-json\/wp\/v2\/categories?post=105822"},{"taxonomy":"post_tag","embeddable":true,"href":"https:\/\/grandepremio.com\/br\/wp-json\/wp\/v2\/tags?post=105822"},{"taxonomy":"42wp_author","embeddable":true,"href":"https:\/\/grandepremio.com\/br\/wp-json\/wp\/v2\/42wp_author?post=105822"}],"curies":[{"name":"wp","href":"https:\/\/api.w.org\/{rel}","templated":true}]}}