{"id":105828,"date":"2023-01-31T14:58:34","date_gmt":"2023-01-31T17:58:34","guid":{"rendered":"https:\/\/grandepremio.com\/br\/noticias\/jenzer-assina-taylor-barnard-completa-escalacao-temporada-2023-f3\/"},"modified":"2023-01-31T15:01:57","modified_gmt":"2023-01-31T18:01:57","slug":"jenzer-assina-taylor-barnard-completa-escalacao-temporada-2023-f3","status":"publish","type":"post","link":"https:\/\/grandepremio.com\/br\/f3\/jenzer-assina-taylor-barnard-completa-escalacao-temporada-2023-f3\/","title":{"rendered":"Jenzer assina com Barnard e completa escala\u00e7\u00e3o para temporada 2023 da F3"},"content":{"rendered":"\n<figure class=\"wp-block-embed is-type-video is-provider-youtube wp-block-embed-youtube wp-embed-aspect-16-9 wp-has-aspect-ratio\"><div class=\"wp-block-embed__wrapper\">\n<iframe loading=\"lazy\" title=\"&quot;F\u00d3RMULA 2 COMO PONTE PARA F1 FUNCIONA AT\u00c9 A P\u00c1GINA 2&quot; | GP \u00e0s 10\" width=\"500\" height=\"281\" src=\"https:\/\/www.youtube.com\/embed\/sq5lQAqqTis?feature=oembed\" frameborder=\"0\" allow=\"accelerometer; autoplay; clipboard-write; encrypted-media; gyroscope; picture-in-picture; web-share\" referrerpolicy=\"strict-origin-when-cross-origin\" allowfullscreen><\/iframe>\n<\/div><\/figure>\n\n\n\n<p class=\"wp-block-paragraph\">A <strong>Jenzer <\/strong>confirmou a contrata\u00e7\u00e3o de <strong>Taylor Barnard<\/strong> e, assim, <a href=\"https:\/\/www.grandepremio.com\/br\/f3\/noticias\/jenzer-promove-estreia-alejandro-garcia-formula-3-testes-pos-temporada-jerez\/\" class=\"ek-link\">fechou o trio para a temporada 2023<\/a> da <strong>F3<\/strong>. Nesta ter\u00e7a-feira (31), a equipe su\u00ed\u00e7a anunciou o jovem brit\u00e2nico, que vem de um vice-campeonato na F4 Alem\u00e3, atr\u00e1s apenas do italiano <strong>Andrea Kimi Antonelli<\/strong>.<\/p>\n\n\n\n<p class=\"wp-block-paragraph\">Barnard chega para se juntar ao mexicano <strong>Alex Garc\u00eda<\/strong> e <strong>Nikita Bedrin<\/strong>, que tem de correr com a bandeira italiana pelas restri\u00e7\u00f5es impostas \u00e0 R\u00fassia pela Guerra da Ucr\u00e2nia.<\/p>\n\n\n\n<p class=\"wp-block-paragraph\">&#8220;Estou muito feliz de seguir trabalhando com a Jenzer depois de um teste muito positivo em Jerez. N\u00f3s progredimos bem no inverno e estou mais do que satisfeito por chegar \u00e0 F3. \u00c9, de longe, o maior passo da minha carreira, vai ser um desafio, mas estou pronto. Gostaria de agradecer a todos da PHM pela experi\u00eancia na F4 e por me possibilitarem chegar \u00e0 Jenzer em 2023&#8221;, disse o piloto.<\/p>\n\n\n\n<figure class=\"wp-block-image size-full\"><img decoding=\"async\" src=\"https:\/\/www.grandepremio.com\/br\/wp-content\/uploads\/2023\/01\/Taylor-Barnard.jpg\" alt=\"\" class=\"wp-image-648841\"\/><figcaption>Taylor Barnard \u00e9 da Jenzer na F3 2023 (Foto: Reprodu\u00e7\u00e3o\/Twitter)<\/figcaption><\/figure>\n\n\n\n<p class=\"wp-block-paragraph\">Barnard tem 18 anos e coleciona \u00f3timos resultados no kart. Nos monopostos, al\u00e9m do vice da F4 Alem\u00e3, tem um oitavo lugar na F4 Italiana, tamb\u00e9m em 2022. Atualmente, Taylor disputa a F-Regional Oriente M\u00e9dio, com 67 pontos e em segundo, atr\u00e1s, novamente, de Antonelli. O campeonato vai at\u00e9 19 de fevereiro.<\/p>\n\n\n\n<p class=\"wp-block-paragraph\">&#8220;Sabemos que Taylor \u00e9 um piloto brilhante e que n\u00e3o precisa de muito tempo de adapta\u00e7\u00e3o em novas pistas e isso \u00e9 \u00f3timo, pelo pouco tempo de pista na F3 antes das corridas. Taylor mostrou ritmo forte rapidamente, est\u00e1 claro que tem uma margem de evolu\u00e7\u00e3o grande pela frente. Estamos ansiosos pela pr\u00f3xima temporada com ele&#8221;, comentou Andreas Jenzer, chefe da equipe.<\/p>\n\n\n\n<p class=\"wp-block-paragraph\">A Jenzer vem de um 2022 bastante complicado. Os su\u00ed\u00e7os fecharam na nona coloca\u00e7\u00e3o, na frente apenas da Charouz, com 26 pontos e nenhum top-5 conquistado.<\/p>\n\n\n\n<p class=\"wp-block-paragraph\"><strong>\u25b6\ufe0f\u00a0Inscreva-se nos dois canais do GRANDE PR\u00caMIO no YouTube:\u00a0<a href=\"https:\/\/www.youtube.com\/channel\/UC9OlHEgxoaY6QY6nWPoiqQg?sub_confirmation=1\" target=\"_blank\" rel=\"noreferrer noopener\">GP<\/a>\u00a0|\u00a0<a href=\"https:\/\/www.youtube.com\/channel\/UC9csiS6q_C3C0FYhyr1rnFA?sub_confirmation=1\" target=\"_blank\" rel=\"noreferrer noopener\">GP2<\/a><\/strong><br><strong>\u25b6\ufe0f\u00a0<a href=\"https:\/\/www.twitch.tv\/grandepremio\" target=\"_blank\" rel=\"noreferrer noopener\">Conhe\u00e7a o canal do GRANDE PR\u00caMIO na Twitch clicando aqui!<\/a><\/strong><\/p>\n","protected":false},"excerpt":{"rendered":"<p>Vice-campe\u00e3o da F4 Alem\u00e3 em 2022, Taylor Barnard assinou com a Jenzer e fechou o trio de pilotos da equipe su\u00ed\u00e7a na temporada 2023 da F3<\/p>\n","protected":false},"author":0,"featured_media":1000648840,"comment_status":"closed","ping_status":"closed","sticky":false,"template":"","format":"standard","meta":{"42wp_featured_image_caption":"","42wp_featured_image_credits":"","42wp_featured_video":"","42wp_featured_image_hidden":false,"42wp_authors_list":[],"footnotes":""},"categories":[10],"tags":[1008,32564,8057,32563,33693,32748],"42wp_author":[47117],"class_list":["post-105828","post","type-post","status-publish","format-standard","has-post-thumbnail","hentry","category-f3","tag-f3","tag-f3-2023","tag-formula-3","tag-formula-3-2023","tag-nikita-bedrin","tag-taylor-barnard","42wp_author-gabriel-curty"],"_links":{"self":[{"href":"https:\/\/grandepremio.com\/br\/wp-json\/wp\/v2\/posts\/105828","targetHints":{"allow":["GET"]}}],"collection":[{"href":"https:\/\/grandepremio.com\/br\/wp-json\/wp\/v2\/posts"}],"about":[{"href":"https:\/\/grandepremio.com\/br\/wp-json\/wp\/v2\/types\/post"}],"replies":[{"embeddable":true,"href":"https:\/\/grandepremio.com\/br\/wp-json\/wp\/v2\/comments?post=105828"}],"version-history":[{"count":0,"href":"https:\/\/grandepremio.com\/br\/wp-json\/wp\/v2\/posts\/105828\/revisions"}],"wp:featuredmedia":[{"embeddable":true,"href":"https:\/\/grandepremio.com\/br\/wp-json\/wp\/v2\/media\/1000648840"}],"wp:attachment":[{"href":"https:\/\/grandepremio.com\/br\/wp-json\/wp\/v2\/media?parent=105828"}],"wp:term":[{"taxonomy":"category","embeddable":true,"href":"https:\/\/grandepremio.com\/br\/wp-json\/wp\/v2\/categories?post=105828"},{"taxonomy":"post_tag","embeddable":true,"href":"https:\/\/grandepremio.com\/br\/wp-json\/wp\/v2\/tags?post=105828"},{"taxonomy":"42wp_author","embeddable":true,"href":"https:\/\/grandepremio.com\/br\/wp-json\/wp\/v2\/42wp_author?post=105828"}],"curies":[{"name":"wp","href":"https:\/\/api.w.org\/{rel}","templated":true}]}}