{"id":105845,"date":"2023-01-30T13:04:43","date_gmt":"2023-01-30T16:04:43","guid":{"rendered":"https:\/\/grandepremio.com\/br\/noticias\/james-allen-nao-estava-respirando-vitoria-0s016-lmp2-24h-de-daytona\/"},"modified":"2023-01-30T13:38:07","modified_gmt":"2023-01-30T16:38:07","slug":"james-allen-nao-estava-respirando-vitoria-0s016-lmp2-24h-de-daytona","status":"publish","type":"post","link":"https:\/\/grandepremio.com\/br\/endurance\/james-allen-nao-estava-respirando-vitoria-0s016-lmp2-24h-de-daytona\/","title":{"rendered":"Allen diz que &#8220;n\u00e3o estava respirando&#8221; em vit\u00f3ria por 0s016 na LMP2 nas 24H de Daytona"},"content":{"rendered":"\n<p class=\"wp-block-paragraph\">A tradicional disputa das <strong>24 Horas de Daytona<\/strong>, <a href=\"https:\/\/www.grandepremio.com\/br\/endurance\/noticias\/quarteto-helio-castroneves-comanda-vitoria-acura-24h-daytona\/\" target=\"_blank\" aria-label=\"realizada no \u00faltimo fim de semana (opens in a new tab)\" rel=\"noreferrer noopener\" class=\"ek-link\">realizada no \u00faltimo fim de semana<\/a>, terminou com uma cena emocionante na briga pela vit\u00f3ria da classe <strong>LMP2 <\/strong>\u2014 que tinha a <strong>Crowdstrike <\/strong>de <strong>Ben Hanley<\/strong>, <strong>George Kurtz<\/strong>, <strong>Matt McMurry <\/strong>e <strong>Esteban Guti\u00e9rrez <\/strong>na lideran\u00e7a at\u00e9 a linha de chegada. No entanto, <strong>James Allen <\/strong>surgiu no \u00faltimo momento poss\u00edvel e levou a vit\u00f3ria por incr\u00edveis <strong>0s016<\/strong>.<\/p>\n\n\n\n<p class=\"wp-block-paragraph\">O piloto do <strong>Proton <\/strong>#55 \u2014 que dividiu o carro com <strong>Fred Poordad<\/strong>, <strong>Gianmaria Bruni <\/strong>e <strong>Francesco Pizzi <\/strong>\u2014 ocupava a terceira coloca\u00e7\u00e3o da corrida at\u00e9 os momentos finais, logo atr\u00e1s da <strong>AF Corse <\/strong>comandada por <strong>Matthieu Vaxivi\u00e8re<\/strong>, e assumiu o segundo lugar com apenas sete minutos restantes no rel\u00f3gio.<\/p>\n\n\n\n<p class=\"wp-block-paragraph\">No entanto, a dist\u00e2ncia rapidamente come\u00e7ou a diminuir, e Allen aproveitou o v\u00e1cuo para se colocar em posi\u00e7\u00e3o de disputar a lideran\u00e7a logo na primeira curva da \u00faltima volta. O movimento n\u00e3o deu certo, Hanley manteve a posi\u00e7\u00e3o, e James precisou aguardar at\u00e9 a \u00faltima reta para superar o rival em cima da linha de chegada e conquistar uma vit\u00f3ria \u00e9pica.<\/p>\n\n\n\n<p class=\"wp-block-paragraph\"><strong>\u25b6\ufe0f&nbsp;<a href=\"https:\/\/www.twitch.tv\/grandepremio\" target=\"_blank\" rel=\"noreferrer noopener\">Conhe\u00e7a o canal do GRANDE PR\u00caMIO na Twitch clicando aqui!<\/a><\/strong><\/p>\n\n\n\n<figure class=\"wp-block-video\"><video class=\"video-js vjs-big-play-centered\" data-gp-vjs=\"1\" controls poster=\"https:\/\/www.grandepremio.com\/br\/wp-content\/uploads\/2023\/01\/Daytona-poster.jpeg\" src=\"https:\/\/www.grandepremio.com\/br\/wp-content\/uploads\/2023\/01\/Daytona.mp4\"><\/video><figcaption>Confira a ultrapassagem incr\u00edvel de James Allen sobre Ben Henley em Daytona (V\u00eddeo: 24H de Daytona)<\/figcaption><\/figure>\n\n\n\n<p class=\"wp-block-paragraph\"><strong>\u25b6\ufe0f&nbsp;Inscreva-se nos dois canais do GRANDE PR\u00caMIO no YouTube:&nbsp;<a href=\"https:\/\/www.youtube.com\/channel\/UC9OlHEgxoaY6QY6nWPoiqQg?sub_confirmation=1\" target=\"_blank\" rel=\"noreferrer noopener\">GP<\/a>&nbsp;|&nbsp;<a href=\"https:\/\/www.youtube.com\/channel\/UC9csiS6q_C3C0FYhyr1rnFA?sub_confirmation=1\" target=\"_blank\" rel=\"noreferrer noopener\">GP2<\/a><\/strong><\/p>\n\n\n\n<p class=\"wp-block-paragraph\">&#8220;Honestamente, eu n\u00e3o achava realmente que n\u00f3s t\u00ednhamos uma chance ali&#8221;, admitiu Allen. &#8220;Eu fiquei atr\u00e1s da AF Corse por bastante tempo, e pude ver que o carro da Crowdstrike estava construindo uma vantagem cada vez maior. Ent\u00e3o, no momento em que passei pelo carro da AF Corse, havia uma boa dist\u00e2ncia&#8221;, disse.<\/p>\n\n\n\n<p class=\"wp-block-paragraph\">&#8220;Eu sa\u00ed da chicane pensando: &#8216;Fiz isso de forma certa? Ainda tenho tempo? Consegui uma sa\u00edda de curva boa o bastante?'&#8221;, revelou. &#8220;E por sorte, eu consegui e alcancei ele justamente em cima da linha. Eu acho que n\u00e3o estava respirando da sa\u00edda da curva 4 at\u00e9 a linha de chegada&#8221;, brincou Allen.<\/p>\n\n\n\n<p class=\"wp-block-paragraph\">Al\u00e9m dos quartetos de Proton e Crowdstrike, a AF Corse de Vaxivi\u00e8re, <strong>Fran\u00e7ois Perrodo<\/strong>, <strong>Julien Canal <\/strong>e <strong>Nicklas Nielsen <\/strong>conseguiu manter a terceira coloca\u00e7\u00e3o para completar o p\u00f3dio na LMP2. Na classe principal, o brasileiro <strong>Helio Castroneves <\/strong><a href=\"https:\/\/www.grandepremio.com\/br\/endurance\/noticias\/helio-castroneves-exalta-terceira-vitoria-seguida-24h-daytona-sonho-realizado\/\" target=\"_blank\" aria-label=\" (opens in a new tab)\" rel=\"noreferrer noopener\" class=\"ek-link\">conquistou o tricampeonato consecutivo<\/a> das 24 Horas de Daytona junto a <strong>Tom Blomqvist<\/strong>, <strong>Colin Braun <\/strong>e <strong>Simon Pagenaud<\/strong>.<\/p>\n\n\n\n<p class=\"wp-block-paragraph\">&#8220;Foi um momento muito louco para mim&#8221;, destacou Allen. &#8220;Eu acho que nunca vivi algo assim antes, e n\u00e3o acho que acontecer\u00e1 de novo. Foi realmente um sentimento sensacional&#8221;, finalizou.<\/p>\n\n\n\n<figure class=\"wp-block-embed is-type-video is-provider-youtube wp-block-embed-youtube wp-embed-aspect-16-9 wp-has-aspect-ratio\"><div class=\"wp-block-embed__wrapper\">\n<iframe loading=\"lazy\" title=\"&quot;\u00c9 MODO ATAQUE, SAINZ! SEN\u00c3O VAI TER DE ABRIR PRA LECLERC NA FERRARI\u201d | GP \u00e0s 10\" width=\"500\" height=\"281\" src=\"https:\/\/www.youtube.com\/embed\/82VGKYrmoVE?feature=oembed\" frameborder=\"0\" allow=\"accelerometer; autoplay; clipboard-write; encrypted-media; gyroscope; picture-in-picture; web-share\" referrerpolicy=\"strict-origin-when-cross-origin\" allowfullscreen><\/iframe>\n<\/div><\/figure>\n","protected":false},"excerpt":{"rendered":"<p>Ap\u00f3s ultrapassar Ben Henley em cima da linha de chegada e conquistar uma vit\u00f3ria incr\u00edvel nas 24 Horas de Daytona, James Allen disse que mal conseguia respirar na \u00faltima volta<\/p>\n","protected":false},"author":0,"featured_media":1000648436,"comment_status":"closed","ping_status":"closed","sticky":false,"template":"","format":"standard","meta":{"42wp_featured_image_caption":"","42wp_featured_image_credits":"","42wp_featured_video":"","42wp_featured_image_hidden":false,"42wp_authors_list":[],"footnotes":""},"categories":[18],"tags":[3971,627,427,33378,267,3805,1782,33679],"42wp_author":[47142],"class_list":["post-105845","post","type-post","status-publish","format-standard","has-post-thumbnail","hentry","category-endurance","tag-af-corse","tag-daytona","tag-endurance","tag-gtp","tag-helio-castroneves","tag-lmp2","tag-meyer-shank","tag-proton","42wp_author-jp-nascimento"],"_links":{"self":[{"href":"https:\/\/grandepremio.com\/br\/wp-json\/wp\/v2\/posts\/105845","targetHints":{"allow":["GET"]}}],"collection":[{"href":"https:\/\/grandepremio.com\/br\/wp-json\/wp\/v2\/posts"}],"about":[{"href":"https:\/\/grandepremio.com\/br\/wp-json\/wp\/v2\/types\/post"}],"replies":[{"embeddable":true,"href":"https:\/\/grandepremio.com\/br\/wp-json\/wp\/v2\/comments?post=105845"}],"version-history":[{"count":0,"href":"https:\/\/grandepremio.com\/br\/wp-json\/wp\/v2\/posts\/105845\/revisions"}],"wp:featuredmedia":[{"embeddable":true,"href":"https:\/\/grandepremio.com\/br\/wp-json\/wp\/v2\/media\/1000648436"}],"wp:attachment":[{"href":"https:\/\/grandepremio.com\/br\/wp-json\/wp\/v2\/media?parent=105845"}],"wp:term":[{"taxonomy":"category","embeddable":true,"href":"https:\/\/grandepremio.com\/br\/wp-json\/wp\/v2\/categories?post=105845"},{"taxonomy":"post_tag","embeddable":true,"href":"https:\/\/grandepremio.com\/br\/wp-json\/wp\/v2\/tags?post=105845"},{"taxonomy":"42wp_author","embeddable":true,"href":"https:\/\/grandepremio.com\/br\/wp-json\/wp\/v2\/42wp_author?post=105845"}],"curies":[{"name":"wp","href":"https:\/\/api.w.org\/{rel}","templated":true}]}}