{"id":10585,"date":"2026-03-27T11:47:46","date_gmt":"2026-03-27T14:47:46","guid":{"rendered":"https:\/\/grandepremio.com\/br\/noticias\/5-coisas-aprendemos-sexta-feira-gp-japao-formula-1-2026\/"},"modified":"2026-03-27T11:58:46","modified_gmt":"2026-03-27T14:58:46","slug":"5-coisas-aprendemos-sexta-feira-gp-japao-formula-1-2026","status":"publish","type":"post","link":"https:\/\/grandepremio.com\/br\/f1\/5-coisas-aprendemos-sexta-feira-gp-japao-formula-1-2026\/","title":{"rendered":"5 coisas que aprendemos na sexta-feira do GP do Jap\u00e3o da F\u00f3rmula 1 2026"},"content":{"rendered":"\n<p class=\"wp-block-paragraph\">Se a <strong>Ferrari<\/strong>, pelo menos at\u00e9 aqui, n\u00e3o se mostrou disposta a incomodar a <strong>Mercedes<\/strong> no <strong>GP do Jap\u00e3o<\/strong>, a <strong>McLaren<\/strong> provou ser uma forte candidata ao <a href=\"https:\/\/www.grandepremio.com\/br\/f1\/noticias\/oscar-piastri-surpreende-mercedes-lidera-tl2-gp-japao-gabriel-bortoleto-sofre-motor\/\">assumir o papel de grande surpresa desta sexta-feira (27)<\/a>. Claro, <strong>George Russell<\/strong> e <strong>Andrea Kimi Antonelli<\/strong> ainda seguem como francos favoritos na briga pela pole-position e at\u00e9 pela vit\u00f3ria, muito devido ao potencial escondido que existe no <strong>W17<\/strong> em <strong>Suzuka<\/strong>.<\/p>\n\n\n\n<p class=\"wp-block-paragraph\">Enquanto isso, a <strong>Red Bull<\/strong> mais uma vez parece fadada a competir entre as equipes da chamada &#8216;<strong>F\u00f3rmula 1 B<\/strong>&#8216;, j\u00e1 que <strong>Max Verstappen<\/strong> e <strong>Isack Hadjar<\/strong> tiveram problemas para superar os carros da <strong>Audi<\/strong>, <strong>Racing Bulls<\/strong>, <strong>Haas<\/strong> e at\u00e9 mesmo, pasmem, da <strong>Williams<\/strong>. Sim, o time de Grove resolveu dar o ar da gra\u00e7a, ainda que o pesado <strong>FW48<\/strong> esteja devendo bastante em ritmo de corrida, o que em breve deve tornar o doce sonho azul em um pesadelo amargo.<\/p>\n\n\n\n<figure class=\"wp-block-embed is-type-video is-provider-youtube wp-block-embed-youtube wp-embed-aspect-16-9 wp-has-aspect-ratio\"><div class=\"wp-block-embed__wrapper\">\n<iframe loading=\"lazy\" title=\"F1 2026: PIASTRI BATE MERCEDES | TREINOS LIVRES DO GP DO JAP\u00c3O | BRIEFING [f1 highlights]\" width=\"500\" height=\"281\" src=\"https:\/\/www.youtube.com\/embed\/gBj-0g1-LNA?feature=oembed\" frameborder=\"0\" allow=\"accelerometer; autoplay; clipboard-write; encrypted-media; gyroscope; picture-in-picture; web-share\" referrerpolicy=\"strict-origin-when-cross-origin\" allowfullscreen><\/iframe>\n<\/div><\/figure>\n\n\n\n<h3 class=\"wp-block-heading has-vivid-red-color has-text-color has-link-color wp-elements-1\" id=\"h-gp-experience-o-novo-produto-do-grande-premio-conecta-voce-aos-maiores-eventos-de-esporte-a-motor-do-mundo-va-para-indianapolis-com-a-gente-saiba-aqui-todos-os-detalhes\"><strong>+ GP EXPERIENCE: o novo produto do GRANDE PR\u00caMIO conecta voc\u00ea aos maiores eventos de esporte a motor do mundo. V\u00e1 para Indian\u00e1polis com a gente:\u00a0<a href=\"https:\/\/gpexperience.tur.br\/\">saiba aqui todos os detalhes<\/a>.<\/strong><\/h3>\n\n\n\n<p class=\"wp-block-paragraph\">Ainda na segunda metade da tabela, <strong>Gabriel Bortoleto<\/strong> voltou a ser v\u00edtima da falta de confiabilidade do <strong>R26<\/strong>. Em um fim de semana onde as equipes do pelot\u00e3o intermedi\u00e1rio est\u00e3o t\u00e3o pr\u00f3ximas, perder o TL2 quase que inteiro definitivamente n\u00e3o foi uma boa not\u00edcia. Mas com uma atividade ainda \u00e0 disposi\u00e7\u00e3o antes da classifica\u00e7\u00e3o na Terra do Sol Nascente, \u00e9 impresc\u00edndivel que o brasileiro acumule um bom tempo de pista.<\/p>\n\n\n\n<p class=\"wp-block-paragraph\">Desta forma, o\u00a0<strong>GRANDE PR\u00caMIO<\/strong>\u00a0listou as li\u00e7\u00f5es que os treinos livres do\u00a0<strong>GP do Jap\u00e3o<\/strong>\u00a0trouxeram. Confira!<\/p>\n\n\n\n<p class=\"wp-block-paragraph\" style=\"font-size:35px\"><strong>Mercedes n\u00e3o liderou, mas&#8230;<\/strong><\/p>\n\n\n\n<p class=\"wp-block-paragraph\">Grande refer\u00eancia da <strong>F1<\/strong> neste in\u00edcio de temporada 2026, a Mercedes n\u00e3o terminou o dia como a mais r\u00e1pida no Jap\u00e3o, \u00e9 verdade, mas acontece que a principal for\u00e7a das Flechas de Prata est\u00e1 al\u00e9m do que a tabela de tempos do TL2 mostra. Tanto <strong>Andrea Kimi Antonelli<\/strong> quanto <strong>George Russell<\/strong> foram consideravelmente mais r\u00e1pidos do que os rivais da <strong>McLaren<\/strong> e da <strong>Ferrari<\/strong> em ritmo de corrida, com o italiano, por exemplo, carregando uma vantagem de aproximadamente 0s7 em rela\u00e7\u00e3o a <strong>Charles Leclerc<\/strong>, que foi o melhor entre aqueles que n\u00e3o vestem o macac\u00e3o prateado.<\/p>\n\n\n\n<p class=\"wp-block-paragraph\">E a possibilidade de a escuderia de Brackley n\u00e3o ter mostrado todo o potencial n\u00e3o deve ser descartada. Na verdade, o <strong>W17<\/strong> ganha vida \u00e0 medida que a pista fica mais limpa no decorrer do fim de semana, porque a ader\u00eancia aumenta e se torna mais dif\u00edcil recuperar energia, j\u00e1 que os pontos de frenagem ficam mais tardios e as curvas passam a ser feitas em velocidades mais altas. Esse aspecto tende a jogar a favor dos alem\u00e3es, que provaram nas etapas anteriores que sabem gerir a energia melhor do que ningu\u00e9m.<\/p>\n\n\n\n<figure class=\"wp-block-image size-large\"><img decoding=\"async\" src=\"https:\/\/www.grandepremio.com\/br\/wp-content\/uploads\/2026\/03\/treinos-livres-f1-2026-mercedes-george-russell-01-1200x675.jpg\" alt=\"\" class=\"wp-image-1072095\"\/><figcaption class=\"wp-element-caption\">A Mercedes novamente se coloca como equipe a ser batida no GP do Jap\u00e3o (Foto: Mercedes)<\/figcaption><\/figure>\n\n\n\n<p class=\"wp-block-paragraph\" style=\"font-size:35px\"><strong>A McLaren tem chances?<\/strong><\/p>\n\n\n\n<p class=\"wp-block-paragraph\">Depois do banho de \u00e1gua fria que foi o <strong>GP da China<\/strong>, quando nem <strong>Lando Norris<\/strong> e nem <strong>Oscar Piastri<\/strong> conseguiram largar, a <strong>McLaren<\/strong> parece estar vivendo um sonho no <strong>Jap\u00e3o<\/strong>. Tudo bem, \u00e9 apenas o primeiro dia, mas o time mostrou que est\u00e1 entendendo melhor como funciona o pr\u00f3prio chassi e tamb\u00e9m a quest\u00e3o do uso de energia, que provou ser o principal problema de muitas equipes nesse in\u00edcio de certame \u2014 e que chegou, inclusive, a gerar uma certa reclama\u00e7\u00e3o por parte de <strong>Andrea Stella<\/strong> contra a fornecedora <strong>Mercedes<\/strong> em um passado bem recente.<\/p>\n\n\n\n<p class=\"wp-block-paragraph\">Em rela\u00e7\u00e3o \u00e0 bateria, \u00e9 interessante notar a abordagem diferente do australiano, que liderou o TL2, em compara\u00e7\u00e3o com <strong>Andrea Kimi Antonelli<\/strong>. Ao sair com mais impulso da chicane das curvas 16 e 17, o titular dos papaias percorre a reta principal com muito mais velocidade e entra na Curva 1 a 308 km\/h \u2014 aproximadamente 30 km\/h mais r\u00e1pido do que o italiano, o que lhe d\u00e1 uma vantagem consider\u00e1vel logo no setor 1. O piloto da Mercedes, por\u00e9m, reduz essa margem no restante da pista, o que resulta na diferen\u00e7a de somente 0s092 ao fim da volta.<\/p>\n\n\n\n<p class=\"wp-block-paragraph\">Todo esse cen\u00e1rio deixa a classifica\u00e7\u00e3o ainda mais interessante. Em um circuito de dif\u00edcil ultrapassagem \u2014 at\u00e9 que os novos carros provem o contr\u00e1rio \u2014, conquistar a pole-position tem um peso maior do que em outros lugares. E, por ora, Piastri aproveitou a sexta-feira livre de problemas para mostrar que a McLaren pode, sim, dificultar a vida dos prateados.<\/p>\n\n\n\n<figure class=\"wp-block-image size-large\"><img decoding=\"async\" src=\"https:\/\/www.grandepremio.com\/br\/wp-content\/uploads\/2026\/03\/treinos-livres-f1-2026-mclaren-oscar-piastri-01-2-1200x800.jpeg\" alt=\"\" class=\"wp-image-1072104\"\/><figcaption class=\"wp-element-caption\">Oscar Piastri apresentou um \u00f3timo desempenho com a McLaren nesta sexta-feira (Foto: McLaren)<\/figcaption><\/figure>\n\n\n\n<p class=\"wp-block-paragraph\" style=\"font-size:35px\"><strong>A grande decep\u00e7\u00e3o vermelha<\/strong><\/p>\n\n\n\n<p class=\"wp-block-paragraph\">Da mesma forma que a <strong>McLaren<\/strong> pode ser apontada como a surpresa desta sexta-feira, a <strong>Ferrari<\/strong> vai no caminho oposto ao se colocar como decep\u00e7\u00e3o. \u00c9 totalmente inconceb\u00edvel que <strong>Lando Norris<\/strong>, que passou boa parte do TL2 dentro da garagem devido a um vazamento hidr\u00e1ulico e precisou completar \u00e0s pressas o programa estipulado pela equipe laranja, ainda tenha terminado \u00e0 frente de <strong>Charles Leclerc<\/strong> e <strong>Lewis Hamilton<\/strong>. E a quest\u00e3o aqui n\u00e3o se trata apenas de evolu\u00e7\u00e3o das condi\u00e7\u00f5es de pista, considerando que o atual campe\u00e3o mundial completou voltas r\u00e1pidas na parte final da atividade.<\/p>\n\n\n\n<p class=\"wp-block-paragraph\">A responsabilidade tamb\u00e9m n\u00e3o pode cair exclusivamente sobre o balan\u00e7o da <strong>SF-26<\/strong>, mesmo que o carro tenha se mostrado bastante arisco em muitos momentos. O fato \u00e9 que a escuderia italiana tamb\u00e9m est\u00e1 ficando para tr\u00e1s na quest\u00e3o de gerenciamento de energia, perdendo d\u00e9cimos cruciais em rela\u00e7\u00e3o \u00e0s McLaren e \u00e0s <strong>Mercedes<\/strong> em todos os setores. Isso, claro, tende a melhorar ap\u00f3s uma an\u00e1lise mais aprofundada dos dados coletados durante os treinos.<\/p>\n\n\n\n<p class=\"wp-block-paragraph\">Se h\u00e1 algo positivo \u00e9 que a Ferrari pelo menos foi melhor do que a McLaren em ritmo de corrida, ainda que distante da Mercedes. De qualquer maneira, assim como aconteceu na <strong>Austr\u00e1lia<\/strong> e na <strong>China<\/strong>, os vermelhos v\u00e3o tentar fazer uma classifica\u00e7\u00e3o positiva, como destacou Leclerc, porque pelo menos possuem a garantia de que ser\u00e3o melhores que as rivais na largada.<\/p>\n\n\n\n<figure class=\"wp-block-image size-large\"><img decoding=\"async\" src=\"https:\/\/www.grandepremio.com\/br\/wp-content\/uploads\/2026\/03\/treinos-livres-f1-2026-ferrari-charles-leclerc-01-1-e1774581990314-1200x664.jpeg\" alt=\"\" class=\"wp-image-1072011\"\/><figcaption class=\"wp-element-caption\">A Ferrari come\u00e7ou pior do que esperava no Jap\u00e3o (Foto: Ferrari)<br><\/figcaption><\/figure>\n\n\n\n<p class=\"wp-block-paragraph\" style=\"font-size:35px\"><strong>Red Bull na &#8216;F1 B&#8217; (de novo)<\/strong><\/p>\n\n\n\n<p class=\"wp-block-paragraph\">Quem esperava que a <strong>Red Bull<\/strong> fosse se dar a volta por cima ap\u00f3s o desastroso <strong>GP da China<\/strong> caiu do cavalo mais uma vez. Isso porque, pelo menos at\u00e9 aqui, parece mesmo que a briga de <strong>Max Verstappen<\/strong> e <strong>Isack Hadjar<\/strong> ser\u00e1 no pelot\u00e3o intermedi\u00e1rio, contra <strong>Audi<\/strong>, <strong>Racing Bulls<\/strong> e <strong>Haas<\/strong> principalmente. Claro, a equipe pode muito bem acertar nas mexidas durante a noite e extrair mais potencial do <strong>RB22<\/strong> no restante do fim de semana, como j\u00e1 fez outras diversas vezes no passado \u2014 mas n\u00e3o em <strong>Xangai<\/strong>, h\u00e1 15 dias.<\/p>\n\n\n\n<p class=\"wp-block-paragraph\">Vale lembrar que, ainda que sem mudan\u00e7as muito radicais, os taurinos desembarcaram em <strong>Suzuka<\/strong> confiantes de que as novidades no carro poderiam criar um cen\u00e1rio diferente. O sidepod, por exemplo, foi redesenhado na tentativa de melhorar a efici\u00eancia do fluxo de ar, enquanto que, em termos de refrigera\u00e7\u00e3o, uma sa\u00edda maior na tampa do motor voltou a ser utilizada, como j\u00e1 havia sido visto nos testes coletivos no <strong>Bahrein<\/strong>. Por fim, tamb\u00e9m alterou o assoalho e os freios traseiros.<\/p>\n\n\n\n<p class=\"wp-block-paragraph\">Nada at\u00e9 aqui tem surtido efeito. O tetracampe\u00e3o mundial, que terminou o dia na d\u00e9cima posi\u00e7\u00e3o, j\u00e1 deixou claro que &#8220;n\u00e3o espera milagres&#8221;. Em contrapartida, o franc\u00eas da garagem ao lado, que teve de se contentar somente com o 16\u00ba lugar, tentou ser mais otimista e apostou em uma volta por cima na Terra do Sol Nascente. S\u00f3 o tempo dir\u00e1 qual dos dois est\u00e1 certo nessa hist\u00f3ria.<\/p>\n\n\n\n<figure class=\"wp-block-image size-large\"><img decoding=\"async\" src=\"https:\/\/www.grandepremio.com\/br\/wp-content\/uploads\/2026\/03\/treinos-livres-f1-2026-red-bull-max-verstappen-isack-hadjar-01-1200x800.jpg\" alt=\"\" class=\"wp-image-1072147\"\/><figcaption class=\"wp-element-caption\">Max Verstappen e Isack Hadjar est\u00e3o com um baita problema com a Red Bull no Jap\u00e3o (Foto: Red Bull Content Pool)<\/figcaption><\/figure>\n\n\n\n<p class=\"wp-block-paragraph\" style=\"font-size:35px\"><strong>Altos e baixos para a Audi<\/strong><\/p>\n\n\n\n<p class=\"wp-block-paragraph\">Com as seis primeiras posi\u00e7\u00f5es j\u00e1 garantidas entre <strong>Mercedes<\/strong>, <strong>McLaren<\/strong> e <strong>Ferrari<\/strong>, a briga pelo posto de &#8216;melhor do resto&#8217; pegou fogo nesta sexta-feira. E se o s\u00e9timo lugar for a hipot\u00e9tica primeira posi\u00e7\u00e3o daqueles que fazem parte da &#8216;F1 B&#8217;, ent\u00e3o <strong>Nico H\u00fclkenberg<\/strong> colocou a <strong>Audi<\/strong> como principal refer\u00eancia desse grupo at\u00e9 aqui em <strong>Suzuka<\/strong>. Mas como diz o ditado: treino \u00e9 treino, jogo \u00e9 jogo \u2014 o time alem\u00e3o precisa provar que tamb\u00e9m ser\u00e1 forte nas sess\u00f5es competitivas.<\/p>\n\n\n\n<p class=\"wp-block-paragraph\">Al\u00e9m disso, o primeiro dia no Jap\u00e3o mostrou que a escuderia segue assombrada pelo fantasma da confiabilidade. Por causa de um problema na caixa de c\u00e2mbio, <strong>Gabriel Bortoleto<\/strong> perdeu praticamente 50 minutos de tempo de pista no TL2, o que promete dificultar a vida do brasileiro em um fim de semana em que uma ida ao Q3 da classifica\u00e7\u00e3o \u00e9 totalmente plaus\u00edvel. A torcida \u00e9 para que o <strong>R26<\/strong> consiga deixar a garagem sem maiores problemas no restante do fim de semana.<\/p>\n\n\n\n<figure class=\"wp-block-image size-large\"><img decoding=\"async\" src=\"https:\/\/www.grandepremio.com\/br\/wp-content\/uploads\/2026\/03\/gabriel-bortoleto-audi-f1-2026-gp-japao-tl1-tl2-04-1200x675.jpg\" alt=\"\" class=\"wp-image-1072249\"\/><figcaption class=\"wp-element-caption\">Gabriel Bortoleto teve pouco tempo de pista no TL2 do GP do Jap\u00e3o (Foto: Audi)<\/figcaption><\/figure>\n\n\n\n<p class=\"wp-block-paragraph\" id=\"h-gp-experience-o-novo-produto-do-grande-premio-conecta-voce-aos-maiores-eventos-de-esporte-a-motor-do-mundo-va-para-indianapolis-com-a-gente-saiba-aqui-todos-os-detalhes\">O&nbsp;<strong>GRANDE PR\u00caMIO<\/strong>&nbsp;acompanha todas as atividades do&nbsp;<strong>GP do Jap\u00e3o<\/strong>, terceira etapa da&nbsp;<strong>temporada 2026&nbsp;<\/strong>da F1,<a href=\"https:\/\/www.grandepremio.com\/br\/ao-vivo\/f1\/\">&nbsp;<strong>AO VIVO E EM&nbsp;<\/strong><\/a><strong><a href=\"https:\/\/www.grandepremio.com\/br\/ao-vivo\/\" target=\"_blank\" rel=\"noreferrer noopener\">TEMPO REAL<\/a><\/strong>,&nbsp;<a href=\"https:\/\/www.youtube.com\/@GrandePremio1\/streams\">al\u00e9m de classifica\u00e7\u00e3o e corrida em&nbsp;<strong>SEGUNDA TELA&nbsp;<\/strong>no YouTube<\/a>, em parceria com a&nbsp;<strong>Voz do Esporte<\/strong>. O&nbsp;<strong>Briefing&nbsp;<\/strong>chega para analisar ap\u00f3s o fim de cada dia de atividades nas redes sociais e na&nbsp;<strong>GPTV<\/strong>.<\/p>\n\n\n\n<h2 class=\"wp-block-heading\" id=\"h-gp-do-japao-de-f1-veja-os-horarios-em-brasil-cabo-verde-nbsp-portugal-angola-e-mocambique\"><strong>GP do Jap\u00e3o de F1: veja os hor\u00e1rios em Brasil, Cabo Verde,&nbsp;<a href=\"https:\/\/grandepremio.pt\/\" target=\"_blank\" rel=\"noreferrer noopener\">Portugal<\/a>, Angola e Mo\u00e7ambique:<\/strong><\/h2>\n\n\n\n<figure class=\"wp-block-table\"><table class=\"has-fixed-layout\"><tbody><tr><td class=\"has-text-align-left\" data-align=\"left\"><strong>Sess\u00e3o<\/strong><\/td><td class=\"has-text-align-left\" data-align=\"left\"><strong>BRA*<\/strong><\/td><td class=\"has-text-align-left\" data-align=\"left\"><strong>CBV<\/strong><\/td><td class=\"has-text-align-left\" data-align=\"left\"><strong>POR<\/strong><br><strong>ANG<\/strong><\/td><td class=\"has-text-align-left\" data-align=\"left\"><strong>MOZ<\/strong><\/td><\/tr><tr><td class=\"has-text-align-left\" data-align=\"left\">Treino livre 3<\/td><td class=\"has-text-align-left\" data-align=\"left\">23:30<\/td><td class=\"has-text-align-left\" data-align=\"left\">01:30<\/td><td class=\"has-text-align-left\" data-align=\"left\">03:30<\/td><td class=\"has-text-align-left\" data-align=\"left\">04:30<\/td><\/tr><tr><td class=\"has-text-align-left\" data-align=\"left\">Classifica\u00e7\u00e3o<\/td><td class=\"has-text-align-left\" data-align=\"left\">03:00<\/td><td class=\"has-text-align-left\" data-align=\"left\">05:30<\/td><td class=\"has-text-align-left\" data-align=\"left\">07:00<\/td><td class=\"has-text-align-left\" data-align=\"left\">08:00<\/td><\/tr><tr><td class=\"has-text-align-left\" data-align=\"left\">Corrida<\/td><td class=\"has-text-align-left\" data-align=\"left\">02:00<\/td><td class=\"has-text-align-left\" data-align=\"left\">04:30<\/td><td class=\"has-text-align-left\" data-align=\"left\">06:00<\/td><td class=\"has-text-align-left\" data-align=\"left\">07:00<\/td><\/tr><\/tbody><\/table><\/figure>\n\n\n\n<p class=\"wp-block-paragraph\"><em>*Hor\u00e1rio de Bras\u00edlia<\/em><\/p>\n\n\n\n<p class=\"wp-block-paragraph\">\u25b6\ufe0f\u00a0<strong>Inscreva-se nos dois canais do GRANDE PR\u00caMIO no YouTube:\u00a0<a href=\"https:\/\/www.youtube.com\/channel\/UC9OlHEgxoaY6QY6nWPoiqQg?sub_confirmation=1\">GP<\/a>\u00a0|\u00a0<a href=\"https:\/\/www.youtube.com\/channel\/UC9csiS6q_C3C0FYhyr1rnFA?sub_confirmation=1\">GPTV<\/a><\/strong><\/p>\n\n\n\n<p class=\"wp-block-paragraph\"><strong>F1 hoje: saiba aqui as not\u00edcias mais importantes do dia da F\u00f3rmula 1<\/strong><\/p>\n\n\n\n<p class=\"wp-block-paragraph\">A reda\u00e7\u00e3o do&nbsp;<strong>GRANDE PR\u00caMIO<\/strong>&nbsp;selecionou as not\u00edcias mais importantes das \u00faltimas horas para voc\u00ea ficar por dentro de tudo que acontece na F1.<\/p>\n\n\n\n<p class=\"wp-block-paragraph\">\u25b6\ufe0f\u00a0<a href=\"https:\/\/www.grandepremio.com\/br\/f1\/noticias\/oscar-piastri-surpreende-mercedes-lidera-tl2-gp-japao-gabriel-bortoleto-sofre-motor\/\"><strong>Piastri surpreende Mercedes e lidera TL2 do GP do Jap\u00e3o. Bortoleto sofre com motor<\/strong><\/a><br>\u25b6\ufe0f\u00a0<a href=\"https:\/\/www.grandepremio.com\/br\/f1\/noticias\/george-russell-bate-kimi-antonelli-duelo-mercedes-lidera-tl1-gp-japao-gabriel-bortoleto-11o\/\"><strong>Russell bate Antonelli em duelo da Mercedes e lidera TL1 do GP do Jap\u00e3o. Bortoleto \u00e9 11\u00ba<\/strong><\/a><br>\u25b6\ufe0f\u00a0<a href=\"https:\/\/www.grandepremio.com\/br\/f1\/noticias\/gabriel-bortoleto-elogia-audi-mas-tem-sentimentos-mistos-apos-primeiros-treinos-japao\/\"><strong>Bortoleto elogia Audi, mas tem \u201csentimentos mistos\u201d ap\u00f3s primeiros treinos no Jap\u00e3o<\/strong><\/a><br>\u25b6\ufe0f <a href=\"https:\/\/www.grandepremio.com\/br\/f1\/noticias\/lewis-hamilton-elucida-radio-falta-confianca-japao-pista-extremamente-exigente\/\"><strong>Hamilton elucida r\u00e1dio sobre falta de confian\u00e7a no Jap\u00e3o: \u201cPista extremamente exigente\u201d<\/strong><\/a><br>\u25b6\ufe0f\u00a0<a href=\"https:\/\/www.grandepremio.com\/br\/f1\/noticias\/victor-martins-max-verstappen-mostra-f1-segue-posturas-pateticas-incluindo-imprensa\/\"><strong>Victor Martins: Verstappen expulsa jornalista em papel pat\u00e9tico (e dos coleguinhas tamb\u00e9m)<\/strong><\/a><br>\u25b6\ufe0f\u00a0<a href=\"https:\/\/www.grandepremio.com\/br\/f1\/noticias\/fia-confirma-ajuste-ultima-hora-classificacao-gp-japao-f1\/\"><strong>FIA confirma ajuste de \u00faltima hora para classifica\u00e7\u00e3o do GP do Jap\u00e3o de F1<\/strong><\/a><\/p>\n","protected":false},"excerpt":{"rendered":"<p>O primeiro dia de atividades da F\u00f3rmula 1 no GP do Jap\u00e3o trouxe surpresas, decep\u00e7\u00f5es e a promessa de que a disputa na classifica\u00e7\u00e3o deste s\u00e1bado (28) pode ser mais acirrada do que nas etapas anteriores<\/p>\n","protected":false},"author":0,"featured_media":1001072251,"comment_status":"closed","ping_status":"closed","sticky":false,"template":"","format":"standard","meta":{"42wp_featured_image_caption":"","42wp_featured_image_credits":"","42wp_featured_video":"","42wp_featured_image_hidden":false,"42wp_authors_list":[],"footnotes":""},"categories":[2],"tags":[1417,20491,27861,34712,309,970,26271,546,209,5273,302,147,29516,29148,176,207,180,31425,28995,25440,350,800,3023,38972,1491,28285,119,30840,28104,24855,46326,32659,485,547,87,595,203,90,82,1521,29923,35129,2916,676,38179,204,608,46327,32660,31470,215],"42wp_author":[47160],"class_list":["post-10585","post","type-post","status-publish","format-standard","has-post-thumbnail","hentry","category-f1","tag-alex-albon","tag-alpine","tag-andrea-kimi-antonelli","tag-arvid-lindblad","tag-aston-martin","tag-audi","tag-calendario-f1","tag-carlos-sainz","tag-charles-leclerc","tag-classificacao-f1","tag-esteban-ocon","tag-f1","tag-f1-2026","tag-f1-hoje","tag-fernando-alonso","tag-ferrari","tag-formula-1","tag-formula-1-2026","tag-formula-1-hoje","tag-franco-colapinto","tag-gabriel-bortoleto","tag-george-russell","tag-gp-do-japao","tag-gp-do-japao-f1","tag-grande-premio","tag-grandepremio","tag-haas","tag-horarios-f1","tag-isack-hadjar","tag-japao","tag-japao-2026","tag-japao-f1","tag-lance-stroll","tag-lando-norris","tag-lewis-hamilton","tag-liam-lawson","tag-max-verstappen","tag-mclaren","tag-mercedes","tag-nico-hulkenberg","tag-oliver-bearman","tag-onde-assistir-f1","tag-oscar-piastri","tag-pierre-gasly","tag-racing-bulls","tag-red-bull","tag-suzuka","tag-suzuka-2026","tag-suzuka-f1","tag-temporada-2026-f1","tag-williams","42wp_author-vicente-soella"],"_links":{"self":[{"href":"https:\/\/grandepremio.com\/br\/wp-json\/wp\/v2\/posts\/10585","targetHints":{"allow":["GET"]}}],"collection":[{"href":"https:\/\/grandepremio.com\/br\/wp-json\/wp\/v2\/posts"}],"about":[{"href":"https:\/\/grandepremio.com\/br\/wp-json\/wp\/v2\/types\/post"}],"replies":[{"embeddable":true,"href":"https:\/\/grandepremio.com\/br\/wp-json\/wp\/v2\/comments?post=10585"}],"version-history":[{"count":0,"href":"https:\/\/grandepremio.com\/br\/wp-json\/wp\/v2\/posts\/10585\/revisions"}],"wp:featuredmedia":[{"embeddable":true,"href":"https:\/\/grandepremio.com\/br\/wp-json\/wp\/v2\/media\/1001072251"}],"wp:attachment":[{"href":"https:\/\/grandepremio.com\/br\/wp-json\/wp\/v2\/media?parent=10585"}],"wp:term":[{"taxonomy":"category","embeddable":true,"href":"https:\/\/grandepremio.com\/br\/wp-json\/wp\/v2\/categories?post=10585"},{"taxonomy":"post_tag","embeddable":true,"href":"https:\/\/grandepremio.com\/br\/wp-json\/wp\/v2\/tags?post=10585"},{"taxonomy":"42wp_author","embeddable":true,"href":"https:\/\/grandepremio.com\/br\/wp-json\/wp\/v2\/42wp_author?post=10585"}],"curies":[{"name":"wp","href":"https:\/\/api.w.org\/{rel}","templated":true}]}}