{"id":105854,"date":"2023-01-30T05:15:00","date_gmt":"2023-01-30T08:15:00","guid":{"rendered":"https:\/\/grandepremio.com\/br\/noticias\/rene-rast-primeiro-podio-mclaren-fe-porsche-outro-patamar\/"},"modified":"2023-01-29T15:26:48","modified_gmt":"2023-01-29T18:26:48","slug":"rene-rast-primeiro-podio-mclaren-fe-porsche-outro-patamar","status":"publish","type":"post","link":"https:\/\/grandepremio.com\/br\/formula-e\/rene-rast-primeiro-podio-mclaren-fe-porsche-outro-patamar\/","title":{"rendered":"Rast festeja primeiro p\u00f3dio da McLaren na FE, mas admite: &#8220;Porsche est\u00e1 em outro patamar&#8221;"},"content":{"rendered":"\n<figure class=\"wp-block-embed is-type-video is-provider-youtube wp-block-embed-youtube wp-embed-aspect-16-9 wp-has-aspect-ratio\"><div class=\"wp-block-embed__wrapper\">\n<iframe loading=\"lazy\" title=\"IMPREVIS\u00cdVEL! &quot;DIRIYAH REPRESENTA NOVA CHANCE PARA CARRO GEN3&quot; | GP \u00e0s 10\" width=\"500\" height=\"281\" src=\"https:\/\/www.youtube.com\/embed\/wL5YjtMwZPQ?feature=oembed\" frameborder=\"0\" allow=\"accelerometer; autoplay; clipboard-write; encrypted-media; gyroscope; picture-in-picture; web-share\" referrerpolicy=\"strict-origin-when-cross-origin\" allowfullscreen><\/iframe>\n<\/div><\/figure>\n\n\n\n<p class=\"wp-block-paragraph\">Retornando ao grid da <strong>F\u00f3rmula E<\/strong> ap\u00f3s uma temporada de aus\u00eancia, <strong>Ren\u00e9 Rast <\/strong>precisou de apenas tr\u00eas corridas para conquistar o primeiro p\u00f3dio da <strong>McLaren <\/strong>na categoria \u2014 seu terceiro na carreira. No <strong>eP de Diriyah 2<\/strong>, <a aria-label=\"realizado no \u00faltimo s\u00e1bado (28) (opens in a new tab)\" href=\"https:\/\/www.grandepremio.com\/br\/formula-e\/noticias\/pascal-wehrlein-sam-bird-ep-de-diriyah-1-vence-segunda-veza-formula-e\/\" target=\"_blank\" rel=\"noreferrer noopener\" class=\"ek-link\">realizado no \u00faltimo s\u00e1bado (28)<\/a>, o piloto alem\u00e3o largou na terceira coloca\u00e7\u00e3o e precisou se esfor\u00e7ar muito para garantir um lugar entre os tr\u00eas primeiros, conquistado ap\u00f3s segurar uma press\u00e3o incessante do brit\u00e2nico <strong>Sam Bird<\/strong>, da <strong>Jaguar<\/strong>.<\/p>\n\n\n\n<p class=\"wp-block-paragraph\">Com uma quantidade substancialmente maior de energia do que o alem\u00e3o, cerca de <strong>2%<\/strong>, Bird for\u00e7ou de todas as formas poss\u00edveis para tomar o terceiro lugar e chegou a espalhar na curva 18, mas n\u00e3o conseguiu superar a resist\u00eancia de Rast ao final da corrida. Feliz pelo resultado, o companheiro de <strong>Jake Hughes <\/strong>ressaltou a dificuldade em segurar o ingl\u00eas.<\/p>\n\n\n\n<p class=\"wp-block-paragraph\">&#8220;Estou muito, muito feliz&#8221;, celebrou Rast. &#8220;Foi uma corrida dif\u00edcil, especialmente no final. Lutei muito contra o Sam Bird, que tinha muito mais energia, mas consegui me defender dele e estou muito feliz pela equipe. Somos basicamente novos no campeonato, com a McLaren, e conseguimos nosso primeiro p\u00f3dio. Estou muito feliz&#8221;, comemorou o alem\u00e3o.<\/p>\n\n\n\n<p class=\"wp-block-paragraph\"><strong>\u25b6\ufe0f&nbsp;<a href=\"https:\/\/www.twitch.tv\/grandepremio\" target=\"_blank\" rel=\"noreferrer noopener\">Conhe\u00e7a o canal do GRANDE PR\u00caMIO na Twitch clicando aqui!<\/a><\/strong><\/p>\n\n\n\n<figure class=\"wp-block-image size-large\"><img decoding=\"async\" src=\"https:\/\/www.grandepremio.com\/br\/wp-content\/uploads\/2023\/01\/FnffYOOXgAEeN5j-1-1024x683.jpg\" alt=\"\" class=\"wp-image-648045\"\/><figcaption>Rast celebrou o p\u00f3dio, mas pediu foco em alcan\u00e7ar o n\u00edvel da Porsche (Foto: McLaren)<\/figcaption><\/figure>\n\n\n\n<p class=\"wp-block-paragraph\"><strong>\u25b6\ufe0f&nbsp;Inscreva-se nos dois canais do GRANDE PR\u00caMIO no YouTube:&nbsp;<a href=\"https:\/\/www.youtube.com\/channel\/UC9OlHEgxoaY6QY6nWPoiqQg?sub_confirmation=1\" target=\"_blank\" rel=\"noreferrer noopener\">GP<\/a>&nbsp;|&nbsp;<a href=\"https:\/\/www.youtube.com\/channel\/UC9csiS6q_C3C0FYhyr1rnFA?sub_confirmation=1\" target=\"_blank\" rel=\"noreferrer noopener\">GP2<\/a><\/strong><\/p>\n\n\n\n<p class=\"wp-block-paragraph\">Ainda que tenha absorvido a estrutura da <strong>Mercedes<\/strong>, atual bicampe\u00e3 de Pilotos e Construtores na F\u00f3rmula E, a McLaren n\u00e3o surgiu como primeira for\u00e7a neste in\u00edcio de <strong>Era Gen3<\/strong>. O trem de for\u00e7a da <strong>Porsche <\/strong>se colocou nas duas primeiras posi\u00e7\u00f5es de todas as tr\u00eas corridas at\u00e9 aqui, sempre nos carros de <strong>Pascal Wehrlein<\/strong>, da equipe de f\u00e1brica, e de <strong>Jake Dennis<\/strong>, da <strong>Andretti<\/strong>, e causa preocupa\u00e7\u00e3o nas concorrentes.<\/p>\n\n\n\n<p class=\"wp-block-paragraph\">Desta forma, Rast admitiu a for\u00e7a dos rivais e disse esperar que a McLaren \u2014 que utiliza o trem de for\u00e7a da <strong>Nissan <\/strong>\u2014 possa usar o tempo dispon\u00edvel na temporada para se aproximar da equipe alem\u00e3, que vem monopolizando a F\u00f3rmula E em 2023.<\/p>\n\n\n\n<p class=\"wp-block-paragraph\">&#8220;Temos toda a temporada pela frente, uma longa temporada, mas certamente temos algumas melhorias a fazer para alcan\u00e7ar as Porsche, porque eles ainda est\u00e3o em outro patamar&#8221;, finalizou o piloto da McLaren.<\/p>\n\n\n\n<p class=\"wp-block-paragraph\">A pr\u00f3xima etapa da\u00a0<a href=\"https:\/\/www.grandepremio.com\/br\/formula-e\/\" target=\"_blank\" rel=\"noreferrer noopener\">F\u00f3rmula E<\/a>\u00a0representar\u00e1 a primeira estreia da temporada no calend\u00e1rio de 2023. O\u00a0<strong>eP<\/strong>\u00a0<strong>de<\/strong>\u00a0<strong>Hyderabad<\/strong>, na \u00cdndia, tem corrida marcada para o dia\u00a0<strong>11 de fevereiro<\/strong>, \u00e0s\u00a0<strong>6h30<\/strong>\u00a0(hor\u00e1rio de Bras\u00edlia). Voc\u00ea acompanha a cobertura completa no\u00a0<strong>GRANDE PR\u00caMIO<\/strong>.<\/p>\n","protected":false},"excerpt":{"rendered":"<p>Ren\u00e9 Rast conquistou o primeiro p\u00f3dio da McLaren na F\u00f3rmula E ap\u00f3s apenas tr\u00eas corridas, destacou batalha com Sam Bird e chamou aten\u00e7\u00e3o para o poderio da Porsche na Era Gen3<\/p>\n","protected":false},"author":0,"featured_media":1000647896,"comment_status":"closed","ping_status":"closed","sticky":false,"template":"","format":"standard","meta":{"42wp_featured_image_caption":"","42wp_featured_image_credits":"","42wp_featured_video":"","42wp_featured_image_hidden":false,"42wp_authors_list":[],"footnotes":""},"categories":[19],"tags":[28679,6853,27360,379,30779,840,31435,1601,1491,30103,28285,4621,90,19348,1771],"42wp_author":[47142],"class_list":["post-105854","post","type-post","status-publish","format-standard","has-post-thumbnail","hentry","category-formula-e","tag-calendario-formula-e","tag-classificacao-formula-e","tag-ep-de-diriyah","tag-fe","tag-fe-2023","tag-formula-e","tag-formula-e-2023","tag-gen3","tag-grande-premio","tag-grande-premio-f1","tag-grandepremio","tag-jake-hughes","tag-mclaren","tag-podio","tag-rene-rast","42wp_author-jp-nascimento"],"_links":{"self":[{"href":"https:\/\/grandepremio.com\/br\/wp-json\/wp\/v2\/posts\/105854","targetHints":{"allow":["GET"]}}],"collection":[{"href":"https:\/\/grandepremio.com\/br\/wp-json\/wp\/v2\/posts"}],"about":[{"href":"https:\/\/grandepremio.com\/br\/wp-json\/wp\/v2\/types\/post"}],"replies":[{"embeddable":true,"href":"https:\/\/grandepremio.com\/br\/wp-json\/wp\/v2\/comments?post=105854"}],"version-history":[{"count":0,"href":"https:\/\/grandepremio.com\/br\/wp-json\/wp\/v2\/posts\/105854\/revisions"}],"wp:featuredmedia":[{"embeddable":true,"href":"https:\/\/grandepremio.com\/br\/wp-json\/wp\/v2\/media\/1000647896"}],"wp:attachment":[{"href":"https:\/\/grandepremio.com\/br\/wp-json\/wp\/v2\/media?parent=105854"}],"wp:term":[{"taxonomy":"category","embeddable":true,"href":"https:\/\/grandepremio.com\/br\/wp-json\/wp\/v2\/categories?post=105854"},{"taxonomy":"post_tag","embeddable":true,"href":"https:\/\/grandepremio.com\/br\/wp-json\/wp\/v2\/tags?post=105854"},{"taxonomy":"42wp_author","embeddable":true,"href":"https:\/\/grandepremio.com\/br\/wp-json\/wp\/v2\/42wp_author?post=105854"}],"curies":[{"name":"wp","href":"https:\/\/api.w.org\/{rel}","templated":true}]}}