{"id":105855,"date":"2023-01-30T05:00:00","date_gmt":"2023-01-30T08:00:00","guid":{"rendered":"https:\/\/grandepremio.com\/br\/noticias\/jake-dennis-sensacao-terceiro-podio-temporada-fe-voce-nunca-acostuma\/"},"modified":"2023-01-29T15:26:37","modified_gmt":"2023-01-29T18:26:37","slug":"jake-dennis-sensacao-terceiro-podio-temporada-fe-voce-nunca-acostuma","status":"publish","type":"post","link":"https:\/\/grandepremio.com\/br\/formula-e\/jake-dennis-sensacao-terceiro-podio-temporada-fe-voce-nunca-acostuma\/","title":{"rendered":"Dennis resume sensa\u00e7\u00e3o ap\u00f3s terceiro p\u00f3dio da temporada na FE: &#8220;Voc\u00ea nunca se acostuma&#8221;"},"content":{"rendered":"\n<figure class=\"wp-block-embed is-type-video is-provider-youtube wp-block-embed-youtube wp-embed-aspect-16-9 wp-has-aspect-ratio\"><div class=\"wp-block-embed__wrapper\">\n<iframe loading=\"lazy\" title=\"IMPREVIS\u00cdVEL! &quot;DIRIYAH REPRESENTA NOVA CHANCE PARA CARRO GEN3&quot; | GP \u00e0s 10\" width=\"500\" height=\"281\" src=\"https:\/\/www.youtube.com\/embed\/wL5YjtMwZPQ?feature=oembed\" frameborder=\"0\" allow=\"accelerometer; autoplay; clipboard-write; encrypted-media; gyroscope; picture-in-picture; web-share\" referrerpolicy=\"strict-origin-when-cross-origin\" allowfullscreen><\/iframe>\n<\/div><\/figure>\n\n\n\n<p class=\"wp-block-paragraph\">Ap\u00f3s a vit\u00f3ria na abertura da temporada, <a aria-label=\"na Cidade do M\u00e9xico (opens in a new tab)\" href=\"https:\/\/www.grandepremio.com\/br\/formula-e\/noticias\/jake-dennis-sobra-estreia-era-gen3-ep-da-cidade-do-mexico-lucas-di-grassi-3o\/\" target=\"_blank\" rel=\"noreferrer noopener\" class=\"ek-link\">na <strong>Cidade do M\u00e9xico<\/strong><\/a>, <strong>Jake Dennis <\/strong>teve um \u00f3timo fim de semana na rodada dupla de <strong>Diriyah<\/strong>, que marcou a realiza\u00e7\u00e3o da <a href=\"https:\/\/www.grandepremio.com\/br\/formula-e\/noticias\/pascal-wehrlein-sam-bird-ep-de-diriyah-1-vence-segunda-veza-formula-e\/\" class=\"ek-link\">segunda<\/a> e <a href=\"https:\/\/www.grandepremio.com\/br\/formula-e\/noticias\/pascal-wehrlein-dominio-porsche-formula-e-ep-de-diriyah-2\/\" target=\"_blank\" aria-label=\" (opens in a new tab)\" rel=\"noreferrer noopener\" class=\"ek-link\">terceira<\/a> etapas da <strong>F\u00f3rmula E<\/strong> em 2023. Segundo colocado nas duas provas, o brit\u00e2nico ficou atr\u00e1s apenas do alem\u00e3o <strong>Pascal Wehrlein<\/strong>, da <strong>Porsche<\/strong>, que venceu em ambas. E levando em considera\u00e7\u00e3o a repeti\u00e7\u00e3o de resultados neste in\u00edcio de <strong>Era Gen3<\/strong>, o piloto n\u00e3o deixou de destacar a sensa\u00e7\u00e3o de estar no p\u00f3dio pela terceira vez em tr\u00eas corridas.<\/p>\n\n\n\n<p class=\"wp-block-paragraph\">\u201cFoi outro 1-2 para a Porsche [referindo-se aos motores], e sim, \u00e9 \u00f3timo estar no p\u00f3dio com esses f\u00e3s incr\u00edveis&#8221;, destacou Dennis. &#8220;Voc\u00ea nunca se acostuma a estar no p\u00f3dio. Cada p\u00f3dio \u00e9 diferente, e cada pa\u00eds para onde vamos nos d\u00e1 uma atmosfera diferente. Portanto, cada experi\u00eancia \u00e9 realmente \u00fanica\u201d, disse.<\/p>\n\n\n\n<p class=\"wp-block-paragraph\"><strong>\u25b6\ufe0f&nbsp;Inscreva-se nos dois canais do GRANDE PR\u00caMIO no YouTube:&nbsp;<a href=\"https:\/\/www.youtube.com\/channel\/UC9OlHEgxoaY6QY6nWPoiqQg?sub_confirmation=1\" target=\"_blank\" rel=\"noreferrer noopener\">GP<\/a>&nbsp;|&nbsp;<a href=\"https:\/\/www.youtube.com\/channel\/UC9csiS6q_C3C0FYhyr1rnFA?sub_confirmation=1\" target=\"_blank\" rel=\"noreferrer noopener\">GP2<\/a><\/strong><br><strong>\u25b6\ufe0f&nbsp;<a href=\"https:\/\/www.twitch.tv\/grandepremio\" target=\"_blank\" rel=\"noreferrer noopener\">Conhe\u00e7a o canal do GRANDE PR\u00caMIO na Twitch clicando aqui!<\/a><\/strong><\/p>\n\n\n\n<figure class=\"wp-block-image size-large\"><img decoding=\"async\" src=\"https:\/\/www.grandepremio.com\/br\/wp-content\/uploads\/2023\/01\/FnlUVteWAAE5MQ9-819x1024.jpg\" alt=\"\" class=\"wp-image-648295\"\/><figcaption>Dennis conseguiu dois segundos lugares em Diriyah. (Foto: Andretti)<\/figcaption><\/figure>\n\n\n\n<p class=\"wp-block-paragraph\">O vice-l\u00edder do campeonato ainda observou que, para ele, as corridas 1 e 2 apresentaram cen\u00e1rios parecidos. Al\u00e9m disso, o ingl\u00eas destacou a dificuldade para ultrapassar Wehrlein na pista \u00e1rabe, principalmente ap\u00f3s a entrada do safety-car \u2014 em decorr\u00eancia da batida de <strong>Nico M\u00fcller<\/strong> na barreira de prote\u00e7\u00e3o. Como o carro de seguran\u00e7a impediu uma economia de energia maior, o piloto da Andretti n\u00e3o teve oportunidades para dar o bote no l\u00edder.<\/p>\n\n\n\n<p class=\"wp-block-paragraph\">\u201c[As duas corridas] foram bastante parecidas, para ser honesto&#8221;, disse Dennis. &#8220;Obviamente, Pascal [Wehrlein] e eu ficamos em primeiro e segundo, ent\u00e3o foi muito dif\u00edcil ultrapassar. O safety-car realmente fez a corrida ser muito r\u00e1pida no final, sem muita economia de energia, ent\u00e3o foi muito dif\u00edcil ultrapassar&#8221;, lamentou o brit\u00e2nico.<\/p>\n\n\n\n<p class=\"wp-block-paragraph\">\u201cEle parecia um pouco r\u00e1pido demais para n\u00f3s hoje, ent\u00e3o vamos trabalhar para as coisas melhorarem e tentarmos venc\u00ea-lo na \u00cdndia\u201d, comentou. &#8220;Obviamente estamos indo bem, em segundo lugar no campeonato e com um \u00f3timo carro, mas precisamos continuar trabalhando duro\u201d, concluiu.<\/p>\n\n\n\n<p class=\"wp-block-paragraph\">A F\u00f3rmula E faz uma pausa de duas semanas, mas ainda continua na \u00c1sia para a pr\u00f3xima etapa. Os carros Gen3 voltam a entrar em a\u00e7\u00e3o no dia <strong>11 de fevereiro<\/strong>, na primeira novidade do calend\u00e1rio em 2023: o <strong>eP de Hyderabad<\/strong>, na \u00cdndia<strong>. <\/strong>A etapa est\u00e1 programada para acontecer \u00e0s 6h30 (hor\u00e1rio de Bras\u00edlia), com direito a cobertura completa do <strong>GRANDE PR\u00caMIO.<\/strong><\/p>\n","protected":false},"excerpt":{"rendered":"<p>Figurinha carimbada do p\u00f3dio nas tr\u00eas corridas da F\u00f3rmula E na temporada, Jake Dennis afirmou que a sensa\u00e7\u00e3o de cada um deles \u00e9 \u00fanico e ressaltou a for\u00e7a da Porsche em 2023<\/p>\n","protected":false},"author":0,"featured_media":1000648303,"comment_status":"closed","ping_status":"closed","sticky":false,"template":"","format":"standard","meta":{"42wp_featured_image_caption":"","42wp_featured_image_credits":"","42wp_featured_video":"","42wp_featured_image_hidden":false,"42wp_authors_list":[],"footnotes":""},"categories":[19],"tags":[417,27360,379,840,31435,8928,1194,736],"42wp_author":[47150],"class_list":["post-105855","post","type-post","status-publish","format-standard","has-post-thumbnail","hentry","category-formula-e","tag-andretti","tag-ep-de-diriyah","tag-fe","tag-formula-e","tag-formula-e-2023","tag-jake-dennis","tag-pascal-wehrlein","tag-porsche","42wp_author-carol-sales"],"_links":{"self":[{"href":"https:\/\/grandepremio.com\/br\/wp-json\/wp\/v2\/posts\/105855","targetHints":{"allow":["GET"]}}],"collection":[{"href":"https:\/\/grandepremio.com\/br\/wp-json\/wp\/v2\/posts"}],"about":[{"href":"https:\/\/grandepremio.com\/br\/wp-json\/wp\/v2\/types\/post"}],"replies":[{"embeddable":true,"href":"https:\/\/grandepremio.com\/br\/wp-json\/wp\/v2\/comments?post=105855"}],"version-history":[{"count":0,"href":"https:\/\/grandepremio.com\/br\/wp-json\/wp\/v2\/posts\/105855\/revisions"}],"wp:featuredmedia":[{"embeddable":true,"href":"https:\/\/grandepremio.com\/br\/wp-json\/wp\/v2\/media\/1000648303"}],"wp:attachment":[{"href":"https:\/\/grandepremio.com\/br\/wp-json\/wp\/v2\/media?parent=105855"}],"wp:term":[{"taxonomy":"category","embeddable":true,"href":"https:\/\/grandepremio.com\/br\/wp-json\/wp\/v2\/categories?post=105855"},{"taxonomy":"post_tag","embeddable":true,"href":"https:\/\/grandepremio.com\/br\/wp-json\/wp\/v2\/tags?post=105855"},{"taxonomy":"42wp_author","embeddable":true,"href":"https:\/\/grandepremio.com\/br\/wp-json\/wp\/v2\/42wp_author?post=105855"}],"curies":[{"name":"wp","href":"https:\/\/api.w.org\/{rel}","templated":true}]}}