{"id":105897,"date":"2023-01-27T15:55:37","date_gmt":"2023-01-27T18:55:37","guid":{"rendered":"https:\/\/grandepremio.com\/br\/noticias\/pascal-wehrlein-enaltece-trabalho-da-porsche-apos-vitoria-no-ep-de-diriyah-1-carro-incrivel\/"},"modified":"2023-01-27T16:16:17","modified_gmt":"2023-01-27T19:16:17","slug":"pascal-wehrlein-enaltece-trabalho-da-porsche-apos-vitoria-no-ep-de-diriyah-1-carro-incrivel","status":"publish","type":"post","link":"https:\/\/grandepremio.com\/br\/formula-e\/pascal-wehrlein-enaltece-trabalho-da-porsche-apos-vitoria-no-ep-de-diriyah-1-carro-incrivel\/","title":{"rendered":"Wehrlein enaltece trabalho da Porsche ap\u00f3s vit\u00f3ria no eP de Diriyah 1: &#8220;Carro incr\u00edvel&#8221;"},"content":{"rendered":"\n<p class=\"wp-block-paragraph\"><strong>Pascal Wehrlein<\/strong> <a href=\"https:\/\/www.grandepremio.com\/br\/formula-e\/noticias\/pascal-wehrlein-sam-bird-ep-de-diriyah-1-vence-segunda-veza-formula-e\/\" class=\"ek-link\">conquistou a segunda vit\u00f3ria<\/a> na <strong>F\u00f3rmula E <\/strong>nessa sexta-feira (27) no <strong>eP de Diriyah 1<\/strong>. O alem\u00e3o da Porsche n\u00e3o havia passado para o mata-mata da classifica\u00e7\u00e3o e largou somente em nono, mas apresentou forte desempenho ao longo da prova, para terminar no lugar mais alto do p\u00f3dio, sendo <strong>0s531 <\/strong>mais r\u00e1pido que o segundo colocado <strong>Jake Dennis<\/strong>, da <strong>Andretti<\/strong>.<\/p>\n\n\n\n<p class=\"wp-block-paragraph\">Ap\u00f3s a vit\u00f3ria, Pascal atribuiu o sucesso na primeira corrida em Diriyah ao &#8220;trabalho duro&#8221; da equipe, &#8220;que lhe deu um carro r\u00e1pido&#8221;. &#8220;Estou t\u00e3o orgulhoso desses caras, inacredit\u00e1vel o carro que eu tive hoje. Fui de nono para primeiro, incr\u00edvel. Sou muito grato por ter essa equipe&#8221;, disse.<\/p>\n\n\n\n<p class=\"wp-block-paragraph\"><strong>\u25b6\ufe0f&nbsp;Inscreva-se nos dois canais do GRANDE PR\u00caMIO no YouTube:&nbsp;<a href=\"https:\/\/www.youtube.com\/channel\/UC9OlHEgxoaY6QY6nWPoiqQg?sub_confirmation=1\" target=\"_blank\" rel=\"noreferrer noopener\">GP<\/a>&nbsp;|&nbsp;<a href=\"https:\/\/www.youtube.com\/channel\/UC9csiS6q_C3C0FYhyr1rnFA?sub_confirmation=1\" target=\"_blank\" rel=\"noreferrer noopener\">GP2<\/a><\/strong><br><strong>\u25b6\ufe0f&nbsp;<a href=\"https:\/\/www.twitch.tv\/grandepremio\" target=\"_blank\" rel=\"noreferrer noopener\">Conhe\u00e7a o canal do GRANDE PR\u00caMIO na Twitch clicando aqui!<\/a><\/strong><\/p>\n\n\n\n<figure class=\"wp-block-image size-full\"><img decoding=\"async\" src=\"https:\/\/www.grandepremio.com\/br\/wp-content\/uploads\/2023\/01\/2-bird-wehrlein-diriyah.png\" alt=\"\" class=\"wp-image-647803\"\/><figcaption>Wehrlein ultrapassou Bird, que segurou a dianteira em parte da corrida. (Foto: Reprodu\u00e7\u00e3o\/F\u00f3rmula E)<\/figcaption><\/figure>\n\n\n\n<p class=\"wp-block-paragraph\">Wehrlein conquistou a segunda vit\u00f3ria na carreira, ap\u00f3s o <strong>eP do M\u00e9xico <\/strong>de 2022, e esse tamb\u00e9m foi o segundo triunfo da <strong>Porsche<\/strong>. O piloto de 28 anos tamb\u00e9m aproveitou para relembrar os objetivos que a esquadra alem\u00e3 tra\u00e7ou para essa temporada.<\/p>\n\n\n\n<p class=\"wp-block-paragraph\">\u201cTivemos muito trabalho para alcan\u00e7ar esses resultados. Tivemos alguns momentos de destaque aqui e ali no passado, mas definitivamente este ano quer\u00edamos dar um grande passo \u00e0 frente e sei o quanto esses caras est\u00e3o trabalhando\u201d, avaliou.<\/p>\n\n\n\n<p class=\"wp-block-paragraph\">\u201cEu tamb\u00e9m costumo dar o m\u00e1ximo junto com todos e, especialmente, tamb\u00e9m depois dos testes em Val\u00eancia, n\u00e3o est\u00e1vamos parecendo t\u00e3o fortes, ent\u00e3o eu sei quantas horas todos dedicaram e come\u00e7ando bem a temporada na primeira e na a segunda corrida \u00e9 incr\u00edvel. E como eu disse, apenas grato por todos e por seu trabalho duro e continuaremos nos esfor\u00e7ando\u201d, finalizou.<\/p>\n\n\n\n<p class=\"wp-block-paragraph\">A primeira corrida da <strong>F\u00f3rmula E<\/strong> em Diriyah teve o p\u00f3dio completado por Dennis, da Andretti, e por <strong>Sam Bird<\/strong>, que voltou a pisar no p\u00f3dio desde o eP de Nova York, em 2021. As atividades na Ar\u00e1bia Saudita continuam j\u00e1 nesse s\u00e1bado, com a segunda corrida tamb\u00e9m \u00e0s 14h. Dessa vez, o eP vai ter transmiss\u00e3o da Band &#8211; em TV aberta &#8211; e do BandSports, e cobertura do <strong>GRANDE PR\u00caMIO.<\/strong><\/p>\n","protected":false},"excerpt":{"rendered":"<p>O piloto alem\u00e3o largou em nono, venceu a primeira corrida do fim de semana, e destacou trabalho da equipe para lhe dar um carro r\u00e1pido e conquistar o topo na Ar\u00e1bia Saudita<\/p>\n","protected":false},"author":0,"featured_media":1000647840,"comment_status":"closed","ping_status":"closed","sticky":false,"template":"","format":"standard","meta":{"42wp_featured_image_caption":"","42wp_featured_image_credits":"","42wp_featured_video":"","42wp_featured_image_hidden":false,"42wp_authors_list":[],"footnotes":""},"categories":[19],"tags":[1242,33640,26736,27360,30779,8928,1194,736,976,14738],"42wp_author":[47150],"class_list":["post-105897","post","type-post","status-publish","format-standard","has-post-thumbnail","hentry","category-formula-e","tag-arabia-saudita","tag-automobilismo-eletrico","tag-diriyah","tag-ep-de-diriyah","tag-fe-2023","tag-jake-dennis","tag-pascal-wehrlein","tag-porsche","tag-sam-bird","tag-wehrlein","42wp_author-carol-sales"],"_links":{"self":[{"href":"https:\/\/grandepremio.com\/br\/wp-json\/wp\/v2\/posts\/105897","targetHints":{"allow":["GET"]}}],"collection":[{"href":"https:\/\/grandepremio.com\/br\/wp-json\/wp\/v2\/posts"}],"about":[{"href":"https:\/\/grandepremio.com\/br\/wp-json\/wp\/v2\/types\/post"}],"replies":[{"embeddable":true,"href":"https:\/\/grandepremio.com\/br\/wp-json\/wp\/v2\/comments?post=105897"}],"version-history":[{"count":0,"href":"https:\/\/grandepremio.com\/br\/wp-json\/wp\/v2\/posts\/105897\/revisions"}],"wp:featuredmedia":[{"embeddable":true,"href":"https:\/\/grandepremio.com\/br\/wp-json\/wp\/v2\/media\/1000647840"}],"wp:attachment":[{"href":"https:\/\/grandepremio.com\/br\/wp-json\/wp\/v2\/media?parent=105897"}],"wp:term":[{"taxonomy":"category","embeddable":true,"href":"https:\/\/grandepremio.com\/br\/wp-json\/wp\/v2\/categories?post=105897"},{"taxonomy":"post_tag","embeddable":true,"href":"https:\/\/grandepremio.com\/br\/wp-json\/wp\/v2\/tags?post=105897"},{"taxonomy":"42wp_author","embeddable":true,"href":"https:\/\/grandepremio.com\/br\/wp-json\/wp\/v2\/42wp_author?post=105897"}],"curies":[{"name":"wp","href":"https:\/\/api.w.org\/{rel}","templated":true}]}}