{"id":105939,"date":"2023-01-25T12:10:00","date_gmt":"2023-01-25T15:10:00","guid":{"rendered":"https:\/\/grandepremio.com\/br\/noticias\/confira-calendario-lancamento-equipes-temporada-2023-f1\/"},"modified":"2023-01-25T12:14:23","modified_gmt":"2023-01-25T15:14:23","slug":"confira-calendario-lancamento-equipes-temporada-2023-f1","status":"publish","type":"post","link":"https:\/\/grandepremio.com\/br\/f1\/confira-calendario-lancamento-equipes-temporada-2023-f1\/","title":{"rendered":"Confira calend\u00e1rio completo de lan\u00e7amento das equipes para F1 2023"},"content":{"rendered":"\n<figure class=\"wp-block-embed is-type-video is-provider-youtube wp-block-embed-youtube wp-embed-aspect-16-9 wp-has-aspect-ratio\"><div class=\"wp-block-embed__wrapper\">\n<iframe loading=\"lazy\" title=\"&quot;CORRIDAS SPRINT DA F1 S\u00c3O SUCESSO S\u00d3 EM INTERLAGOS&quot; | GP \u00e0s 10\" width=\"500\" height=\"281\" src=\"https:\/\/www.youtube.com\/embed\/NOXHFNezcb8?feature=oembed\" frameborder=\"0\" allow=\"accelerometer; autoplay; clipboard-write; encrypted-media; gyroscope; picture-in-picture; web-share\" referrerpolicy=\"strict-origin-when-cross-origin\" allowfullscreen><\/iframe>\n<\/div><\/figure>\n\n\n\n<p class=\"wp-block-paragraph\">E a <strong>F\u00f3rmula 1 2023 <\/strong>est\u00e1 prestes a come\u00e7ar para valer! O primeiro passo, como de costume, s\u00e3o os lan\u00e7amentos que cada equipe faz de seus respectivos carros, e os dez times do grid atual j\u00e1 reservaram datas para mostrar ao mundo os modelos que estar\u00e3o na pista este ano. A <strong>Haas<\/strong> foi a \u00faltima a confirmar seu respectivo cronograma, nesta quarta-feira (25).<\/p>\n\n\n\n<p class=\"wp-block-paragraph\">A equipe americana vai puxar a fila. O time de Guenther Steiner revelou que ir\u00e1 divulgar no dia 31 de janeiro a pintura do VF-23, <a href=\"https:\/\/www.grandepremio.com\/br\/f1\/noticias\/haas-fura-fila-anuncia-data-lancamento-vf-23-janeiro\/\" class=\"ek-link\">sendo assim o primeiro time a apresentar oficialmente seu carro para a temporada de 2023 da F1<\/a>.<\/p>\n\n\n\n<p class=\"wp-block-paragraph\">Antes disso, a <strong>Alfa Romeo<\/strong>\u00a0\u2014 que vai come\u00e7ar o \u00faltimo ano do envolvimento com a\u00a0<strong>Sauber<\/strong> \u2014 marcou a apresenta\u00e7\u00e3o oficial do novo carro para o dia 7 de fevereiro. Batizado de\u00a0<strong>C43<\/strong>, o novo b\u00f3lido ser\u00e1 mostrado ao mundo num evento em Zurique, na Su\u00ed\u00e7a, casa do Grupo Sauber. A expectativa \u00e9 de que, nos dias seguintes, a equipe realize um shakedown de filmagem no circuito de\u00a0Barcelona, finalizando a prepara\u00e7\u00e3o para os testes coletivos de pr\u00e9-temporada.<\/p>\n\n\n\n<p class=\"wp-block-paragraph\">O <strong>RB19 <\/strong>da atual campe\u00e3o Red Bull, por sua vez, ser\u00e1 revelado no dia <strong>3 de fevereiro<\/strong>, em evento em <strong>Nova York<\/strong>, nos Estados Unidos. O hor\u00e1rio ainda n\u00e3o foi confirmado, nem os canais de transmiss\u00e3o.<\/p>\n\n\n\n<p class=\"wp-block-paragraph\"><strong>\u25b6\ufe0f&nbsp;Inscreva-se nos dois canais do GRANDE PR\u00caMIO no YouTube:&nbsp;<a href=\"https:\/\/www.youtube.com\/channel\/UC9OlHEgxoaY6QY6nWPoiqQg?sub_confirmation=1\" target=\"_blank\" rel=\"noreferrer noopener\">GP<\/a>&nbsp;|&nbsp;<a href=\"https:\/\/www.youtube.com\/channel\/UC9csiS6q_C3C0FYhyr1rnFA?sub_confirmation=1\" target=\"_blank\" rel=\"noreferrer noopener\">GP2<\/a><\/strong><br><strong>\u25b6\ufe0f&nbsp;<a href=\"https:\/\/www.twitch.tv\/grandepremio\" target=\"_blank\" rel=\"noreferrer noopener\">Conhe\u00e7a o canal do GRANDE PR\u00caMIO na Twitch clicando aqui!<\/a><\/strong><\/p>\n\n\n\n<figure class=\"wp-block-image size-large\"><img decoding=\"async\" src=\"https:\/\/www.grandepremio.com\/br\/wp-content\/uploads\/2022\/11\/redbull-maxverstappen-afp-01-6-1024x683.jpg\" alt=\"\" class=\"wp-image-635052\"\/><figcaption>O novo carro de Max Verstappen ser\u00e1 o primeiro a ser apresentado para a F1 2023 (Foto: AFP) <\/figcaption><\/figure>\n\n\n\n<p class=\"wp-block-paragraph\">A principal metr\u00f3pole americana tamb\u00e9m ser\u00e1 palco de outro lan\u00e7amento da Red Bull: o da <strong>AT04<\/strong>, o modelo da <strong>AlphaTauri <\/strong>para a F1 2023. A apresenta\u00e7\u00e3o acontecer\u00e1 uma semana depois, dia <strong>11 de fevereiro<\/strong>, em hor\u00e1rio que ainda ser\u00e1 anunciado pela equipe de Faenza.<\/p>\n\n\n\n<p class=\"wp-block-paragraph\">Antes da AlphaTauri, no entanto, ser\u00e1 a vez da <strong>Williams<\/strong> tornar p\u00fablico o novo b\u00f3lido de Alexander Albon e do estreante Logan Sargeant. Ainda sem nome oficial, o carro de 2023 ser\u00e1 lan\u00e7amento no <strong>dia 6<\/strong>, \u00e0s 11h (de Bras\u00edlia, GMT-3), com transmiss\u00e3o ao vivo por meio digital.<\/p>\n\n\n\n<p class=\"wp-block-paragraph\">Seguindo a lista, duas equipes dividir\u00e3o as aten\u00e7\u00f5es dos f\u00e3s no dia <strong>13 de fevereiro<\/strong>: <strong>Aston Martin<\/strong> e <strong>McLaren<\/strong>. O time de Woking vai apresentar o <strong>MCL37<\/strong> em sua sede (McLaren Formula 1 Technology Centre) \u00e0s 14h (de Bras\u00edlia). <\/p>\n\n\n\n<p class=\"wp-block-paragraph\">Duas horas depois, \u00e0s 16h, a Aston Martin mostrar\u00e1 o <strong>AMR23 <\/strong>de Fernando Alonso e Lance Stroll, em evento tamb\u00e9m na sede da equipe, em Silverstone.<\/p>\n\n\n\n<p class=\"wp-block-paragraph\">A <strong>Ferrari<\/strong> escolheu uma data sugestiva para trazer ao mundo o seu Projeto 675 \u2014 como a equipe tem se referido ao novo carro, que ainda n\u00e3o tem nome oficial: <strong>14 de fevereiro<\/strong>, o <strong>Valentine&#8217;s Day<\/strong>, por\u00e9m ainda sem hor\u00e1rio confirmado. N\u00e3o se sabe tamb\u00e9m se o evento ser\u00e1 online ou presencial, mas o site italiano<em>&nbsp;Formu1a Uno<\/em>&nbsp;afirmou que a equipe far\u00e1 um dia de filmagem e shakedown logo depois do lan\u00e7amento, na pista de&nbsp;<a href=\"https:\/\/www.grandepremio.com\/br\/circuito\/399739\/\" target=\"_blank\" rel=\"noreferrer noopener\">\u00cdmola<\/a>, que fica pr\u00f3xima a&nbsp;Maranello.<\/p>\n\n\n\n<p class=\"wp-block-paragraph\">No dia seguinte, \u00e9 a vez da <strong>Mercedes<\/strong> encerrar o suspense em torno do seu <strong>W14<\/strong> &#8220;cheio de surpresas&#8221;, como o pr\u00f3prio Toto Wolff j\u00e1 definiu. O evento do time de Brackley ser\u00e1 em Silverstone, com transmiss\u00e3o via redes sociais, com hor\u00e1rio ainda a ser definido. A coincid\u00eancia, no entanto, fica por um detalhe: <strong>15 de fevereiro <\/strong>\u00e9 o dia do anivers\u00e1rio de <strong>George Russell<\/strong>, que j\u00e1 agradeceu pelo &#8220;presente&#8221;.<\/p>\n\n\n\n<p class=\"wp-block-paragraph\">A <strong>Alpine<\/strong> encerra a lista por enquanto. A <strong>A523<\/strong> ser\u00e1 revelada no <strong>dia 16<\/strong>, tamb\u00e9m na Inglaterra, mas na capital <strong>Londres<\/strong>. Hor\u00e1rio e transmiss\u00e3o ser\u00e3o confirmados pela equipe francesa.<\/p>\n\n\n\n<h3 class=\"wp-block-heading\" id=\"h-quais-sao-as-datas-de-lancamento-dos-carros-da-formula-1-2023\"><strong>Quais s\u00e3o as datas de lan\u00e7amento dos carros da F\u00f3rmula 1 2023?<\/strong><\/h3>\n\n\n\n<figure class=\"wp-block-table\"><table><tbody><tr><td><strong>TIME<\/strong><\/td><td><strong>DATA<\/strong><\/td><\/tr><tr><td>Haas <\/td><td>31\/01 <\/td><\/tr><tr><td>Red Bull<\/td><td>03\/02 <\/td><\/tr><tr><td>Williams <\/td><td>06\/02 <\/td><\/tr><tr><td>Alfa Romeo<\/td><td>07\/02<\/td><\/tr><tr><td>AlphaTauri<\/td><td>11\/02<\/td><\/tr><tr><td>Aston Martin<\/td><td>13\/02<\/td><\/tr><tr><td>McLaren<\/td><td>13\/02<\/td><\/tr><tr><td>Ferrari<\/td><td>14\/02<\/td><\/tr><tr><td>Mercedes<\/td><td>15\/02<\/td><\/tr><tr><td>Alpine<\/td><td>16\/02<\/td><\/tr><\/tbody><\/table><\/figure>\n\n\n\n<figure class=\"wp-block-embed is-type-video is-provider-youtube wp-block-embed-youtube wp-embed-aspect-16-9 wp-has-aspect-ratio\"><div class=\"wp-block-embed__wrapper\">\n<iframe loading=\"lazy\" title=\"J\u00c1 CHEGA! &quot;F1 N\u00c3O TEM MAIS DESCULPAS PARA ESNOBAR ANDRETTI&quot;\" width=\"500\" height=\"281\" src=\"https:\/\/www.youtube.com\/embed\/sUoeDpTJtFs?feature=oembed\" frameborder=\"0\" allow=\"accelerometer; autoplay; clipboard-write; encrypted-media; gyroscope; picture-in-picture; web-share\" referrerpolicy=\"strict-origin-when-cross-origin\" allowfullscreen><\/iframe>\n<\/div><\/figure>\n","protected":false},"excerpt":{"rendered":"<p>Com a confirma\u00e7\u00e3o da data de lan\u00e7amento do VF-23 da Haas, todos os times anunciaram os dias em que trar\u00e3o ao mundo seus respectivos carros para a F1 2023. Confira como ficou o calend\u00e1rio<\/p>\n","protected":false},"author":0,"featured_media":1000574197,"comment_status":"closed","ping_status":"closed","sticky":false,"template":"","format":"standard","meta":{"42wp_featured_image_caption":"","42wp_featured_image_credits":"","42wp_featured_video":"","42wp_featured_image_hidden":false,"42wp_authors_list":[],"footnotes":""},"categories":[2],"tags":[457,524,20491,309,6533,207,180,1491,28285,119,90,82,204,31447,215],"42wp_author":[47143,47147,47109],"class_list":["post-105939","post","type-post","status-publish","format-standard","has-post-thumbnail","hentry","category-f1","tag-alfa-romeo","tag-alphatauri","tag-alpine","tag-aston-martin","tag-f1-2023","tag-ferrari","tag-formula-1","tag-grande-premio","tag-grandepremio","tag-haas","tag-mclaren","tag-mercedes","tag-red-bull","tag-temporada-2023-f1","tag-williams","42wp_author-felipe-leite","42wp_author-luana-marino","42wp_author-redacao-gp"],"_links":{"self":[{"href":"https:\/\/grandepremio.com\/br\/wp-json\/wp\/v2\/posts\/105939","targetHints":{"allow":["GET"]}}],"collection":[{"href":"https:\/\/grandepremio.com\/br\/wp-json\/wp\/v2\/posts"}],"about":[{"href":"https:\/\/grandepremio.com\/br\/wp-json\/wp\/v2\/types\/post"}],"replies":[{"embeddable":true,"href":"https:\/\/grandepremio.com\/br\/wp-json\/wp\/v2\/comments?post=105939"}],"version-history":[{"count":0,"href":"https:\/\/grandepremio.com\/br\/wp-json\/wp\/v2\/posts\/105939\/revisions"}],"wp:featuredmedia":[{"embeddable":true,"href":"https:\/\/grandepremio.com\/br\/wp-json\/wp\/v2\/media\/1000574197"}],"wp:attachment":[{"href":"https:\/\/grandepremio.com\/br\/wp-json\/wp\/v2\/media?parent=105939"}],"wp:term":[{"taxonomy":"category","embeddable":true,"href":"https:\/\/grandepremio.com\/br\/wp-json\/wp\/v2\/categories?post=105939"},{"taxonomy":"post_tag","embeddable":true,"href":"https:\/\/grandepremio.com\/br\/wp-json\/wp\/v2\/tags?post=105939"},{"taxonomy":"42wp_author","embeddable":true,"href":"https:\/\/grandepremio.com\/br\/wp-json\/wp\/v2\/42wp_author?post=105939"}],"curies":[{"name":"wp","href":"https:\/\/api.w.org\/{rel}","templated":true}]}}