{"id":10594,"date":"2026-03-27T07:07:00","date_gmt":"2026-03-27T10:07:00","guid":{"rendered":"https:\/\/grandepremio.com\/br\/noticias\/oscar-piastri-aprova-sexta-feira-japao-exalta-progresso-mclaren-sensacao-positiva\/"},"modified":"2026-03-27T07:20:29","modified_gmt":"2026-03-27T10:20:29","slug":"oscar-piastri-aprova-sexta-feira-japao-exalta-progresso-mclaren-sensacao-positiva","status":"publish","type":"post","link":"https:\/\/grandepremio.com\/br\/f1\/oscar-piastri-aprova-sexta-feira-japao-exalta-progresso-mclaren-sensacao-positiva\/","title":{"rendered":"Piastri aprova sexta-feira no Jap\u00e3o e exalta progresso da McLaren: \u201cSensa\u00e7\u00e3o positiva\u201d"},"content":{"rendered":"\n<p class=\"wp-block-paragraph\">Para a surpresa de muitos, <strong>Oscar Piastri<\/strong> apareceu com for\u00e7a no <strong>TL2 <\/strong>do <strong>GP do Jap\u00e3o<\/strong> nesta sexta-feira (27), em <strong>Suzuka<\/strong>, e <a href=\"https:\/\/www.grandepremio.com\/br\/f1\/noticias\/oscar-piastri-surpreende-mercedes-lidera-tl2-gp-japao-gabriel-bortoleto-sofre-motor\/\">liderou a sess\u00e3o<\/a>, batendo a dominante <strong>Mercedes<\/strong>, que completou o top-3 com <strong>Andrea Kimi Antonelli<\/strong> e <strong>George Russell<\/strong>. Ao final do dia de atividades, o piloto do <strong>#81<\/strong> exaltou o progresso feito pela <strong>McLaren <\/strong>desde o <strong><a href=\"https:\/\/www.grandepremio.com\/br\/f1\/noticias\/george-russell-bate-kimi-antonelli-duelo-mercedes-lidera-tl1-gp-japao-gabriel-bortoleto-11o\/\">TL1 <\/a><\/strong>at\u00e9 o final do segundo treino livre e reconheceu que o resultado \u00e9 &#8220;encorajador&#8221;. <\/p>\n\n\n\n<p class=\"wp-block-paragraph\">Na segunda sess\u00e3o, Piastri deu 29 voltas e marcou 1min30s133 na melhor delas, sendo apenas 0s092 mais r\u00e1pido que Antonelli. No final, terminou o dia com uma &#8220;sensa\u00e7\u00e3o positiva&#8221; e ressaltou que a equipe conseguiu coletar muitos dados ao longo da sexta-feira, apesar de <strong>Lando Norris<\/strong> <a href=\"https:\/\/www.grandepremio.com\/br\/f1\/noticias\/lando-norris-se-lamuria-problema-mclaren-tl2-japao-nao-comeco-sonhos\/\">ter uma participa\u00e7\u00e3o limitada no TL2<\/a>. <\/p>\n\n\n\n<figure class=\"wp-block-embed is-type-video is-provider-youtube wp-block-embed-youtube wp-embed-aspect-16-9 wp-has-aspect-ratio\"><div class=\"wp-block-embed__wrapper\">\n<iframe loading=\"lazy\" title=\"F1 2026: PIASTRI BATE MERCEDES | TREINOS LIVRES DO GP DO JAP\u00c3O | BRIEFING [f1 highlights]\" width=\"500\" height=\"281\" src=\"https:\/\/www.youtube.com\/embed\/gBj-0g1-LNA?feature=oembed\" frameborder=\"0\" allow=\"accelerometer; autoplay; clipboard-write; encrypted-media; gyroscope; picture-in-picture; web-share\" referrerpolicy=\"strict-origin-when-cross-origin\" allowfullscreen><\/iframe>\n<\/div><\/figure>\n\n\n\n<p class=\"wp-block-paragraph\">Ainda assim, Piastri n\u00e3o nega a for\u00e7a da Mercedes e de outros concorrentes e entende que \u00e9 preciso focar no pr\u00f3prio trabalho para maximizar as chances de ter um bom resultado no Jap\u00e3o. <\/p>\n\n\n\n<p class=\"wp-block-paragraph\">\u201cNo geral, foi um dia razo\u00e1vel para n\u00f3s. Sentimos que tivemos um bom progresso, especialmente no segundo treino livre, o que foi encorajador. A sensa\u00e7\u00e3o \u00e9 positiva, e coletamos dados valiosos que nos colocam em uma posi\u00e7\u00e3o s\u00f3lida\u201d, refletiu Piastri. <\/p>\n\n\n\n<p class=\"wp-block-paragraph\">\u201cSabemos que ainda h\u00e1 trabalho a ser feito, e est\u00e1 claro que alguns dos concorrentes, especialmente a Mercedes, est\u00e3o muito fortes. No entanto, o foco est\u00e1 no nosso pr\u00f3prio desempenho. Esperamos construir sobre o progresso de hoje e levar esse embalo adiante para sermos ainda mais competitivos\u201d, finalizou. <\/p>\n\n\n\n<p class=\"wp-block-paragraph\" id=\"h-gp-experience-o-novo-produto-do-grande-premio-conecta-voce-aos-maiores-eventos-de-esporte-a-motor-do-mundo-va-para-indianapolis-com-a-gente-saiba-aqui-todos-os-detalhes\">O&nbsp;<strong>GRANDE PR\u00caMIO<\/strong>&nbsp;acompanha todas as atividades do&nbsp;<strong>GP do Jap\u00e3o<\/strong>, terceira etapa da&nbsp;<strong>temporada 2026&nbsp;<\/strong>da F1,<a href=\"https:\/\/www.grandepremio.com\/br\/ao-vivo\/f1\/\">&nbsp;<strong>AO VIVO E EM&nbsp;<\/strong><\/a><strong><a href=\"https:\/\/www.grandepremio.com\/br\/ao-vivo\/\" target=\"_blank\" rel=\"noreferrer noopener\">TEMPO REAL<\/a><\/strong>,&nbsp;<a href=\"https:\/\/www.youtube.com\/@GrandePremio1\/streams\">al\u00e9m de classifica\u00e7\u00e3o e corrida em&nbsp;<strong>SEGUNDA TELA&nbsp;<\/strong>no YouTube<\/a>, em parceria com a&nbsp;<strong>Voz do Esporte<\/strong>. O&nbsp;<strong>Briefing&nbsp;<\/strong>chega para analisar ap\u00f3s o fim de cada dia de atividades nas redes sociais e na&nbsp;<strong>GPTV<\/strong>.<\/p>\n\n\n\n<h2 class=\"wp-block-heading\" id=\"h-gp-do-japao-de-f1-veja-os-horarios-em-brasil-cabo-verde-nbsp-portugal-angola-e-mocambique\"><strong>GP do Jap\u00e3o de F1: veja os hor\u00e1rios em Brasil, Cabo Verde,&nbsp;<a href=\"https:\/\/grandepremio.pt\/\" target=\"_blank\" rel=\"noreferrer noopener\">Portugal<\/a>, Angola e Mo\u00e7ambique:<\/strong><\/h2>\n\n\n\n<figure class=\"wp-block-table\"><table class=\"has-fixed-layout\"><tbody><tr><td class=\"has-text-align-left\" data-align=\"left\"><strong>Sess\u00e3o<\/strong><\/td><td class=\"has-text-align-left\" data-align=\"left\"><strong>BRA*<\/strong><\/td><td class=\"has-text-align-left\" data-align=\"left\"><strong>CBV<\/strong><\/td><td class=\"has-text-align-left\" data-align=\"left\"><strong>POR<\/strong><br><strong>ANG<\/strong><\/td><td class=\"has-text-align-left\" data-align=\"left\"><strong>MOZ<\/strong><\/td><\/tr><tr><td class=\"has-text-align-left\" data-align=\"left\">Treino livre 3<\/td><td class=\"has-text-align-left\" data-align=\"left\">23:30<\/td><td class=\"has-text-align-left\" data-align=\"left\">01:30<\/td><td class=\"has-text-align-left\" data-align=\"left\">03:30<\/td><td class=\"has-text-align-left\" data-align=\"left\">04:30<\/td><\/tr><tr><td class=\"has-text-align-left\" data-align=\"left\">Classifica\u00e7\u00e3o<\/td><td class=\"has-text-align-left\" data-align=\"left\">03:00<\/td><td class=\"has-text-align-left\" data-align=\"left\">05:30<\/td><td class=\"has-text-align-left\" data-align=\"left\">07:00<\/td><td class=\"has-text-align-left\" data-align=\"left\">08:00<\/td><\/tr><tr><td class=\"has-text-align-left\" data-align=\"left\">Corrida<\/td><td class=\"has-text-align-left\" data-align=\"left\">02:00<\/td><td class=\"has-text-align-left\" data-align=\"left\">04:30<\/td><td class=\"has-text-align-left\" data-align=\"left\">06:00<\/td><td class=\"has-text-align-left\" data-align=\"left\">07:00<\/td><\/tr><\/tbody><\/table><\/figure>\n\n\n\n<p class=\"wp-block-paragraph\"><em>*Hor\u00e1rio de Bras\u00edlia<\/em><\/p>\n\n\n\n<p class=\"wp-block-paragraph\">\u00a0<strong>Inscreva-se nos dois canais do GRANDE PR\u00caMIO no YouTube:\u00a0<a href=\"https:\/\/www.youtube.com\/channel\/UC9OlHEgxoaY6QY6nWPoiqQg?sub_confirmation=1\">GP<\/a>\u00a0|\u00a0<a href=\"https:\/\/www.youtube.com\/channel\/UC9csiS6q_C3C0FYhyr1rnFA?sub_confirmation=1\">GPTV<\/a><\/strong><\/p>\n\n\n\n<p class=\"wp-block-paragraph\"><strong>F1 hoje: saiba aqui as not\u00edcias mais importantes do dia da F\u00f3rmula 1<\/strong><\/p>\n\n\n\n<p class=\"wp-block-paragraph\">A reda\u00e7\u00e3o do&nbsp;<strong>GRANDE PR\u00caMIO<\/strong>&nbsp;selecionou as not\u00edcias mais importantes das \u00faltimas horas para voc\u00ea ficar por dentro de tudo que acontece na F1.<\/p>\n\n\n\n<p class=\"wp-block-paragraph\">\u00a0<a href=\"https:\/\/www.grandepremio.com\/br\/f1\/noticias\/oscar-piastri-surpreende-mercedes-lidera-tl2-gp-japao-gabriel-bortoleto-sofre-motor\/\"><strong>Piastri surpreende Mercedes e lidera TL2 do GP do Jap\u00e3o. Bortoleto sofre com motor<\/strong><\/a><br>\u00a0<a href=\"https:\/\/www.grandepremio.com\/br\/f1\/noticias\/george-russell-bate-kimi-antonelli-duelo-mercedes-lidera-tl1-gp-japao-gabriel-bortoleto-11o\/\"><strong>Russell bate Antonelli em duelo da Mercedes e lidera TL1 do GP do Jap\u00e3o. Bortoleto \u00e9 11\u00ba<\/strong><\/a><br>\u00a0<a href=\"https:\/\/www.grandepremio.com\/br\/f1\/noticias\/gabriel-bortoleto-elogia-audi-mas-tem-sentimentos-mistos-apos-primeiros-treinos-japao\/\"><strong>Bortoleto elogia Audi, mas tem \u201csentimentos mistos\u201d ap\u00f3s primeiros treinos no Jap\u00e3o<\/strong><\/a><br>\u00a0<a href=\"https:\/\/www.grandepremio.com\/br\/f1\/noticias\/lewis-hamilton-elucida-radio-falta-confianca-japao-pista-extremamente-exigente\/\"><strong>Hamilton elucida r\u00e1dio sobre falta de confian\u00e7a no Jap\u00e3o: \u201cPista extremamente exigente\u201d<\/strong><\/a><br>\u00a0<a href=\"https:\/\/www.grandepremio.com\/br\/f1\/noticias\/victor-martins-max-verstappen-mostra-f1-segue-posturas-pateticas-incluindo-imprensa\/\"><strong>Victor Martins: Verstappen expulsa jornalista em papel pat\u00e9tico (e dos coleguinhas tamb\u00e9m)<\/strong><\/a><br>\u00a0<a href=\"https:\/\/www.grandepremio.com\/br\/f1\/noticias\/fia-confirma-ajuste-ultima-hora-classificacao-gp-japao-f1\/\"><strong>FIA confirma ajuste de \u00faltima hora para classifica\u00e7\u00e3o do GP do Jap\u00e3o de F1<\/strong><\/a><a href=\"https:\/\/www.grandepremio.com\/br\/chefao\/\" target=\"_blank\" rel=\"noreferrer noopener\"><\/a><\/p>\n","protected":false},"excerpt":{"rendered":"<p>Para Oscar Piastri, o primeiro dia de atividades do GP do Jap\u00e3o foi &#8220;razo\u00e1vel&#8221; para a McLaren. Ainda assim, reconhece que a Mercedes segue bastante forte neste fim de semana<\/p>\n","protected":false},"author":0,"featured_media":1001072009,"comment_status":"closed","ping_status":"closed","sticky":false,"template":"","format":"standard","meta":{"42wp_featured_image_caption":"","42wp_featured_image_credits":"","42wp_featured_video":"","42wp_featured_image_hidden":false,"42wp_authors_list":[],"footnotes":""},"categories":[2],"tags":[26271,5273,147,29516,29148,180,31425,28995,3023,38972,1491,28285,30840,24855,46326,32659,547,90,35129,2916,608,46327,32660,31470],"42wp_author":[47162],"class_list":["post-10594","post","type-post","status-publish","format-standard","has-post-thumbnail","hentry","category-f1","tag-calendario-f1","tag-classificacao-f1","tag-f1","tag-f1-2026","tag-f1-hoje","tag-formula-1","tag-formula-1-2026","tag-formula-1-hoje","tag-gp-do-japao","tag-gp-do-japao-f1","tag-grande-premio","tag-grandepremio","tag-horarios-f1","tag-japao","tag-japao-2026","tag-japao-f1","tag-lando-norris","tag-mclaren","tag-onde-assistir-f1","tag-oscar-piastri","tag-suzuka","tag-suzuka-2026","tag-suzuka-f1","tag-temporada-2026-f1","42wp_author-giovani-danjo"],"_links":{"self":[{"href":"https:\/\/grandepremio.com\/br\/wp-json\/wp\/v2\/posts\/10594","targetHints":{"allow":["GET"]}}],"collection":[{"href":"https:\/\/grandepremio.com\/br\/wp-json\/wp\/v2\/posts"}],"about":[{"href":"https:\/\/grandepremio.com\/br\/wp-json\/wp\/v2\/types\/post"}],"replies":[{"embeddable":true,"href":"https:\/\/grandepremio.com\/br\/wp-json\/wp\/v2\/comments?post=10594"}],"version-history":[{"count":0,"href":"https:\/\/grandepremio.com\/br\/wp-json\/wp\/v2\/posts\/10594\/revisions"}],"wp:featuredmedia":[{"embeddable":true,"href":"https:\/\/grandepremio.com\/br\/wp-json\/wp\/v2\/media\/1001072009"}],"wp:attachment":[{"href":"https:\/\/grandepremio.com\/br\/wp-json\/wp\/v2\/media?parent=10594"}],"wp:term":[{"taxonomy":"category","embeddable":true,"href":"https:\/\/grandepremio.com\/br\/wp-json\/wp\/v2\/categories?post=10594"},{"taxonomy":"post_tag","embeddable":true,"href":"https:\/\/grandepremio.com\/br\/wp-json\/wp\/v2\/tags?post=10594"},{"taxonomy":"42wp_author","embeddable":true,"href":"https:\/\/grandepremio.com\/br\/wp-json\/wp\/v2\/42wp_author?post=10594"}],"curies":[{"name":"wp","href":"https:\/\/api.w.org\/{rel}","templated":true}]}}