{"id":105940,"date":"2023-01-25T12:04:26","date_gmt":"2023-01-25T15:04:26","guid":{"rendered":"https:\/\/grandepremio.com\/br\/noticias\/rodin-acerta-compra-se-torna-acionista-majoritaria-carlin-2023\/"},"modified":"2023-01-25T12:05:55","modified_gmt":"2023-01-25T15:05:55","slug":"rodin-acerta-compra-se-torna-acionista-majoritaria-carlin-2023","status":"publish","type":"post","link":"https:\/\/grandepremio.com\/br\/f2\/rodin-acerta-compra-se-torna-acionista-majoritaria-carlin-2023\/","title":{"rendered":"Rodin acerta compra e se torna acionista majorit\u00e1ria da Carlin a partir de 2023"},"content":{"rendered":"\n<figure class=\"wp-block-embed is-type-video is-provider-youtube wp-block-embed-youtube wp-embed-aspect-16-9 wp-has-aspect-ratio\"><div class=\"wp-block-embed__wrapper\">\n<iframe loading=\"lazy\" title=\"ALERTA PARA ENZO FITTIPALDI: &quot;\u00c9 VENCER OU VENCER ZANE MALONEY NA F2&quot; | GP \u00e0s 10\" width=\"500\" height=\"281\" src=\"https:\/\/www.youtube.com\/embed\/JHdWvAwfyoU?feature=oembed\" frameborder=\"0\" allow=\"accelerometer; autoplay; clipboard-write; encrypted-media; gyroscope; picture-in-picture; web-share\" referrerpolicy=\"strict-origin-when-cross-origin\" allowfullscreen><\/iframe>\n<\/div><\/figure>\n\n\n\n<p class=\"wp-block-paragraph\">A <strong>Rodin<\/strong>, empresa automotiva neozelandesa, acertou a compra da equipe brit\u00e2nica <strong>Carlin<\/strong>, que agora se chamar\u00e1 <strong>Rodin Carlin<\/strong>. A parceria entre as duas marcas se iniciou na temporada passada, quando os neozelandeses <strong>Liam Lawson <\/strong>e <strong>Louis Sharp <\/strong>correram pelo time na <strong>F\u00f3rmula 2<\/strong> e na <strong>F\u00f3rmula 4 brit\u00e2nica<\/strong>, respectivamente, e agora foi oficializada com a Rodin se tornando acionista majorit\u00e1ria.<\/p>\n\n\n\n<p class=\"wp-block-paragraph\">&#8220;Ficamos extremamente impressionados durante a temporada passada com a Carlin com nosso envolvimento com Liam e Louis, ambos tendo desfrutado grande sucesso&#8221;, disse <strong>David Dicker<\/strong>, novo presidente da equipe. &#8220;Trevor [Carlin] e eu compartilhamos as mesmas ambi\u00e7\u00f5es e, tendo visto em primeira m\u00e3o o que a equipe j\u00e1 pode alcan\u00e7ar, fazer parte da for\u00e7a motriz do futuro \u00e9 extremamente empolgante&#8221;, destacou.<\/p>\n\n\n\n<p class=\"wp-block-paragraph\">\u201cNosso investimento na equipe enfatiza nossa inten\u00e7\u00e3o no setor de automobilismo, que tem sido uma grande paix\u00e3o para mim h\u00e1 muitos anos. Trevor e eu temos uma obsess\u00e3o por performance e competi\u00e7\u00e3o que ir\u00e1 consolidar a equipe Rodin Carlin na frente nas pr\u00f3ximas temporadas&#8221;, concluiu Dicker.<\/p>\n\n\n\n<p class=\"wp-block-paragraph\"><strong>\u25b6\ufe0f&nbsp;Inscreva-se nos dois canais do GRANDE PR\u00caMIO no YouTube:&nbsp;<a href=\"https:\/\/www.youtube.com\/channel\/UC9OlHEgxoaY6QY6nWPoiqQg?sub_confirmation=1\" target=\"_blank\" rel=\"noreferrer noopener\">GP<\/a>&nbsp;|&nbsp;<a href=\"https:\/\/www.youtube.com\/channel\/UC9csiS6q_C3C0FYhyr1rnFA?sub_confirmation=1\" target=\"_blank\" rel=\"noreferrer noopener\">GP2<\/a><\/strong><br><strong>\u25b6\ufe0f&nbsp;<a href=\"https:\/\/www.twitch.tv\/grandepremio\" target=\"_blank\" rel=\"noreferrer noopener\">Conhe\u00e7a o canal do GRANDE PR\u00caMIO na Twitch clicando aqui!<\/a><\/strong><\/p>\n\n\n\n<figure class=\"wp-block-image size-large\"><img decoding=\"async\" src=\"https:\/\/www.grandepremio.com\/br\/wp-content\/uploads\/2023\/01\/trevor-carlin-david-dicker-1-1024x683.jpg\" alt=\"\" class=\"wp-image-647132\"\/><figcaption>Trevor Carlin e David Dicker, novo dono da Carlin (Foto: Carlin)<\/figcaption><\/figure>\n\n\n\n<p class=\"wp-block-paragraph\">Trevor e Stephanie Carlin seguir\u00e3o comandando as opera\u00e7\u00f5es da equipe no dia a dia, sem mudan\u00e7as no quadro de funcion\u00e1rios. Em 2023, a <strong>Rodin Carlin<\/strong> ir\u00e1 disputar a <strong>F\u00f3rmula 2<\/strong>, <strong>F\u00f3rmula 3, F4 brit\u00e2nica<\/strong>, <strong>GB3<\/strong>, e far\u00e1 sua estreia na <strong>F4 espanhola<\/strong>. A \u00faltima reestrutura\u00e7\u00e3o interna havia sido em 2010, quando Grahame Chilton investiu na equipe.<\/p>\n\n\n\n<p class=\"wp-block-paragraph\">&#8220;Estamos extremamente empolgados em come\u00e7ar esta nova era da equipe como Rodin Carlin e continuar nossa hist\u00f3ria de vit\u00f3rias em corridas e campeonatos&#8221;, contou <strong>Trevor Carlin<\/strong>. &#8220;David compartilha nossa vis\u00e3o de se tornar a equipe de ponta em todos os campeonatos em que competimos e estou muito empolgado por estar nesta jornada ao lado de uma empresa t\u00e3o inovadora como a Rodin Cars&#8221;, celebrou.<\/p>\n\n\n\n<figure class=\"wp-block-image size-large\"><img decoding=\"async\" src=\"https:\/\/www.grandepremio.com\/br\/wp-content\/uploads\/2023\/01\/Fittipaldi-na-Carlin-oficial-1024x683.jpg\" alt=\"\" class=\"wp-image-646740\"\/><figcaption>Enzo Fittipaldi vai correr na atual vice-campe\u00e3 Carlin na F2 2023 (Foto: Carlin)<\/figcaption><\/figure>\n\n\n\n<p class=\"wp-block-paragraph\">&#8220;Tamb\u00e9m gostaria de agradecer a Grahame Chilton por seu incr\u00edvel apoio durante as \u00faltimas 13 temporadas como acionista e parceiro de neg\u00f3cios. N\u00f3s ganhamos v\u00e1rios campeonatos e corridas pelo mundo durante nosso tempo juntos e ajudamos in\u00fameros pilotos no caminho para o n\u00edvel mais alto do esporte. Nossa fant\u00e1stica f\u00e1brica continuar\u00e1 sendo um grande legado do que constru\u00edmos juntos&#8221;, concluiu <strong>Carlin<\/strong>.<\/p>\n\n\n\n<p class=\"wp-block-paragraph\">Em 2023, <a href=\"https:\/\/www.grandepremio.com\/br\/f2\/noticias\/carlin-confirma-enzo-fittipaldi-piloto-temporada-2023-formula-2\/\" class=\"ek-link\">a <strong>Carlin <\/strong>contar\u00e1 com o brasileiro <strong>Enzo Fittipaldi<\/strong> <\/a>e o barbadiano <strong>Zane Maloney<\/strong> na <strong>F\u00f3rmula 2<\/strong>. J\u00e1 na <strong>F\u00f3rmula 3<\/strong>, o time anunciou apenas dois de seus tr\u00eas pilotos: o americano Hunter Yeany e o brit\u00e2nico Oliver Gray. A temporada de ambas as categorias se inicia entre os dias 3 e 5 de mar\u00e7o, com a etapa do <strong>Bahrein<\/strong>.<\/p>\n","protected":false},"excerpt":{"rendered":"<p>A construtora de carros neozelandesa Rodin, que financiou a temporada de Liam Lawson na F\u00f3rmula 2 em 2022, se tornou acionista majorit\u00e1ria da Carlin, tradicional equipe brit\u00e2nica das categorias de base<\/p>\n","protected":false},"author":0,"featured_media":1000545688,"comment_status":"closed","ping_status":"closed","sticky":false,"template":"","format":"standard","meta":{"42wp_featured_image_caption":"","42wp_featured_image_credits":"","42wp_featured_video":"","42wp_featured_image_hidden":false,"42wp_authors_list":[],"footnotes":""},"categories":[9],"tags":[409,111,32048,1008,32564,2208,32407,8057,32563,1491,595,33638,28107],"42wp_author":[47144],"class_list":["post-105940","post","type-post","status-publish","format-standard","has-post-thumbnail","hentry","category-f2","tag-enzo-fittipaldi","tag-f2","tag-f2-2023","tag-f3","tag-f3-2023","tag-formula-2","tag-formula-2-2023","tag-formula-3","tag-formula-3-2023","tag-grande-premio","tag-liam-lawson","tag-rodin","tag-zane-maloney","42wp_author-andre-netto"],"_links":{"self":[{"href":"https:\/\/grandepremio.com\/br\/wp-json\/wp\/v2\/posts\/105940","targetHints":{"allow":["GET"]}}],"collection":[{"href":"https:\/\/grandepremio.com\/br\/wp-json\/wp\/v2\/posts"}],"about":[{"href":"https:\/\/grandepremio.com\/br\/wp-json\/wp\/v2\/types\/post"}],"replies":[{"embeddable":true,"href":"https:\/\/grandepremio.com\/br\/wp-json\/wp\/v2\/comments?post=105940"}],"version-history":[{"count":0,"href":"https:\/\/grandepremio.com\/br\/wp-json\/wp\/v2\/posts\/105940\/revisions"}],"wp:featuredmedia":[{"embeddable":true,"href":"https:\/\/grandepremio.com\/br\/wp-json\/wp\/v2\/media\/1000545688"}],"wp:attachment":[{"href":"https:\/\/grandepremio.com\/br\/wp-json\/wp\/v2\/media?parent=105940"}],"wp:term":[{"taxonomy":"category","embeddable":true,"href":"https:\/\/grandepremio.com\/br\/wp-json\/wp\/v2\/categories?post=105940"},{"taxonomy":"post_tag","embeddable":true,"href":"https:\/\/grandepremio.com\/br\/wp-json\/wp\/v2\/tags?post=105940"},{"taxonomy":"42wp_author","embeddable":true,"href":"https:\/\/grandepremio.com\/br\/wp-json\/wp\/v2\/42wp_author?post=105940"}],"curies":[{"name":"wp","href":"https:\/\/api.w.org\/{rel}","templated":true}]}}