{"id":105957,"date":"2023-01-24T10:51:48","date_gmt":"2023-01-24T13:51:48","guid":{"rendered":"https:\/\/grandepremio.com\/br\/noticias\/lewis-hamilton-dispara-desigualdade-social-ninguem-deveria-ter-bilhoes\/"},"modified":"2023-01-24T10:52:44","modified_gmt":"2023-01-24T13:52:44","slug":"lewis-hamilton-dispara-desigualdade-social-ninguem-deveria-ter-bilhoes","status":"publish","type":"post","link":"https:\/\/grandepremio.com\/br\/f1\/lewis-hamilton-dispara-desigualdade-social-ninguem-deveria-ter-bilhoes\/","title":{"rendered":"Hamilton dispara sobre desigualdade social: &#8220;Ningu\u00e9m deveria poder ter bilh\u00f5es&#8221;"},"content":{"rendered":"\n<figure class=\"wp-block-embed is-type-video is-provider-youtube wp-block-embed-youtube wp-embed-aspect-16-9 wp-has-aspect-ratio\"><div class=\"wp-block-embed__wrapper\">\n<iframe loading=\"lazy\" title=\"BOMBA! F\u00d3RMULA 1 DIZ N\u00c3O \u00c0 AR\u00c1BIA SAUDITA - E COM RAZ\u00c3O\" width=\"500\" height=\"281\" src=\"https:\/\/www.youtube.com\/embed\/z7oWwZ-O3Mw?start=6&amp;feature=oembed\" frameborder=\"0\" allow=\"accelerometer; autoplay; clipboard-write; encrypted-media; gyroscope; picture-in-picture; web-share\" referrerpolicy=\"strict-origin-when-cross-origin\" allowfullscreen><\/iframe>\n<\/div><\/figure>\n\n\n\n<p class=\"wp-block-paragraph\"><strong>Lewis Hamilton<\/strong> \u00e9 um dos pilotos da <strong>F\u00f3rmula 1<\/strong> mais envolvido em causas sociais. Ao lado de <strong>Sebastian Vettel<\/strong>, os dois participaram de diversas manifesta\u00e7\u00f5es protestando contra o <strong>racismo<\/strong>, direitos <strong>LGBTQIA+<\/strong> e causas sociais e ambientais, algo que a Federa\u00e7\u00e3o Internacional de Automobilismo (<strong>FIA<\/strong>) pretende regulamentar em 2023.<\/p>\n\n\n\n<p class=\"wp-block-paragraph\">Questionado em um podcast sobre quais as leis que gostaria de mudar, <strong>Hamilton<\/strong> disse que tem dificuldades para entender a desigualdade social existente no mundo. O heptacampe\u00e3o revelou que gostaria que houvessem mecanismos de controle que impedissem o ac\u00famulo de grandes fortunas, j\u00e1 que enquanto alguns acumulam <strong>bilh\u00f5es<\/strong>, outros passam <strong>fome<\/strong>.<\/p>\n\n\n\n<p class=\"wp-block-paragraph\">\u201cUma das coisas que tenho dificuldades todos os dias \u00e9, e \u00e9 assim que a vida \u00e9 e tem sido assim por milhares de anos, \u00e9 que temos uma diferen\u00e7a muito grande entre ricos e pobres. Quando voc\u00ea dirige por Los Angeles, ainda h\u00e1 muitas pessoas morando nas ruas\u201d, disse Lewis ao entrevistador Jay Shetty.<\/p>\n\n\n\n<p class=\"wp-block-paragraph\"><strong>\u25b6\ufe0f\u00a0Inscreva-se nos dois canais do GRANDE PR\u00caMIO no YouTube:\u00a0<a href=\"https:\/\/www.youtube.com\/channel\/UC9OlHEgxoaY6QY6nWPoiqQg?sub_confirmation=1\" target=\"_blank\" rel=\"noreferrer noopener\">GP<\/a>\u00a0|\u00a0<a href=\"https:\/\/www.youtube.com\/channel\/UC9csiS6q_C3C0FYhyr1rnFA?sub_confirmation=1\" target=\"_blank\" rel=\"noreferrer noopener\">GP2<\/a><\/strong><br><strong>\u25b6\ufe0f\u00a0<a href=\"https:\/\/www.twitch.tv\/grandepremio\" target=\"_blank\" rel=\"noreferrer noopener\">Conhe\u00e7a o canal do GRANDE PR\u00caMIO na Twitch clicando aqui!<\/a><\/strong><\/p>\n\n\n\n<figure class=\"wp-block-image size-large\"><img decoding=\"async\" src=\"https:\/\/www.grandepremio.com\/br\/wp-content\/uploads\/2020\/05\/M237264-1-1024x683.jpg\" alt=\"LEWIS HAMILTON; PROTESTO; RACISMO; F\u00d3RMULA 1;\" class=\"wp-image-443690\"\/><figcaption>Hamilton foi o \u00fanico a utilizar uma camisa do movimento Black Lives Matter (Foto: LAT\/Mercedes)<\/figcaption><\/figure>\n\n\n\n<p class=\"wp-block-paragraph\">\u201cVoc\u00ea n\u00e3o deveria poder ter bilh\u00f5es. Deveria haver um limite para o quanto voc\u00ea pode ter. Porque h\u00e1 o suficiente para todos. Ent\u00e3o, de alguma forma, criar uma lei que crie mais igualdade e acesso igual para todos. N\u00e3o sei como isso seria implementado. Conheci crian\u00e7as que est\u00e3o morrendo de fome. E voc\u00ea pensa como somos t\u00e3o sortudos. E saber disso e aproveitar todos os dias \u00e9 muito, muito importante\u201d, questionou o brit\u00e2nico.<\/p>\n\n\n\n<p class=\"wp-block-paragraph\">De acordo com o jornal <em>The Times<\/em>, a fortuna de <strong>Hamilton<\/strong> est\u00e1 na casa dos \u00a3300 milh\u00f5es (aproximadamente R$ 1,9 bilh\u00e3o na cota\u00e7\u00e3o atual). O piloto da<strong> Mercedes<\/strong> estava entre os cinco maiores doadores na lista do jornal <em>The Sunday<\/em> em 2022 e possui sua pr\u00f3pria funda\u00e7\u00e3o, a <strong>Mission 44<\/strong>, para promover educa\u00e7\u00e3o para crian\u00e7as. <\/p>\n\n\n\n<p class=\"wp-block-paragraph\">\u201cExistem tantas causas. Existem tantos problemas e tantas causas incr\u00edveis. E voc\u00ea \u00e9 apenas um, ent\u00e3o onde voc\u00ea coloca o foco? Demorou muito, muito tempo para realmente descobrir o que era mais importante para mim. Acho que, para mim, a educa\u00e7\u00e3o foi algo pelo qual me sentia extremamente compadecido, porque estive na \u00cdndia, estive em alguns dos lugares mais pobres como Manilla, e vi crian\u00e7as que s\u00e3o como n\u00f3s, mas implorando por comida e n\u00e3o tendo as mesmas oportunidades. E para mim, foi isso que partiu meu cora\u00e7\u00e3o e percebi o qu\u00e3o privilegiados e sortudos somos&#8221;, contou Lewis.<\/p>\n\n\n\n<p class=\"wp-block-paragraph\"><strong><a href=\"https:\/\/www.grandepremio.com\/br\/f1\/noticias\/lewis-hamilton-nao-informou-mercedes-protesto-antirracista-2020\/\" class=\"ek-link\">LEIA MAIS: Hamilton revela que n\u00e3o informou Mercedes sobre protesto antirracista em 2020<\/a><\/strong><\/p>\n\n\n\n<figure class=\"wp-block-image size-large\"><img decoding=\"async\" src=\"https:\/\/www.grandepremio.com\/br\/wp-content\/uploads\/2020\/09\/LewisBreonna-1024x576.jpg\" alt=\"LEWIS HAMILTON; F\u00d3RMULA 1; BREONNA TAYLOR; PROTESTO; GP DA TOSCANA; MUGELLO;\" class=\"wp-image-418561\"\/><figcaption>Hamilton costuma se posicionar sobre causas sociais na F\u00f3rmula 1 (Foto: Reprodu\u00e7\u00e3o)<\/figcaption><\/figure>\n\n\n\n<p class=\"wp-block-paragraph\">O heptacampe\u00e3o relata que o sucesso nas pistas deixou de ser suficiente para lhe trazer felicidade. Hamilton diz que entender seu prop\u00f3sito foi fundamental e espera poder ser capaz de ajudar a transformar a <strong>F\u00f3rmula 1 <\/strong>em um ambiente mais diverso e incluso.<\/p>\n\n\n\n<p class=\"wp-block-paragraph\">\u201cEu estava ganhando e isso estava me dando aquela pontinha de felicidade. Mas ent\u00e3o eu meio que voltava \u00e0 normalidade e havia algo faltando. E era esse prop\u00f3sito, entender qual \u00e9 esse prop\u00f3sito e entender por que voc\u00ea foi colocado aqui, por que recebeu a plataforma que recebeu. Por que somos as \u00fanicas pessoas de cor durante todo o tempo&#8221;, lembrou o brit\u00e2nico.<\/p>\n\n\n\n<p class=\"wp-block-paragraph\">\u201cQuando comecei a falar sobre diversidade, as pessoas diziam &#8216;oh, voc\u00ea quer ter mais pessoas de cor como pilotos de corrida?&#8217; Somos apenas 20, ent\u00e3o eu pensei, n\u00e3o, se h\u00e1 40.000, 50.000 empregos, h\u00e1 milhares de trabalhos de engenharia nos bastidores e h\u00e1 uma falta de diversidade. Eu quero fazer parte da mudan\u00e7a dessa narrativa e mudar essa conversa e fazer com que as pessoas se questionem e tenham essas conversas dif\u00edceis com os outros\u201d, ressaltou Hamilton.<\/p>\n","protected":false},"excerpt":{"rendered":"<p>Lewis Hamilton afirmou que, se pudesse mexer nas leis, gostaria de criar um impedimento para o ac\u00famulo excessivo de capital. O heptacampe\u00e3o tamb\u00e9m relatou experi\u00eancias vividas na \u00cdndia que o ajudaram a perceber seus privil\u00e9gios e disse que quer ajudar a aumentar a diversidade no paddock da F\u00f3rmula 1<\/p>\n","protected":false},"author":0,"featured_media":1000634515,"comment_status":"closed","ping_status":"closed","sticky":false,"template":"","format":"standard","meta":{"42wp_featured_image_caption":"","42wp_featured_image_credits":"","42wp_featured_video":"","42wp_featured_image_hidden":false,"42wp_authors_list":[],"footnotes":""},"categories":[2],"tags":[147,6533,180,30722,1491,87,82,2545],"42wp_author":[47144],"class_list":["post-105957","post","type-post","status-publish","format-standard","has-post-thumbnail","hentry","category-f1","tag-f1","tag-f1-2023","tag-formula-1","tag-formula-1-2023","tag-grande-premio","tag-lewis-hamilton","tag-mercedes","tag-racismo","42wp_author-andre-netto"],"_links":{"self":[{"href":"https:\/\/grandepremio.com\/br\/wp-json\/wp\/v2\/posts\/105957","targetHints":{"allow":["GET"]}}],"collection":[{"href":"https:\/\/grandepremio.com\/br\/wp-json\/wp\/v2\/posts"}],"about":[{"href":"https:\/\/grandepremio.com\/br\/wp-json\/wp\/v2\/types\/post"}],"replies":[{"embeddable":true,"href":"https:\/\/grandepremio.com\/br\/wp-json\/wp\/v2\/comments?post=105957"}],"version-history":[{"count":0,"href":"https:\/\/grandepremio.com\/br\/wp-json\/wp\/v2\/posts\/105957\/revisions"}],"wp:featuredmedia":[{"embeddable":true,"href":"https:\/\/grandepremio.com\/br\/wp-json\/wp\/v2\/media\/1000634515"}],"wp:attachment":[{"href":"https:\/\/grandepremio.com\/br\/wp-json\/wp\/v2\/media?parent=105957"}],"wp:term":[{"taxonomy":"category","embeddable":true,"href":"https:\/\/grandepremio.com\/br\/wp-json\/wp\/v2\/categories?post=105957"},{"taxonomy":"post_tag","embeddable":true,"href":"https:\/\/grandepremio.com\/br\/wp-json\/wp\/v2\/tags?post=105957"},{"taxonomy":"42wp_author","embeddable":true,"href":"https:\/\/grandepremio.com\/br\/wp-json\/wp\/v2\/42wp_author?post=105957"}],"curies":[{"name":"wp","href":"https:\/\/api.w.org\/{rel}","templated":true}]}}