{"id":105961,"date":"2023-01-24T08:38:13","date_gmt":"2023-01-24T11:38:13","guid":{"rendered":"https:\/\/grandepremio.com\/br\/noticias\/haas-pietro-fittipaldi-piloto-reserva-testes-formula-1-2023\/"},"modified":"2023-01-24T09:05:09","modified_gmt":"2023-01-24T12:05:09","slug":"haas-pietro-fittipaldi-piloto-reserva-testes-formula-1-2023","status":"publish","type":"post","link":"https:\/\/grandepremio.com\/br\/f1\/haas-pietro-fittipaldi-piloto-reserva-testes-formula-1-2023\/","title":{"rendered":"Haas confirma Fittipaldi como piloto reserva e de testes para F\u00f3rmula 1 2023"},"content":{"rendered":"\n<figure class=\"wp-block-embed is-type-video is-provider-youtube wp-block-embed-youtube wp-embed-aspect-16-9 wp-has-aspect-ratio\"><div class=\"wp-block-embed__wrapper\">\n<iframe loading=\"lazy\" title=\"ATEN\u00c7\u00c3O! &quot;A FERRARI TEM, SIM, CONDI\u00c7\u00d5ES DE BRIGAR PELO T\u00cdTULO DA F1 2023&quot; | GP \u00e0s 10\" width=\"500\" height=\"281\" src=\"https:\/\/www.youtube.com\/embed\/LnrftMyF0R4?feature=oembed\" frameborder=\"0\" allow=\"accelerometer; autoplay; clipboard-write; encrypted-media; gyroscope; picture-in-picture; web-share\" referrerpolicy=\"strict-origin-when-cross-origin\" allowfullscreen><\/iframe>\n<\/div><\/figure>\n\n\n\n<p class=\"wp-block-paragraph\">A <strong>Haas <\/strong>aproveitou a manh\u00e3 desta ter\u00e7a-feira (24) para confirmar o brasileiro <strong>Pietro Fittipaldi <\/strong>como piloto reserva e de testes da equipe para a temporada 2023 da <strong>F\u00f3rmula 1<\/strong>. Ser\u00e1 o quinto ano consecutivo do piloto na fun\u00e7\u00e3o, que ajuda o time americano a desenvolver o carro utilizado na disputa da principal categoria do automobilismo mundial. No in\u00edcio de janeiro, Pietro <a href=\"https:\/\/www.grandepremio.com\/br\/endurance\/noticias\/pietro-fittipaldi-fecha-rick-ware-disputa-temporada-completa-imsa-2023\/\" target=\"_blank\" aria-label=\"j\u00e1 havia anunciado que ir\u00e1 conciliar as disputas (opens in a new tab)\" rel=\"noreferrer noopener\" class=\"ek-link\">j\u00e1 havia anunciado que ir\u00e1 conciliar as disputas<\/a> de <strong>WEC <\/strong>e <strong>IMSA <\/strong>no ano que vem.<\/p>\n\n\n\n<p class=\"wp-block-paragraph\">&#8220;Estou muito feliz em continuar com a Haas, uma equipe que eu considero uma fam\u00edlia&#8221;, disse Fittipaldi. &#8220;Ser\u00e1 minha quinta temporada na F\u00f3rmula 1 como piloto reserva e de testes, e eu estou super animado por estar entrando em 2023, saindo de uma temporada muito competitiva&#8221;, celebrou.<\/p>\n\n\n\n<p class=\"wp-block-paragraph\">No an\u00fancio, a Haas destacou as oportunidades recebidas por Pietro no carro da equipe \u2014 al\u00e9m, \u00e9 claro, de suas fun\u00e7\u00f5es como piloto reserva. O brasileiro j\u00e1 disputou duas corridas pelo time americano \u2014 os GPs de <strong>Sakhir <\/strong>e <strong>Abu Dhabi<\/strong>, substituindo <strong>Romain Grosjean <\/strong>em 2020 \u2014, testou o carro do ano passado na pr\u00e9-temporada e teve a oportunidade de participar de duas sess\u00f5es de treinos livres, em <strong>M\u00e9xico <\/strong>e <strong>Yas Marina<\/strong>, al\u00e9m dos testes de p\u00f3s-temporada.<\/p>\n\n\n\n<p class=\"wp-block-paragraph\"><strong>\u25b6\ufe0f&nbsp;<a href=\"https:\/\/www.twitch.tv\/grandepremio\" target=\"_blank\" rel=\"noreferrer noopener\">Conhe\u00e7a o canal do GRANDE PR\u00caMIO na Twitch clicando aqui!<\/a><\/strong><\/p>\n\n\n\n<figure class=\"wp-block-image size-large\"><img decoding=\"async\" src=\"https:\/\/www.grandepremio.com\/br\/wp-content\/uploads\/2022\/11\/GPF2-6-1024x683.jpeg\" alt=\"\" class=\"wp-image-636024\"\/><figcaption>Atua\u00e7\u00e3o de Pietro em testes p\u00f3s-temporada de Abu Dhabi agradaram \u00e0 Haas (Foto: Haas)<\/figcaption><\/figure>\n\n\n\n<p class=\"wp-block-paragraph\"><strong>\u25b6\ufe0f\u00a0Inscreva-se nos dois canais do GRANDE PR\u00caMIO no YouTube:\u00a0<a href=\"https:\/\/www.youtube.com\/channel\/UC9OlHEgxoaY6QY6nWPoiqQg?sub_confirmation=1\" target=\"_blank\" rel=\"noreferrer noopener\">GP<\/a>\u00a0|\u00a0<a href=\"https:\/\/www.youtube.com\/channel\/UC9csiS6q_C3C0FYhyr1rnFA?sub_confirmation=1\" target=\"_blank\" rel=\"noreferrer noopener\">GP2<\/a><\/strong><\/p>\n\n\n\n<p class=\"wp-block-paragraph\">&#8220;No ano passado, eu fiz os treinos de pr\u00e9-temporada, dois treinos livres nos GPs do M\u00e9xico e Abu Dhabi, e o treino de final de ano em Yas Marina. Com isso, j\u00e1 fomos capazes de experimentar algumas coisas para a nova temporada. Estou empolgado em ver o novo carro e os novos desenvolvimentos, e espero que possamos dar um passo ainda maior com o VF-23&#8221;, completou o brasileiro.<\/p>\n\n\n\n<p class=\"wp-block-paragraph\">Chefe da Haas, <strong>Guenther Steiner <\/strong>celebrou a continuidade da parceria e rasgou elogios ao brasileiro. Para o italiano, Pietro \u00e9 um &#8220;trunfo&#8221; para a equipe e est\u00e1 pronto para assumir o cockpit em caso de necessidade, j\u00e1 que o carro teria se encaixado em seu estilo de pilotagem durante os testes.<\/p>\n\n\n\n<p class=\"wp-block-paragraph\">&#8220;Continuidade e consist\u00eancia s\u00e3o a chave para o sucesso na F\u00f3rmula 1 e Pietro permanecer com a equipe em 2023 me faz acreditar que temos bases s\u00f3lidas&#8221;, disse Guenther Steiner, chefe da Haas. &#8220;\u201cNa F1, voc\u00ea precisa ser capaz de reagir com a menor margem poss\u00edvel a qualquer cen\u00e1rio, e Pietro tem desempenho comprovado e est\u00e1 pronto para pilotar a qualquer momento, como fez duas vezes em 2020&#8221;, apontou.<\/p>\n\n\n\n<p class=\"wp-block-paragraph\">&#8220;Na \u00faltima temporada, ele participou de testes de pr\u00e9-temporada, duas sess\u00f5es de treinos livres e testes p\u00f3s-temporada no VF-22 e, surpreendentemente, ao contr\u00e1rio de muitos pilotos do grid, ele disse que este carro combina com seu estilo agressivo, o que \u00e9 m\u00fasica para meus ouvidos, ainda mais quando o tempo de pista \u00e9 t\u00e3o limitado. Ele \u00e9 um trunfo para a nossa equipe, ent\u00e3o estou ansioso para ver sua perman\u00eancia no time nesta temporada&#8221;, afirmou.<\/p>\n","protected":false},"excerpt":{"rendered":"<p>Pelo quinto ano consecutivo, Pietro Fittipaldi est\u00e1 confirmado como piloto reserva e de testes da Haas para a temporada 2023 da F\u00f3rmula 1. Brasileiro conciliar\u00e1 fun\u00e7\u00f5es com WEC e IMSA<\/p>\n","protected":false},"author":0,"featured_media":1000636095,"comment_status":"closed","ping_status":"closed","sticky":false,"template":"","format":"standard","meta":{"42wp_featured_image_caption":"","42wp_featured_image_credits":"","42wp_featured_video":"","42wp_featured_image_hidden":false,"42wp_authors_list":[],"footnotes":""},"categories":[2],"tags":[5273,147,6533,180,1491,28285,119,408,369,3951,31447],"42wp_author":[47142],"class_list":["post-105961","post","type-post","status-publish","format-standard","has-post-thumbnail","hentry","category-f1","tag-classificacao-f1","tag-f1","tag-f1-2023","tag-formula-1","tag-grande-premio","tag-grandepremio","tag-haas","tag-pietro-fittipaldi","tag-piloto-de-testes","tag-piloto-reserva","tag-temporada-2023-f1","42wp_author-jp-nascimento"],"_links":{"self":[{"href":"https:\/\/grandepremio.com\/br\/wp-json\/wp\/v2\/posts\/105961","targetHints":{"allow":["GET"]}}],"collection":[{"href":"https:\/\/grandepremio.com\/br\/wp-json\/wp\/v2\/posts"}],"about":[{"href":"https:\/\/grandepremio.com\/br\/wp-json\/wp\/v2\/types\/post"}],"replies":[{"embeddable":true,"href":"https:\/\/grandepremio.com\/br\/wp-json\/wp\/v2\/comments?post=105961"}],"version-history":[{"count":0,"href":"https:\/\/grandepremio.com\/br\/wp-json\/wp\/v2\/posts\/105961\/revisions"}],"wp:featuredmedia":[{"embeddable":true,"href":"https:\/\/grandepremio.com\/br\/wp-json\/wp\/v2\/media\/1000636095"}],"wp:attachment":[{"href":"https:\/\/grandepremio.com\/br\/wp-json\/wp\/v2\/media?parent=105961"}],"wp:term":[{"taxonomy":"category","embeddable":true,"href":"https:\/\/grandepremio.com\/br\/wp-json\/wp\/v2\/categories?post=105961"},{"taxonomy":"post_tag","embeddable":true,"href":"https:\/\/grandepremio.com\/br\/wp-json\/wp\/v2\/tags?post=105961"},{"taxonomy":"42wp_author","embeddable":true,"href":"https:\/\/grandepremio.com\/br\/wp-json\/wp\/v2\/42wp_author?post=105961"}],"curies":[{"name":"wp","href":"https:\/\/api.w.org\/{rel}","templated":true}]}}