{"id":105975,"date":"2023-01-23T11:04:08","date_gmt":"2023-01-23T14:04:08","guid":{"rendered":"https:\/\/grandepremio.com\/br\/noticias\/confira-grid-completo-temporada-2023-formula-2\/"},"modified":"2023-01-23T11:41:15","modified_gmt":"2023-01-23T14:41:15","slug":"confira-grid-completo-temporada-2023-formula-2","status":"publish","type":"post","link":"https:\/\/grandepremio.com\/br\/f2\/confira-grid-completo-temporada-2023-formula-2\/","title":{"rendered":"Confira grid completo da temporada 2023 da F\u00f3rmula 2 ap\u00f3s an\u00fancio de Daruvala na MP"},"content":{"rendered":"\n<figure class=\"wp-block-embed is-type-video is-provider-youtube wp-block-embed-youtube wp-embed-aspect-16-9 wp-has-aspect-ratio\"><div class=\"wp-block-embed__wrapper\">\n<iframe loading=\"lazy\" title=\"ALERTA PARA ENZO FITTIPALDI: &quot;\u00c9 VENCER OU VENCER ZANE MALONEY NA F2&quot; | GP \u00e0s 10\" width=\"500\" height=\"281\" src=\"https:\/\/www.youtube.com\/embed\/JHdWvAwfyoU?feature=oembed\" frameborder=\"0\" allow=\"accelerometer; autoplay; clipboard-write; encrypted-media; gyroscope; picture-in-picture; web-share\" referrerpolicy=\"strict-origin-when-cross-origin\" allowfullscreen><\/iframe>\n<\/div><\/figure>\n\n\n\n<p class=\"wp-block-paragraph\">O grid da <strong>F\u00f3rmula 2 2023<\/strong> est\u00e1 fechado. Atual campe\u00e3, a <strong>MP <\/strong>era a \u00fanica equipe que faltava definir a dupla de pilotos para o novo ano, <a href=\"https:\/\/www.grandepremio.com\/br\/f2\/noticias\/mp-confirma-jehan-daruvala-lado-dennis-hauger-fecha-grid-temporada-2023-formula-2\/\" class=\"ek-link\">mas o suspense terminou nesta segunda-feira (23)<\/a>, com a confirma\u00e7\u00e3o de <strong>Jehan Daruvala<\/strong> ao lado de <strong>Dennis Hauger<\/strong>. <\/p>\n\n\n\n<p class=\"wp-block-paragraph\">A dupla ter\u00e1 o desafio de repetir a performance de <strong>Felipe Drugovich<\/strong> e <strong>Cl\u00e9ment Novala<\/strong>k, ainda que o brasileiro tenha sido o respons\u00e1vel por 87% dos pontos conquistados pelo time na classifica\u00e7\u00e3o geral, o que garantiu o t\u00edtulo in\u00e9dito para a MP na F2.<\/p>\n\n\n\n<p class=\"wp-block-paragraph\"><strong>\u25b6\ufe0f\u00a0Inscreva-se nos dois canais do GRANDE PR\u00caMIO no YouTube:\u00a0<a href=\"https:\/\/www.youtube.com\/channel\/UC9OlHEgxoaY6QY6nWPoiqQg?sub_confirmation=1\" target=\"_blank\" rel=\"noreferrer noopener\">GP<\/a>\u00a0|\u00a0<a href=\"https:\/\/www.youtube.com\/channel\/UC9csiS6q_C3C0FYhyr1rnFA?sub_confirmation=1\" target=\"_blank\" rel=\"noreferrer noopener\">GP2<\/a><\/strong><br><strong>\u25b6\ufe0f\u00a0<a href=\"https:\/\/www.twitch.tv\/grandepremio\" target=\"_blank\" rel=\"noreferrer noopener\">Conhe\u00e7a o canal do GRANDE PR\u00caMIO na Twitch clicando aqui!<\/a><\/strong><\/p>\n\n\n\n<figure class=\"wp-block-image size-large\"><img decoding=\"async\" src=\"https:\/\/www.grandepremio.com\/br\/wp-content\/uploads\/2023\/01\/Fittipaldi-na-Carlin-oficial-1024x683.jpg\" alt=\"\" class=\"wp-image-646740\"\/><figcaption>Enzo Fittipaldi tem chances at\u00e9 de t\u00edtulo na atual vice-campe\u00e3 Carlin (Foto: Carlin)<\/figcaption><\/figure>\n\n\n\n<p class=\"wp-block-paragraph\">Daruvala e Hauger, ali\u00e1s, n\u00e3o s\u00e3o uma dupla novata na categoria: ambos estiveram na <strong>Prema <\/strong>no passado, mas a tradicional equipe italiana ter\u00e1 para o campeonato desse ano <strong>Frederik Vesti <\/strong>e o novato <strong>Oliver Bearman<\/strong>, oriundo da <strong>F\u00f3rmula 3<\/strong>.<\/p>\n\n\n\n<p class=\"wp-block-paragraph\">Bearman, ali\u00e1s, \u00e9 um dos nada menos do que nove promovidos da F3 para aquela que \u00e9 considerada o \u00faltimo degrau antes da <strong>F\u00f3rmula 1<\/strong> \u2014 ou seja, quase metade do grid ser\u00e1 composto por pilotos estreantes na classe.<\/p>\n\n\n\n<p class=\"wp-block-paragraph\">Uma equipe que s\u00f3 ter\u00e1 novatos, por exemplo, \u00e9 a <strong>Hitech<\/strong>, com <strong>Jak Crawford<\/strong> e <strong>Isack Hadjar<\/strong>, ambos integrantes do <strong>Programa de Jovens Pilotos da Red Bull<\/strong>. Outra briga direta entre pilotos da academia dos taurinos tamb\u00e9m ser\u00e1 vista na vice-campe\u00e3 <strong>Carlin<\/strong>, que ter\u00e1 o brasileiro <strong>Enzo Fittipaldi<\/strong> ao lado do novato<strong> Zane Maloney<\/strong>.<\/p>\n\n\n\n<p class=\"wp-block-paragraph\">No ano passado, na F3, Maloney s\u00f3 ficou atr\u00e1s de<strong> Victor Martins<\/strong>, e o campe\u00e3o promete dificultar a vida dos mais experientes, j\u00e1 que tamb\u00e9m \u00e9 um dos nomes confirmados para a F2 2023. O piloto vai ajudar a compor um time totalmente franc\u00eas com <strong>Th\u00e9o Pourchaire<\/strong> na <strong>ART<\/strong>, e a expectativa \u00e9 mudar a hist\u00f3ria vista no \u00faltimo campeonato.<\/p>\n\n\n\n<figure class=\"wp-block-image size-large\"><img decoding=\"async\" src=\"https:\/\/www.grandepremio.com\/br\/wp-content\/uploads\/2022\/09\/victor-Martins-Monza-F3-1024x576.jpg\" alt=\"\" class=\"wp-image-613579\"\/><figcaption>Victor Martins, campe\u00e3o da F3 2022, tamb\u00e9m estar\u00e1 no grid da F\u00f3rmula 2 (Foto: Reprodu\u00e7\u00e3o\/F3)<\/figcaption><\/figure>\n\n\n\n<p class=\"wp-block-paragraph\"><strong>Arthur Leclerc<\/strong> \u00e9 mais um promovido e far\u00e1 sua estreia na <strong>DAMS<\/strong>, mas ter\u00e1 um advers\u00e1rio duro pela frente: <strong>Ayumu Iwasa<\/strong> vai para mais uma temporada com o time franc\u00eas e \u00e9, na vis\u00e3o do CEO da categoria, <strong>Bruno Michel<\/strong>, <a href=\"https:\/\/www.grandepremio.com\/br\/f2\/noticias\/chefe-exalta-felipe-drugovich-ve-jack-doohan-ayumu-iwasa-briga-titulo-f2-2023\/\" class=\"ek-link\">um dos candidatos ao t\u00edtulo deste ano<\/a>.<\/p>\n\n\n\n<p class=\"wp-block-paragraph\"><strong>Roman Stanek <\/strong>\u00e9 a novidade da <strong>Trident<\/strong>, que ainda ter\u00e1 o ex-MP Novalak. Os \u00faltimos estreantes da lista s\u00e3o <strong>Brad Benavides<\/strong>, que vai correr na <strong>PHM <\/strong>(antiga Charouz) ao lado de <strong>Roy Nissany<\/strong>, e <strong>Kush Maini<\/strong>, que vai formar a dupla da <strong>Campos <\/strong>com <strong>Ralph Boschung<\/strong>.<\/p>\n\n\n\n<p class=\"wp-block-paragraph\">A\u00a0<strong>Virtuosi\u00a0<\/strong>manteve a promessa da\u00a0<strong>Alpine<\/strong>,\u00a0<strong>Jack Doohan<\/strong>, e trouxe para fechar o line-up\u00a0<strong>Amaury Cordeel<\/strong>. Por fim, <strong>Juan Manuel Correa<\/strong>, retorna \u00e0 classe quatro anos ap\u00f3s o tr\u00e1gico acidente que matou\u00a0<strong>Anthoine Hubert<\/strong>\u00a0e ser\u00e1 piloto da\u00a0<strong>Van Amersfoort<\/strong>.<\/p>\n\n\n\n<p class=\"wp-block-paragraph\"><strong>F\u00f3rmula 2 2023, grid completo:<\/strong><\/p>\n\n\n\n<figure class=\"wp-block-table\"><table><tbody><tr><td>1<\/td><td>D HAUGER<\/td><td>MP<\/td><td>&nbsp;<\/td><td>&nbsp;<\/td><\/tr><tr><td>2<\/td><td>J DARUVALA<\/td><td>MP<\/td><td>&nbsp;<\/td><\/tr><tr><td>3<\/td><td>E FITTIPALDI<\/td><td>Carlin<\/td><td>&nbsp;<\/td><\/tr><tr><td>4<\/td><td>Z MALONEY (E)<\/td><td>Carlin<\/td><td>&nbsp;<\/td><\/tr><tr><td>5<\/td><td>T POURCHAIRE<\/td><td>ART<\/td><td>&nbsp;<\/td><\/tr><tr><td>6<\/td><td>V MARTINS (E)<\/td><td>ART<\/td><td>&nbsp;<\/td><\/tr><tr><td>7<\/td><td>F VESTI<\/td><td>Prema<\/td><td>&nbsp;<\/td><\/tr><tr><td>8<\/td><td>O BEARMAN (E)<\/td><td>Prema<\/td><td>&nbsp;<\/td><\/tr><tr><td>9<\/td><td>J CRAWFORD (E)<\/td><td>Hitech<\/td><td>&nbsp;<\/td><\/tr><tr><td>10<\/td><td>I HADJAR (E)<\/td><td>Hitech<\/td><td>&nbsp;<\/td><\/tr><tr><td>11<\/td><td>A IWASA<\/td><td>DAMS<\/td><td>&nbsp;<\/td><\/tr><tr><td>12<\/td><td>A LECLERC (E)<\/td><td>DAMS<\/td><td>&nbsp;<\/td><\/tr><tr><td>13<\/td><td>J DOOHAN<\/td><td>Virtuosi<\/td><td>&nbsp;<\/td><\/tr><tr><td>14<\/td><td>A CORDEEL<\/td><td>Virtuosi<\/td><td>&nbsp;<\/td><\/tr><tr><td>15<\/td><td>R NISSANY<\/td><td>PHM<\/td><td>&nbsp;<\/td><\/tr><tr><td>16<\/td><td>B BENAVIDES (E)<\/td><td>PHM<\/td><td>&nbsp;<\/td><\/tr><tr><td>17<\/td><td>R STANEK (E)<\/td><td>Trident<\/td><td>&nbsp;<\/td><\/tr><tr><td>18<\/td><td>C NOVALAK<\/td><td>Trident<\/td><td>&nbsp;<\/td><\/tr><tr><td>19<\/td><td>R VERSCHOOR<\/td><td>Van Amersfoort<\/td><td>&nbsp;<\/td><\/tr><tr><td>20<\/td><td>J CORREA<\/td><td>Van Amersfoort<\/td><td>&nbsp;<\/td><\/tr><tr><td>21<\/td><td>K MAINI (E)<\/td><td>Campos<\/td><td>&nbsp;<\/td><\/tr><tr><td>22<\/td><td>R BOSCHUNG<\/td><td>Campos<\/td><td>&nbsp;<\/td><\/tr><\/tbody><\/table><\/figure>\n","protected":false},"excerpt":{"rendered":"<p>O grid da F\u00f3rmula 2 ter\u00e1 nove estreantes vindos da F3, disputa em peso entre pilotos da academia da Red Bull e Enzo Fittipaldi com chances reais de brigar por vit\u00f3rias. Confira como ficou o grid completo para o campeonato deste ano<\/p>\n","protected":false},"author":0,"featured_media":1000635263,"comment_status":"closed","ping_status":"closed","sticky":false,"template":"","format":"standard","meta":{"42wp_featured_image_caption":"","42wp_featured_image_credits":"","42wp_featured_video":"","42wp_featured_image_hidden":false,"42wp_authors_list":[],"footnotes":""},"categories":[9],"tags":[30624,6086,926,28711,33170,29654,3158,1158,30246,25741,1539,1581,409,111,32048,2208,32407,1318,1491,28285,114,28104,596,598,2971,107,32107,4606,29923,32749,349,2205,2261,26543,799,25479,2204,6608,28107],"42wp_author":[47147],"class_list":["post-105975","post","type-post","status-publish","format-standard","has-post-thumbnail","hentry","category-f2","tag-amaury-cordeel","tag-art","tag-arthur-leclerc","tag-ayumu-iwasa","tag-brad-benavides","tag-calendario-f2","tag-campos","tag-carlin","tag-classificacao-f2","tag-clement-novalak","tag-dams","tag-dennis-hauger","tag-enzo-fittipaldi","tag-f2","tag-f2-2023","tag-formula-2","tag-formula-2-2023","tag-frederik-vesti","tag-grande-premio","tag-grandepremio","tag-hitech","tag-isack-hadjar","tag-jack-doohan","tag-jak-crawford","tag-jehan-daruvala","tag-juan-manuel-correa","tag-kush-maini","tag-mp","tag-oliver-bearman","tag-phm","tag-prema","tag-ralph-boschung","tag-richard-verschoor","tag-roman-stanek","tag-roy-nissany","tag-theo-pourchaire","tag-trident","tag-van-amersfoort","tag-zane-maloney","42wp_author-luana-marino"],"_links":{"self":[{"href":"https:\/\/grandepremio.com\/br\/wp-json\/wp\/v2\/posts\/105975","targetHints":{"allow":["GET"]}}],"collection":[{"href":"https:\/\/grandepremio.com\/br\/wp-json\/wp\/v2\/posts"}],"about":[{"href":"https:\/\/grandepremio.com\/br\/wp-json\/wp\/v2\/types\/post"}],"replies":[{"embeddable":true,"href":"https:\/\/grandepremio.com\/br\/wp-json\/wp\/v2\/comments?post=105975"}],"version-history":[{"count":0,"href":"https:\/\/grandepremio.com\/br\/wp-json\/wp\/v2\/posts\/105975\/revisions"}],"wp:featuredmedia":[{"embeddable":true,"href":"https:\/\/grandepremio.com\/br\/wp-json\/wp\/v2\/media\/1000635263"}],"wp:attachment":[{"href":"https:\/\/grandepremio.com\/br\/wp-json\/wp\/v2\/media?parent=105975"}],"wp:term":[{"taxonomy":"category","embeddable":true,"href":"https:\/\/grandepremio.com\/br\/wp-json\/wp\/v2\/categories?post=105975"},{"taxonomy":"post_tag","embeddable":true,"href":"https:\/\/grandepremio.com\/br\/wp-json\/wp\/v2\/tags?post=105975"},{"taxonomy":"42wp_author","embeddable":true,"href":"https:\/\/grandepremio.com\/br\/wp-json\/wp\/v2\/42wp_author?post=105975"}],"curies":[{"name":"wp","href":"https:\/\/api.w.org\/{rel}","templated":true}]}}