{"id":106016,"date":"2023-01-20T12:31:57","date_gmt":"2023-01-20T15:31:57","guid":{"rendered":"https:\/\/grandepremio.com\/br\/noticias\/red-bull-assume-culpa-briga-max-verstappen-sergio-perez-brasil-nao-nos-preparamos\/"},"modified":"2023-01-20T12:38:26","modified_gmt":"2023-01-20T15:38:26","slug":"red-bull-assume-culpa-briga-max-verstappen-sergio-perez-brasil-nao-nos-preparamos","status":"publish","type":"post","link":"https:\/\/grandepremio.com\/br\/f1\/red-bull-assume-culpa-briga-max-verstappen-sergio-perez-brasil-nao-nos-preparamos\/","title":{"rendered":"Red Bull assume culpa por briga de Verstappen e P\u00e9rez no Brasil: &#8220;N\u00e3o nos preparamos&#8221;"},"content":{"rendered":"\n<figure class=\"wp-block-embed is-type-video is-provider-youtube wp-block-embed-youtube wp-embed-aspect-16-9 wp-has-aspect-ratio\"><div class=\"wp-block-embed__wrapper\">\n<iframe loading=\"lazy\" title=\"TRETA COM VERSTAPPEN \u00c9 COME\u00c7O DO FIM DE P\u00c9REZ NA RED BULL F1\" width=\"500\" height=\"281\" src=\"https:\/\/www.youtube.com\/embed\/euLQQ9IL8EQ?feature=oembed\" frameborder=\"0\" allow=\"accelerometer; autoplay; clipboard-write; encrypted-media; gyroscope; picture-in-picture; web-share\" referrerpolicy=\"strict-origin-when-cross-origin\" allowfullscreen><\/iframe>\n<\/div><figcaption>TRETA COM VERSTAPPEN \u00c9 COME\u00c7O DO FIM DE P\u00c9REZ NA RED BULL F1<\/figcaption><\/figure>\n\n\n\n<p class=\"wp-block-paragraph\">A <strong>Red Bull<\/strong> sobrou na temporada 2022 da <strong>F\u00f3rmula 1<\/strong>. <strong>Max Verstappen<\/strong> conquistou o bicampeonato com direito ao recorde de vit\u00f3rias de um piloto numa mesma temporada, enquanto a equipe ficou no segundo lugar de todos os tempos de vit\u00f3ria ao longo de um ano. Mesmo assim, a pen\u00faltima etapa, o <strong><a href=\"https:\/\/www.grandepremio.com\/br\/f1\/noticias\/george-russell-domina-vitoria-gp-de-sao-paulo-formula-1-mercedes-lewis-hamilton-max-verstappen-batem\/\" class=\"ek-link\">GP de S\u00e3o Paulo<\/a><\/strong>, trouxe o mais grave problema: uma briga entre Verstappen e <strong>Sergio P\u00e9rez<\/strong>. Segundo a equipe, algo que partiu de erro dela pr\u00f3pria.<\/p>\n\n\n\n<p class=\"wp-block-paragraph\"><strong>\u25b6\ufe0f\u00a0Inscreva-se nos dois canais do GRANDE PR\u00caMIO no YouTube:\u00a0<a href=\"https:\/\/www.youtube.com\/channel\/UC9OlHEgxoaY6QY6nWPoiqQg?sub_confirmation=1\" target=\"_blank\" rel=\"noreferrer noopener\">GP<\/a>\u00a0|\u00a0<a href=\"https:\/\/www.youtube.com\/channel\/UC9csiS6q_C3C0FYhyr1rnFA?sub_confirmation=1\" target=\"_blank\" rel=\"noreferrer noopener\">GP2<\/a><\/strong><br><strong>\u25b6\ufe0f\u00a0<a href=\"https:\/\/www.twitch.tv\/grandepremio\" target=\"_blank\" rel=\"noreferrer noopener\">Conhe\u00e7a o canal do GRANDE PR\u00caMIO na Twitch clicando aqui!<\/a><\/strong><\/p>\n\n\n\n<p class=\"wp-block-paragraph\"><strong>Christian Horner<\/strong>, chefe da Red Bull, afirmou que o time n\u00e3o explorou possibilidades de que diferentes cen\u00e1rios podiam se impor na corrida. Como, por exemplo, os dois pilotos se encontrarem em sexto e s\u00e9timo a algumas voltas do fim. Desta forma, o pedido que fez para Verstappen deixar P\u00e9rez assumir o sexto lugar foi recebido com surpresa.<\/p>\n\n\n\n<p class=\"wp-block-paragraph\">&#8220;A raiz do problema foi que nunca t\u00ednhamos imaginado estar naquela situa\u00e7\u00e3o, nas posi\u00e7\u00f5es seis e sete daquela corrida. N\u00e3o nos preparamos para aquilo, n\u00e3o t\u00ednhamos conversado sobre, antes da corrida, e acho que foi um erro da nossa parte. Dev\u00edamos ter nos planejado para aquilo, pensando em cada poss\u00edvel cen\u00e1rio&#8221;, afirmou.<\/p>\n\n\n\n<figure class=\"wp-block-image size-large\"><img decoding=\"async\" src=\"https:\/\/www.grandepremio.com\/br\/wp-content\/uploads\/2022\/11\/SI202211191165_hires_jpeg_24bit_rgb-1024x683.jpg\" alt=\"\" class=\"wp-image-635196\"\/><figcaption>Horner lamentou o despreparo da equipe para a situa\u00e7\u00e3o do Brasil (Foto: Bryn Lennon\/Getty Images\/Red Bull Content Pool)<\/figcaption><\/figure>\n\n\n\n<p class=\"wp-block-paragraph\">Verstappen n\u00e3o reagiu bem e disse que j\u00e1 tinha avisado a equipe &#8220;para n\u00e3o pedir isso&#8221; e que justificara. O paddock da F1 acredita que foi uma lembran\u00e7a \u00e0 batida de P\u00e9rez na classifica\u00e7\u00e3o do <strong>GP de M\u00f4naco<\/strong>, meses antes, que o holand\u00eas cr\u00ea ter sido proposital. P\u00e9rez respondeu dizendo que a atitude &#8220;mostrava quem ele [Max] \u00e9 de verdade&#8221;. A primeira rusga p\u00fablica entre os dois. Segundo Horner, totalmente resolvida internamente.<\/p>\n\n\n\n<p class=\"wp-block-paragraph\">&#8220;Acredito que foi um erro da nossa equipe n\u00e3o ter discutido isso com um plano muito claro. \u00c9 evidente que foi uma infelicidade, mas debatemos o assunto rapidamente, abertamente e de maneira transparente. Os dois pilotos foram muito claros, abertos e honestos um com o outro. Enquanto equipe, seguimos em frente. A din\u00e2mica entre os dois est\u00e1 totalmente normal&#8221;, seguiu.<\/p>\n\n\n\n<p class=\"wp-block-paragraph\">&#8220;Cometemos erros no Brasil, aprendemos com isso e, como eu disse, seguimos em frente. Fizemos coisas incr\u00edveis. Os dois pilotos tiveram desempenhos muito bons juntos. Eles foram o motivo de n\u00f3s ficarmos na posi\u00e7\u00e3o em que ficamos. A temporada de Max foi de outro planeta, no ano passado. N\u00e3o vamos deixar os eventos de poucas voltas no Brasil ditarem nossa temporada&#8221;, garantiu.<\/p>\n\n\n\n<p class=\"wp-block-paragraph\">&#8220;Foi um ano muito duro. Quando olhamos as estat\u00edsticas, parece que dominamos. Mas a primeira metade da temporada mostrou que a <strong>Ferrari<\/strong> tinha chances e talvez, at\u00e9, um pacote mais r\u00e1pido. Max foi incr\u00edvel ao longo do ano, particularmente naquela primeira parte&#8221;, finalizou.<\/p>\n\n\n\n<p class=\"wp-block-paragraph\">A F\u00f3rmula 1 volta \u00e0s pistas com os testes coletivos de pr\u00e9-temporada 2023, marcados para os dias 23 a 25 de fevereiro, no Bahrein.<\/p>\n\n\n\n<figure class=\"wp-block-embed is-type-video is-provider-youtube wp-block-embed-youtube wp-embed-aspect-16-9 wp-has-aspect-ratio\"><div class=\"wp-block-embed__wrapper\">\n<iframe loading=\"lazy\" title=\"&amp;apos;RED BULL VAI FICAR PELADA&amp;apos;: O EFEITO DE ANDRETTI-HONDA NA F1 | GP \u00e0s 10\" width=\"500\" height=\"281\" src=\"https:\/\/www.youtube.com\/embed\/-2hagn4_oV4?feature=oembed\" frameborder=\"0\" allow=\"accelerometer; autoplay; clipboard-write; encrypted-media; gyroscope; picture-in-picture; web-share\" referrerpolicy=\"strict-origin-when-cross-origin\" allowfullscreen><\/iframe>\n<\/div><figcaption>&#8216;RED BULL PELADA&#8217;???: o efeito de HONDA-ANDRETTI na F1 | GP \u00e0s 10<\/figcaption><\/figure>\n","protected":false},"excerpt":{"rendered":"<p>Christian Horner, chefe da Red Bull, afirmou que a equipe n\u00e3o se preparou para uma situa\u00e7\u00e3o como a que Sergio P\u00e9rez e Max Verstappen se encontraram no GP de S\u00e3o Paulo<\/p>\n","protected":false},"author":0,"featured_media":1000578449,"comment_status":"closed","ping_status":"closed","sticky":false,"template":"","format":"standard","meta":{"42wp_featured_image_caption":"","42wp_featured_image_credits":"","42wp_featured_video":"","42wp_featured_image_hidden":false,"42wp_authors_list":[],"footnotes":""},"categories":[2],"tags":[655,6533,30722,26680,502,1491,30103,28285,124,203,204,3132],"42wp_author":[47120],"class_list":["post-106016","post","type-post","status-publish","format-standard","has-post-thumbnail","hentry","category-f1","tag-christian-horner","tag-f1-2023","tag-formula-1-2023","tag-gp-de-sao-paulo","tag-gp-do-brasil","tag-grande-premio","tag-grande-premio-f1","tag-grandepremio","tag-interlagos","tag-max-verstappen","tag-red-bull","tag-sergio-perez","42wp_author-pedro-henrique-marum"],"_links":{"self":[{"href":"https:\/\/grandepremio.com\/br\/wp-json\/wp\/v2\/posts\/106016","targetHints":{"allow":["GET"]}}],"collection":[{"href":"https:\/\/grandepremio.com\/br\/wp-json\/wp\/v2\/posts"}],"about":[{"href":"https:\/\/grandepremio.com\/br\/wp-json\/wp\/v2\/types\/post"}],"replies":[{"embeddable":true,"href":"https:\/\/grandepremio.com\/br\/wp-json\/wp\/v2\/comments?post=106016"}],"version-history":[{"count":0,"href":"https:\/\/grandepremio.com\/br\/wp-json\/wp\/v2\/posts\/106016\/revisions"}],"wp:featuredmedia":[{"embeddable":true,"href":"https:\/\/grandepremio.com\/br\/wp-json\/wp\/v2\/media\/1000578449"}],"wp:attachment":[{"href":"https:\/\/grandepremio.com\/br\/wp-json\/wp\/v2\/media?parent=106016"}],"wp:term":[{"taxonomy":"category","embeddable":true,"href":"https:\/\/grandepremio.com\/br\/wp-json\/wp\/v2\/categories?post=106016"},{"taxonomy":"post_tag","embeddable":true,"href":"https:\/\/grandepremio.com\/br\/wp-json\/wp\/v2\/tags?post=106016"},{"taxonomy":"42wp_author","embeddable":true,"href":"https:\/\/grandepremio.com\/br\/wp-json\/wp\/v2\/42wp_author?post=106016"}],"curies":[{"name":"wp","href":"https:\/\/api.w.org\/{rel}","templated":true}]}}