{"id":106053,"date":"2023-01-18T10:24:42","date_gmt":"2023-01-18T13:24:42","guid":{"rendered":"https:\/\/grandepremio.com\/br\/noticias\/alpine-grande-potencial-meta-jack-doohan-2023-campeao-formula-2\/"},"modified":"2023-01-18T11:22:57","modified_gmt":"2023-01-18T14:22:57","slug":"alpine-grande-potencial-meta-jack-doohan-2023-campeao-formula-2","status":"publish","type":"post","link":"https:\/\/grandepremio.com\/br\/f2\/alpine-grande-potencial-meta-jack-doohan-2023-campeao-formula-2\/","title":{"rendered":"Alpine v\u00ea &#8220;grande potencial&#8221; e tra\u00e7a meta para Doohan em 2023: ser campe\u00e3o da F\u00f3rmula 2"},"content":{"rendered":"\n<figure class=\"wp-block-embed is-type-video is-provider-youtube wp-block-embed-youtube wp-embed-aspect-16-9 wp-has-aspect-ratio\"><div class=\"wp-block-embed__wrapper\">\n<iframe loading=\"lazy\" title=\"MERCEDES W14 MEIA-BOCA NA F1 2023? &quot;\u00c9 BLEFE OU TEIMOSIA!&quot; | GP \u00e0s 10\" width=\"500\" height=\"281\" src=\"https:\/\/www.youtube.com\/embed\/V6er6dWNBDw?feature=oembed\" frameborder=\"0\" allow=\"accelerometer; autoplay; clipboard-write; encrypted-media; gyroscope; picture-in-picture; web-share\" referrerpolicy=\"strict-origin-when-cross-origin\" allowfullscreen><\/iframe>\n<\/div><\/figure>\n\n\n\n<p class=\"wp-block-paragraph\">Membro da <strong>Academia Alpine<\/strong>, <strong>Jack Doohan <\/strong>ter\u00e1 uma meta ousada na temporada 2023: vencer a <strong>F\u00f3rmula 2<\/strong>. As palavras s\u00e3o de <strong>Otmar Szafnauer<\/strong>, chefe da equipe francesa, que rasgou elogios ao filho do campe\u00e3o mundial de motociclismo nas 500cc, Mick Doohan. Segundo o romeno, o piloto de 19 anos mostrou em seu primeiro ano completo como titular na categoria que possui muitas qualidades, e ter\u00e1 como foco terminar a segunda participa\u00e7\u00e3o no topo.<\/p>\n\n\n\n<p class=\"wp-block-paragraph\">&#8220;Na pr\u00f3xima temporada, ele estar\u00e1 na F\u00f3rmula 2 de novo. Ser\u00e1 parte da fam\u00edlia Alpine daqui em diante, mas o foco dele em 2023 ser\u00e1 vencer o campeonato [da F2]&#8221;, afirmou Szafnauer. &#8220;Ele \u00e9 muito, muito bom. \u00c9 muito profissional para algu\u00e9m t\u00e3o jovem e trabalha duro. Ele se prepara bem e \u00e9 muito focado durante a pilotagem tamb\u00e9m. Possui grande potencial&#8221;, destacou.<\/p>\n\n\n\n<p class=\"wp-block-paragraph\">Questionado se Doohan seria al\u00e7ado ao posto de piloto reserva da Alpine em 2023, no caso de <strong>Esteban Ocon <\/strong>ou <strong>Pierre Gasly <\/strong>perderem alguma corrida, Szafnauer despistou. &#8220;N\u00e3o pensei nisso ainda, mas ele definitivamente ter\u00e1 um papel na equipe. Sobre qual papel, n\u00f3s n\u00e3o decidimos ainda&#8221;, admitiu.<\/p>\n\n\n\n<p class=\"wp-block-paragraph\"><strong>\u25b6\ufe0f&nbsp;<a href=\"https:\/\/www.twitch.tv\/grandepremio\" target=\"_blank\" rel=\"noreferrer noopener\">Conhe\u00e7a o canal do GRANDE PR\u00caMIO na Twitch clicando aqui!<\/a><\/strong><\/p>\n\n\n\n<figure class=\"wp-block-image size-large\"><img decoding=\"async\" src=\"https:\/\/www.grandepremio.com\/br\/wp-content\/uploads\/2022\/10\/alpine-jackdoohan-01-1024x683.jpg\" alt=\"\" class=\"wp-image-627592\"\/><figcaption>Jack Doohan fez, na Cidade do M\u00e9xico, sua primeira participa\u00e7\u00e3o em treinos livres da F1 (Foto: Alpine)<\/figcaption><\/figure>\n\n\n\n<p class=\"wp-block-paragraph\"><strong>\u25b6\ufe0f&nbsp;Inscreva-se nos dois canais do GRANDE PR\u00caMIO no YouTube:&nbsp;<a href=\"https:\/\/www.youtube.com\/channel\/UC9OlHEgxoaY6QY6nWPoiqQg?sub_confirmation=1\" target=\"_blank\" rel=\"noreferrer noopener\">GP<\/a>&nbsp;|&nbsp;<a href=\"https:\/\/www.youtube.com\/channel\/UC9csiS6q_C3C0FYhyr1rnFA?sub_confirmation=1\" target=\"_blank\" rel=\"noreferrer noopener\">GP2<\/a><\/strong><\/p>\n\n\n\n<p class=\"wp-block-paragraph\">A primeira experi\u00eancia de Doohan com o carro da Alpine j\u00e1 at\u00e9 aconteceu no fim do ano passado, quando o piloto assumiu o cockpit nos treinos livres de <strong>Cidade do M\u00e9xico <\/strong>e <strong>Abu Dhabi <\/strong>\u2014 al\u00e9m da sess\u00e3o p\u00f3s-temporada realizada em Yas Marina. Ap\u00f3s a atividade, o australiano agradeceu \u00e0 equipe pela chance.<\/p>\n\n\n\n<p class=\"wp-block-paragraph\">&#8220;Eu apenas preciso agradecer \u00e0 Alpine e a todos os homens e mulheres de l\u00e1 por me darem essa oportunidade. \u00c9 algo que eu obviamente vou guardar com carinho e lembrar para sempre. Uma vez que entrei no carro, obviamente havia um misto de emo\u00e7\u00e3o e sentimentos, mas estava bastante satisfeito na prepara\u00e7\u00e3o&#8221;, disse Doohan ap\u00f3s deixar o carro de Esteban Ocon no Aut\u00f3dromo Hermanos Rodr\u00edguez.<\/p>\n\n\n\n<p class=\"wp-block-paragraph\">&#8220;Eu j\u00e1 sabia h\u00e1 um tempo que isso aconteceria, e isso me deu bastante tempo para me preparar. Ent\u00e3o, n\u00e3o foi um choque no sistema. Fiquei muito feliz antes de entrar no carro e depois tamb\u00e9m&#8221;, finalizou.<\/p>\n\n\n\n<p class=\"wp-block-paragraph\">Doohan estreou na F2 ainda em 2021, realizando as \u00faltimas tr\u00eas etapas da temporada pela <strong>MP<\/strong>, mas assumiu como titular a partir do ano passado, pela <strong>Virtuosi<\/strong>. O australiano terminou a competi\u00e7\u00e3o no <strong>sexto lugar<\/strong>, com <strong>128 <\/strong>pontos conquistados, e garantiu tr\u00eas vit\u00f3rias durante o ano \u2014 em <strong>Inglaterra<\/strong>, <strong>Hungria <\/strong>e <strong>B\u00e9lgica <\/strong>\u2014, com seis p\u00f3dios no total.<\/p>\n\n\n\n<figure class=\"wp-block-embed is-type-rich is-provider-spotify wp-block-embed-spotify wp-embed-aspect-21-9 wp-has-aspect-ratio\"><div class=\"wp-block-embed__wrapper\">\n<iframe title=\"Spotify Embed: Paddockcast #180: Las Vegas e Catar dentro, China fora: o que esperar do calend\u00e1rio da F1 2023?\" style=\"border-radius: 12px\" width=\"100%\" height=\"152\" frameborder=\"0\" allowfullscreen allow=\"autoplay; clipboard-write; encrypted-media; fullscreen; picture-in-picture\" loading=\"lazy\" src=\"https:\/\/open.spotify.com\/embed\/episode\/2p5eBgGVUddh2CaYeSh0jX?go=1&amp;sp_cid=be1c773169f6373b11c0c993f928b2f3&amp;utm_source=oembed&amp;utm_medium=desktop&amp;nd=1\"><\/iframe>\n<\/div><\/figure>\n","protected":false},"excerpt":{"rendered":"<p>Chefe da Alpine, Otmar Szafnauer tra\u00e7ou t\u00edtulo da F\u00f3rmula 2 2023 como meta para Jack Doohan este ano, ap\u00f3s primeira temporada completa de destaque na categoria<\/p>\n","protected":false},"author":0,"featured_media":1000600167,"comment_status":"closed","ping_status":"closed","sticky":false,"template":"","format":"standard","meta":{"42wp_featured_image_caption":"","42wp_featured_image_credits":"","42wp_featured_video":"","42wp_featured_image_hidden":false,"42wp_authors_list":[],"footnotes":""},"categories":[9],"tags":[20491,111,29651,32048,2208,596,477,2498,30312],"42wp_author":[47142],"class_list":["post-106053","post","type-post","status-publish","format-standard","has-post-thumbnail","hentry","category-f2","tag-alpine","tag-f2","tag-f2-2022","tag-f2-2023","tag-formula-2","tag-jack-doohan","tag-otmar-szafnauer","tag-titulo","tag-virtuosi","42wp_author-jp-nascimento"],"_links":{"self":[{"href":"https:\/\/grandepremio.com\/br\/wp-json\/wp\/v2\/posts\/106053","targetHints":{"allow":["GET"]}}],"collection":[{"href":"https:\/\/grandepremio.com\/br\/wp-json\/wp\/v2\/posts"}],"about":[{"href":"https:\/\/grandepremio.com\/br\/wp-json\/wp\/v2\/types\/post"}],"replies":[{"embeddable":true,"href":"https:\/\/grandepremio.com\/br\/wp-json\/wp\/v2\/comments?post=106053"}],"version-history":[{"count":0,"href":"https:\/\/grandepremio.com\/br\/wp-json\/wp\/v2\/posts\/106053\/revisions"}],"wp:featuredmedia":[{"embeddable":true,"href":"https:\/\/grandepremio.com\/br\/wp-json\/wp\/v2\/media\/1000600167"}],"wp:attachment":[{"href":"https:\/\/grandepremio.com\/br\/wp-json\/wp\/v2\/media?parent=106053"}],"wp:term":[{"taxonomy":"category","embeddable":true,"href":"https:\/\/grandepremio.com\/br\/wp-json\/wp\/v2\/categories?post=106053"},{"taxonomy":"post_tag","embeddable":true,"href":"https:\/\/grandepremio.com\/br\/wp-json\/wp\/v2\/tags?post=106053"},{"taxonomy":"42wp_author","embeddable":true,"href":"https:\/\/grandepremio.com\/br\/wp-json\/wp\/v2\/42wp_author?post=106053"}],"curies":[{"name":"wp","href":"https:\/\/api.w.org\/{rel}","templated":true}]}}