{"id":106061,"date":"2023-01-18T06:20:26","date_gmt":"2023-01-18T09:20:26","guid":{"rendered":"https:\/\/grandepremio.com\/br\/noticias\/carlin-confirma-enzo-fittipaldi-piloto-temporada-2023-formula-2\/"},"modified":"2023-01-18T06:37:56","modified_gmt":"2023-01-18T09:37:56","slug":"carlin-confirma-enzo-fittipaldi-piloto-temporada-2023-formula-2","status":"publish","type":"post","link":"https:\/\/grandepremio.com\/br\/f2\/carlin-confirma-enzo-fittipaldi-piloto-temporada-2023-formula-2\/","title":{"rendered":"Carlin enfim confirma Enzo Fittipaldi para temporada 2023 da F\u00f3rmula 2"},"content":{"rendered":"\n<figure class=\"wp-block-embed is-type-video is-provider-youtube wp-block-embed-youtube wp-embed-aspect-16-9 wp-has-aspect-ratio\"><div class=\"wp-block-embed__wrapper\">\n<iframe loading=\"lazy\" title=\"&amp;apos;RED BULL VAI FICAR PELADA&amp;apos;: O EFEITO DE ANDRETTI-HONDA NA F1 | GP \u00e0s 10\" width=\"500\" height=\"281\" src=\"https:\/\/www.youtube.com\/embed\/-2hagn4_oV4?feature=oembed\" frameborder=\"0\" allow=\"accelerometer; autoplay; clipboard-write; encrypted-media; gyroscope; picture-in-picture; web-share\" referrerpolicy=\"strict-origin-when-cross-origin\" allowfullscreen><\/iframe>\n<\/div><\/figure>\n\n\n\n<p class=\"wp-block-paragraph\">Ap\u00f3s <strong>Helmut Marko<\/strong> &#8216;entregar&#8217; a ida de <strong>Enzo Fittipaldi<\/strong> para a <strong>Carlin<\/strong>, a equipe brit\u00e2nica confirmou oficialmente o nome do brasileiro para a <strong>temporada 2023 da F\u00f3rmula 2<\/strong>. O an\u00fancio veio na manh\u00e3 desta <strong>quarta-feira (18)<\/strong>, ao mesmo tempo em que a equipe confirmou <strong>Zane Maloney <\/strong>\u2014 vice da <strong>F\u00f3rmula 3 2022<\/strong> e tamb\u00e9m rec\u00e9m-chegado ao <strong>Red Bull Junior Team<\/strong> \u2014 como seu companheiro de equipe.<\/p>\n\n\n\n<p class=\"wp-block-paragraph\">Fittipaldi indicou via redes sociais que teria novidades em breve relacionadas ao novo ano, ainda que n\u00e3o seja t\u00e3o surpresa assim. Durante o fim de semana do <strong>GP de S\u00e3o Paulo<\/strong> de <strong>F\u00f3rmula 1<\/strong>, Marko falou sobre a Carlin em meio ao an\u00fancio de Enzo como refor\u00e7o para o <strong><a href=\"https:\/\/www.grandepremio.com\/br\/f2\/noticias\/consultor-red-bull-confirma-carlin-futuro-enzo-fittipaldi-f2-2023\/\" class=\"ek-link\">Programa de Jovens Pilotos<\/a> da Red Bull<\/strong>.<\/p>\n\n\n\n<p class=\"wp-block-paragraph\"><strong>\u25b6\ufe0f\u00a0Inscreva-se nos dois canais do GRANDE PR\u00caMIO no YouTube:\u00a0<a href=\"https:\/\/www.youtube.com\/channel\/UC9OlHEgxoaY6QY6nWPoiqQg?sub_confirmation=1\" target=\"_blank\" rel=\"noreferrer noopener\">GP<\/a>\u00a0|\u00a0<a href=\"https:\/\/www.youtube.com\/channel\/UC9csiS6q_C3C0FYhyr1rnFA?sub_confirmation=1\" target=\"_blank\" rel=\"noreferrer noopener\">GP2<\/a><\/strong><\/p>\n\n\n\n<p class=\"wp-block-paragraph\">Na ocasi\u00e3o, o consultor dos taurinos teceu elogios \u00e0 performance de Fittipaldi na F2 2022 com a <strong>Charouz<\/strong>. \u201cPara quem atuou em uma equipe de meio de pelot\u00e3o, eu diria que ele esteve sempre no topo. Claro, com altos e baixos, mas agora sabe que \u00e9 uma chance de ir para a Carlin, um time de ponta\u201d, avaliou.<\/p>\n\n\n\n<figure class=\"wp-block-image size-large\"><img decoding=\"async\" src=\"https:\/\/www.grandepremio.com\/br\/wp-content\/uploads\/2022\/11\/415611_1039622_betoissa_f1_gpsp_2022_0001-1024x682.jpg\" alt=\"\" class=\"wp-image-632441\"\/><figcaption>Enzo Fittipaldi assinou com a Academia de Pilotos da Red Bull para 2023 (Foto: Beto Issa\/RF1)<\/figcaption><\/figure>\n\n\n\n<p class=\"wp-block-paragraph\">&#8220;Estou extremamente empolgado por assinar com a Carlin e tamb\u00e9m por fazer parte da fam\u00edlia Red Bull para a temporada de 2023. \u00c9 uma oportunidade incr\u00edvel, e mal posso esperar pelo primeiro fim de semana de corridas no Bahrein. Este ano promete muito e tenho uma nova parceria: a Eurofarma, que \u00e9 uma grande empresa brasileira, ent\u00e3o estou animado para come\u00e7ar a acelerar&#8221;, afirmou o jovem brasileiro em seu an\u00fancio.<\/p>\n\n\n\n<p class=\"wp-block-paragraph\">&#8220;Eu estou muito contente em estar com a Red Bull agora, fazer parte de uma equipe de F\u00f3rmula 1 parece significar estar com um p\u00e9 na categoria e j\u00e1 poder viver um pouco a experi\u00eancia dela. \u00c9 uma grande oportunidade, ainda mais com a Red Bull, que \u00e9 a melhor equipe da F\u00f3rmula 1, sempre foi um sonho meu fazer parte desta fam\u00edlia. Estou animado para o come\u00e7o da temporada, ent\u00e3o vamos acelerar forte em busca de muitas conquistas juntos&#8221;, concluiu.<\/p>\n\n\n\n<p class=\"wp-block-paragraph\"><strong>Maloney<\/strong>, vice-campe\u00e3o da F\u00f3rmula 3 em 2022, tamb\u00e9m chega para o Red Bull Junior Team este ano. O piloto de Barbados se une a <strong>Fittipaldi<\/strong>, <strong>Isack Hadjar<\/strong>, <strong>Jak Crawford<\/strong>, <strong>Dennis Hauger <\/strong>e <strong>Ayumu Iwasa <\/strong>na temporada 2023 daquela que \u00e9 considerada o \u00faltimo degrau antes da F1.<\/p>\n\n\n\n<p class=\"wp-block-paragraph\">&#8220;Como chefe de equipe, Enzo [Fittipaldi] e Zane [Maloney] s\u00e3o uma dupla dos sonhos, com experi\u00eancia e potencial. Enzo foi um piloto que realmente chamou nossa aten\u00e7\u00e3o ano passado e estar\u00e1 buscando construir em cima dos fortes resultados de sua temporada de estreia&#8221;, disse <strong>Trevor Carlin<\/strong>, chefe do time brit\u00e2nico.<\/p>\n\n\n\n<p class=\"wp-block-paragraph\"><strong>\u25b6\ufe0f\u00a0<a href=\"https:\/\/www.twitch.tv\/grandepremio\" target=\"_blank\" rel=\"noreferrer noopener\">Conhe\u00e7a o canal do GRANDE PR\u00caMIO na Twitch clicando aqui!<\/a><\/strong><\/p>\n\n\n\n<figure class=\"wp-block-image size-large\"><img decoding=\"async\" src=\"https:\/\/www.grandepremio.com\/br\/wp-content\/uploads\/2022\/09\/maloney-2-1024x679.jpg\" alt=\"\" class=\"wp-image-608914\"\/><figcaption>Maloney ser\u00e1 companheiro de Fittipaldi na Carlin em 2023 (Foto: F3\/Twitter)<\/figcaption><\/figure>\n\n\n\n<p class=\"wp-block-paragraph\">&#8220;Zane foi incr\u00edvel em sua temporada de novato na F3 e \u00e9 fant\u00e1stico dar boas vindas a ele na Carlin. Ele certamente precisa focar em aumentar sua experi\u00eancia na primeira metade da temporada, mas acho que vamos come\u00e7ar a ver alguns flashes de potencial no meio do caminho&#8221;, encerrou.<\/p>\n\n\n\n<p class=\"wp-block-paragraph\">O ano de Maloney na F3 foi muito positivo com a <strong>Trident<\/strong>. Encerrou o campeonato com <strong>tr\u00eas vit\u00f3rias <\/strong>e <strong>quatro p\u00f3dios<\/strong>, ficando apenas cinco pontos atr\u00e1s do campe\u00e3o <strong>Victor Martins<\/strong>. Zane chegou a substituir Calan Williams e fazer sua estreia na F2 na \u00faltima etapa, em <strong>Abu Dhabi<\/strong>, tamb\u00e9m pela Trident. Ele terminou as provas na <strong>15\u00aa <\/strong>e <strong>16\u00aa <\/strong>posi\u00e7\u00f5es, respectivamente.<\/p>\n\n\n\n<p class=\"wp-block-paragraph\">Ap\u00f3s o campeonato, o piloto de Barbados j\u00e1 havia participado dos testes de p\u00f3s-temporada com a Carlin, equipe que j\u00e1 conhece e pela qual foi campe\u00e3o da <strong>F4 Brit\u00e2nica <\/strong>em 2019, ao lado de Fittipaldi.<\/p>\n\n\n\n<p class=\"wp-block-paragraph\">Em 2022, a Carlin terminou o campeonato na vice-lideran\u00e7a entre as equipes e teve <strong>Liam Lawson <\/strong>e <strong>Logan Sargeant <\/strong>como dupla de pilotos. Ambos, no entanto, n\u00e3o estar\u00e3o no grid da F2 este ano: o neozeland\u00eas vai correr na <strong>Super F\u00f3rmula<\/strong>, enquanto Sargeant \u00e9 um dos tr\u00eas estreantes na <strong>F1 2023<\/strong>.<\/p>\n\n\n\n<figure class=\"wp-block-embed is-type-video is-provider-youtube wp-block-embed-youtube wp-embed-aspect-16-9 wp-has-aspect-ratio\"><div class=\"wp-block-embed__wrapper\">\n<iframe loading=\"lazy\" title=\"FITTIPALDI, HADJAR E MALONEY: RED BULL MONTA ESQUADR\u00c3O PARA ATROPELAR NA F2 2023 | GP \u00e0s 10\" width=\"500\" height=\"281\" src=\"https:\/\/www.youtube.com\/embed\/cEGRd1ChfXM?feature=oembed\" frameborder=\"0\" allow=\"accelerometer; autoplay; clipboard-write; encrypted-media; gyroscope; picture-in-picture; web-share\" referrerpolicy=\"strict-origin-when-cross-origin\" allowfullscreen><\/iframe>\n<\/div><\/figure>\n","protected":false},"excerpt":{"rendered":"<p>A revela\u00e7\u00e3o veio durante o GP de S\u00e3o Paulo, mas faltava o an\u00fancio oficial da Carlin. Ele veio: Enzo Fittipaldi vai ajudar a equipe brit\u00e2nica a buscar o t\u00edtulo de equipes na F2, ao lado de Zane Maloney<\/p>\n","protected":false},"author":0,"featured_media":1000644278,"comment_status":"closed","ping_status":"closed","sticky":false,"template":"","format":"standard","meta":{"42wp_featured_image_caption":"","42wp_featured_image_credits":"","42wp_featured_video":"","42wp_featured_image_hidden":false,"42wp_authors_list":[],"footnotes":""},"categories":[9],"tags":[409,32048,29657,2208,8057,258,204,30577,28107],"42wp_author":[47147],"class_list":["post-106061","post","type-post","status-publish","format-standard","has-post-thumbnail","hentry","category-f2","tag-enzo-fittipaldi","tag-f2-2023","tag-f3-2022","tag-formula-2","tag-formula-3","tag-helmut-marko","tag-red-bull","tag-red-bull-junior-team","tag-zane-maloney","42wp_author-luana-marino"],"_links":{"self":[{"href":"https:\/\/grandepremio.com\/br\/wp-json\/wp\/v2\/posts\/106061","targetHints":{"allow":["GET"]}}],"collection":[{"href":"https:\/\/grandepremio.com\/br\/wp-json\/wp\/v2\/posts"}],"about":[{"href":"https:\/\/grandepremio.com\/br\/wp-json\/wp\/v2\/types\/post"}],"replies":[{"embeddable":true,"href":"https:\/\/grandepremio.com\/br\/wp-json\/wp\/v2\/comments?post=106061"}],"version-history":[{"count":0,"href":"https:\/\/grandepremio.com\/br\/wp-json\/wp\/v2\/posts\/106061\/revisions"}],"wp:featuredmedia":[{"embeddable":true,"href":"https:\/\/grandepremio.com\/br\/wp-json\/wp\/v2\/media\/1000644278"}],"wp:attachment":[{"href":"https:\/\/grandepremio.com\/br\/wp-json\/wp\/v2\/media?parent=106061"}],"wp:term":[{"taxonomy":"category","embeddable":true,"href":"https:\/\/grandepremio.com\/br\/wp-json\/wp\/v2\/categories?post=106061"},{"taxonomy":"post_tag","embeddable":true,"href":"https:\/\/grandepremio.com\/br\/wp-json\/wp\/v2\/tags?post=106061"},{"taxonomy":"42wp_author","embeddable":true,"href":"https:\/\/grandepremio.com\/br\/wp-json\/wp\/v2\/42wp_author?post=106061"}],"curies":[{"name":"wp","href":"https:\/\/api.w.org\/{rel}","templated":true}]}}