{"id":106070,"date":"2023-01-17T10:43:54","date_gmt":"2023-01-17T13:43:54","guid":{"rendered":"https:\/\/grandepremio.com\/br\/noticias\/takuma-sato-deixa-dale-coyne-acerta-ganassi-disputa-ovais-indy-2023\/"},"modified":"2023-01-17T10:50:11","modified_gmt":"2023-01-17T13:50:11","slug":"takuma-sato-deixa-dale-coyne-acerta-ganassi-disputa-ovais-indy-2023","status":"publish","type":"post","link":"https:\/\/grandepremio.com\/br\/indy\/takuma-sato-deixa-dale-coyne-acerta-ganassi-disputa-ovais-indy-2023\/","title":{"rendered":"Sato deixa Dale Coyne e acerta com Ganassi para disputa dos ovais na Indy 2023"},"content":{"rendered":"\n<p class=\"wp-block-paragraph\">A <strong>Ganassi<\/strong> completou seu elenco titular para a temporada de 2023 da <strong>Indy<\/strong>. A equipe anunciou na manh\u00e3 desta ter\u00e7a-feira (17) um acordo com o japon\u00eas <strong>Takuma Sato<\/strong> para a disputa das corridas em ovais no <strong>carro #11<\/strong>. O veterano de 45 anos ir\u00e1 dividir o assento com <a href=\"https:\/\/www.grandepremio.com\/br\/indy\/noticias\/ex-f2-marcus-armstrong-acerta-ganassi-disputa-mistos-circuitos-rua-indy-2023\/\" class=\"ek-link\">o novato neozeland\u00eas <strong>Marcus Armstrong<\/strong><\/a>, que chega \u00e0 equipe ap\u00f3s tr\u00eas temporadas na <strong>F\u00f3rmula 2<\/strong>.<\/p>\n\n\n\n<p class=\"wp-block-paragraph\">&#8220;Primeiramente, gostaria de agradecer a Chip e Mike por ajudarem a acertar tudo isso. Estou extremamente animado para fazer parte da Chip Ganassi Racing na temporada de 2023. A organiza\u00e7\u00e3o est\u00e1 no topo do nosso esporte h\u00e1 d\u00e9cadas e, nem preciso dizer, sempre extremamente competitiva&#8221;, disse <strong>Sato<\/strong> em comunicado oficial divulgao pela equipe. <\/p>\n\n\n\n<p class=\"wp-block-paragraph\">&#8220;Focar nas corridas ovais \u00e9 um novo cap\u00edtulo para mim, mas estou empolgado por poder correr com membros e companheiros de equipe que ganharam campeonatos e as <strong>500 Milhas de Indian\u00e1polis<\/strong> no passado, o que \u00e9 uma vantagem tremenda. Eu mal posso esperar para come\u00e7ar\u201d, concluiu o piloto japon\u00eas.<\/p>\n\n\n\n<p class=\"wp-block-paragraph\"><strong>\u25b6\ufe0f\u00a0Inscreva-se nos dois canais do GRANDE PR\u00caMIO no YouTube:\u00a0<a href=\"https:\/\/www.youtube.com\/channel\/UC9OlHEgxoaY6QY6nWPoiqQg?sub_confirmation=1\" target=\"_blank\" rel=\"noreferrer noopener\">GP<\/a>\u00a0|\u00a0<a href=\"https:\/\/www.youtube.com\/channel\/UC9csiS6q_C3C0FYhyr1rnFA?sub_confirmation=1\" target=\"_blank\" rel=\"noreferrer noopener\">GP2<\/a><\/strong><br><strong>\u25b6\ufe0f\u00a0<a href=\"https:\/\/www.twitch.tv\/grandepremio\" target=\"_blank\" rel=\"noreferrer noopener\">Conhe\u00e7a o canal do GRANDE PR\u00caMIO na Twitch clicando aqui!<\/a><\/strong><\/p>\n\n\n\n<figure class=\"wp-block-image size-large\"><img decoding=\"async\" src=\"https:\/\/www.grandepremio.com\/br\/wp-content\/uploads\/2022\/07\/Takuma-Sato-Hy-VeeDeals_com-250-presented-by-DoorDash-By_-Joe-Skibinski_Large-Image-Without-Watermark_m64739-1024x683.jpg\" alt=\"Sato\" class=\"wp-image-597797\"\/><figcaption>Takuma Sato correu pela Dale Coyne em 2022 (Foto: IndyCar)<\/figcaption><\/figure>\n\n\n\n<p class=\"wp-block-paragraph\"><strong>Sato<\/strong> tem um grande curr\u00edculo, que inclui duas vit\u00f3rias nas <strong>500 Milhas de Indian\u00e1polis<\/strong> em 2017 e 2020, a primeira com a <strong>Andretti<\/strong> e a segunda com a <strong>Rahal Letterman Lanigan<\/strong>. O ex-piloto da <strong>F\u00f3rmula 1<\/strong> deve ser um dos nomes para ficar de olho na Indy 500 deste ano, j\u00e1 que a <strong>Ganassi<\/strong> \u00e9 a atual vencedora, tendo dominado a edi\u00e7\u00e3o de 2023. <\/p>\n\n\n\n<p class=\"wp-block-paragraph\">\u201c\u00c9 uma oportunidade fant\u00e1stica ter Takuma Sato pilotando nosso Honda #11 nos ovais em 2023&#8243;, disse o diretor-gerente <strong>Mike Hull<\/strong>. &#8220;Ele \u00e9 duas vezes vencedor das 500 milhas de Indian\u00e1polis e contribuir\u00e1 com sua experi\u00eancia de saber como vencer, igualando a for\u00e7a de seus tr\u00eas companheiros de equipe, o que equivale a quatro que correm como um. A Chip Ganassi Racing aguarda ansiosamente a 107\u00aa edi\u00e7\u00e3o das 500 Milhas de Indian\u00e1polis\u201d, elogiou Hull.<\/p>\n\n\n\n<figure class=\"wp-block-image size-large\"><img decoding=\"async\" src=\"https:\/\/www.grandepremio.com\/br\/wp-content\/uploads\/2020\/10\/7-Takuma-Sato-Indy-500-1024x681.jpg\" alt=\"\" class=\"wp-image-430438\"\/><figcaption>Takuma Sato tem duas vit\u00f3rias nas 500 Milhas de Indian\u00e1polis (Foto: Indycar)<\/figcaption><\/figure>\n\n\n\n<p class=\"wp-block-paragraph\"><strong>Takuma<\/strong> participou das \u00faltimas treze temporadas da Indy, com passagens pela KV, RLL, Foyt, Andretti e, mais recentemente, <strong>Dale Coyne<\/strong>. O duas vezes vencedor da<strong> Indy 500<\/strong> acumula seis vit\u00f3rias, 14 p\u00f3dios e 10 pole-positions no per\u00edodo. Esta ser\u00e1 a primeira temporada do japon\u00eas disputando apenas os ovais. Al\u00e9m das 500 Milhas de Indian\u00e1polis, ele guiar\u00e1 tamb\u00e9m nos ovais do <strong>Texas<\/strong>, na rodada dupla em<strong> Iowa<\/strong> e em <strong>Gateway<\/strong>.<\/p>\n\n\n\n<p class=\"wp-block-paragraph\">Havia a possibilidade de <strong>Sato<\/strong> retornar para a Dale Coyne tamb\u00e9m apenas para a disputa dos ovais ou at\u00e9 mesmo se aposentar ao final da temporada. Contudo, a sa\u00edda do brasileiro <strong>Tony Kanaan<\/strong> para a <strong>McLaren<\/strong> abriu uma lacuna na <strong>Ganassi <\/strong>para a disputa dos ovais, e a experi\u00eancia do japon\u00eas atraiu Chip Ganassi.<\/p>\n\n\n\n<p class=\"wp-block-paragraph\">Com a confirma\u00e7\u00e3o de <strong>Sato <\/strong>no carro #11 ao lado de Armstrong, <a href=\"https:\/\/www.grandepremio.com\/br\/indy\/noticias\/dale-coyne-parceiro-marcus-armstrong-vagas-restantes-grid-indy-2023\/\" class=\"ek-link\">resta apenas uma vaga no grid da <strong>Indy<\/strong> em 2023<\/a>, justamente o assento do veterano na <strong>Dale Coyne<\/strong>. A temporada se inicia no dia 5 de mar\u00e7o, com o <strong>GP de St. Pete<\/strong>, nas ruas da Fl\u00f3rida.<\/p>\n","protected":false},"excerpt":{"rendered":"<p>A Ganassi confirmou as expectativas e anunciou a contrata\u00e7\u00e3o de Takuma Sato para a disputa dos ovais no carro #11, que ser\u00e1 dividido pelo japon\u00eas com o novato Marcus Armstrong<\/p>\n","protected":false},"author":0,"featured_media":1000545833,"comment_status":"closed","ping_status":"closed","sticky":false,"template":"","format":"standard","meta":{"42wp_featured_image_caption":"","42wp_featured_image_credits":"","42wp_featured_video":"","42wp_featured_image_hidden":false,"42wp_authors_list":[],"footnotes":""},"categories":[3],"tags":[2980,831,619,31851,1595,1491,93,25977,232,32514,94,3352,1326],"42wp_author":[47144],"class_list":["post-106070","post","type-post","status-publish","format-standard","has-post-thumbnail","hentry","category-indy","tag-500-milhas-indianapolis","tag-dale-coyne","tag-formula-indy","tag-formula-indy-2023","tag-ganassi","tag-grande-premio","tag-indy","tag-indy-2023","tag-indy-500","tag-indy-500-2023","tag-indycar","tag-marcus-armstrong","tag-takuma-sato","42wp_author-andre-netto"],"_links":{"self":[{"href":"https:\/\/grandepremio.com\/br\/wp-json\/wp\/v2\/posts\/106070","targetHints":{"allow":["GET"]}}],"collection":[{"href":"https:\/\/grandepremio.com\/br\/wp-json\/wp\/v2\/posts"}],"about":[{"href":"https:\/\/grandepremio.com\/br\/wp-json\/wp\/v2\/types\/post"}],"replies":[{"embeddable":true,"href":"https:\/\/grandepremio.com\/br\/wp-json\/wp\/v2\/comments?post=106070"}],"version-history":[{"count":0,"href":"https:\/\/grandepremio.com\/br\/wp-json\/wp\/v2\/posts\/106070\/revisions"}],"wp:featuredmedia":[{"embeddable":true,"href":"https:\/\/grandepremio.com\/br\/wp-json\/wp\/v2\/media\/1000545833"}],"wp:attachment":[{"href":"https:\/\/grandepremio.com\/br\/wp-json\/wp\/v2\/media?parent=106070"}],"wp:term":[{"taxonomy":"category","embeddable":true,"href":"https:\/\/grandepremio.com\/br\/wp-json\/wp\/v2\/categories?post=106070"},{"taxonomy":"post_tag","embeddable":true,"href":"https:\/\/grandepremio.com\/br\/wp-json\/wp\/v2\/tags?post=106070"},{"taxonomy":"42wp_author","embeddable":true,"href":"https:\/\/grandepremio.com\/br\/wp-json\/wp\/v2\/42wp_author?post=106070"}],"curies":[{"name":"wp","href":"https:\/\/api.w.org\/{rel}","templated":true}]}}