{"id":106089,"date":"2023-01-16T12:41:52","date_gmt":"2023-01-16T15:41:52","guid":{"rendered":"https:\/\/grandepremio.com\/br\/noticias\/oliver-gray-estreia-f3-carlin-meta-2023-aprender-maximo-possivel\/"},"modified":"2023-01-16T13:41:32","modified_gmt":"2023-01-16T16:41:32","slug":"oliver-gray-estreia-f3-carlin-meta-2023-aprender-maximo-possivel","status":"publish","type":"post","link":"https:\/\/grandepremio.com\/br\/f3\/oliver-gray-estreia-f3-carlin-meta-2023-aprender-maximo-possivel\/","title":{"rendered":"Gray estreia na F3 com Carlin e p\u00f5e meta para 2023: &#8220;Aprender o m\u00e1ximo poss\u00edvel&#8221;"},"content":{"rendered":"\n<figure class=\"wp-block-embed is-type-video is-provider-youtube wp-block-embed-youtube wp-embed-aspect-16-9 wp-has-aspect-ratio\"><div class=\"wp-block-embed__wrapper\">\n<iframe loading=\"lazy\" title=\"&quot;F\u00d3RMULA 2 COMO PONTE PARA F1 FUNCIONA AT\u00c9 A P\u00c1GINA 2&quot; | GP \u00e0s 10\" width=\"500\" height=\"281\" src=\"https:\/\/www.youtube.com\/embed\/sq5lQAqqTis?feature=oembed\" frameborder=\"0\" allow=\"accelerometer; autoplay; clipboard-write; encrypted-media; gyroscope; picture-in-picture; web-share\" referrerpolicy=\"strict-origin-when-cross-origin\" allowfullscreen><\/iframe>\n<\/div><\/figure>\n\n\n\n<p class=\"wp-block-paragraph\">A <strong>Carlin <\/strong>confirmou nesta segunda-feira (16) mais um nome para a temporada 2023 da <strong>F\u00f3rmula 3<\/strong>: <strong>Oliver Gray<\/strong> vai compor o trio da equipe brit\u00e2nica ao lado do americano <strong>Hunter Yeany<\/strong>, restando, portanto, apenas uma vaga a ser preenchida no time.<\/p>\n\n\n\n<p class=\"wp-block-paragraph\">Gray foi vice-campe\u00e3o da <strong>F4 brit\u00e2nica <\/strong>no ano passado tamb\u00e9m com a Carlin, com duas vit\u00f3rias e um total de 16 p\u00f3dios. O jovem de 17 anos ainda passou a fazer parte da <strong>Academia de Pilotos da Williams <\/strong>na \u00faltima temporada e j\u00e1 tem data para estrear no novo carro: 14 de fevereiro, quando come\u00e7a a pr\u00e9-temporada da F3, no <strong>Bahrein<\/strong>.<\/p>\n\n\n\n<p class=\"wp-block-paragraph\"><strong>\u25b6\ufe0f\u00a0Inscreva-se nos dois canais do GRANDE PR\u00caMIO no YouTube:\u00a0<a href=\"https:\/\/www.youtube.com\/channel\/UC9OlHEgxoaY6QY6nWPoiqQg?sub_confirmation=1\" target=\"_blank\" rel=\"noreferrer noopener\">GP<\/a>\u00a0|\u00a0<a href=\"https:\/\/www.youtube.com\/channel\/UC9csiS6q_C3C0FYhyr1rnFA?sub_confirmation=1\" target=\"_blank\" rel=\"noreferrer noopener\">GP2<\/a><\/strong><br><strong>\u25b6\ufe0f\u00a0<a href=\"https:\/\/www.twitch.tv\/grandepremio\" target=\"_blank\" rel=\"noreferrer noopener\">Conhe\u00e7a o canal do GRANDE PR\u00caMIO na Twitch clicando aqui!<\/a><\/strong><\/p>\n\n\n\n<figure class=\"wp-block-image size-large\"><img decoding=\"async\" src=\"https:\/\/www.grandepremio.com\/br\/wp-content\/uploads\/2023\/01\/unnamed-1-1024x683.jpg\" alt=\"\" class=\"wp-image-645443\"\/><figcaption>Oliver Gray competiu na F4 brit\u00e2nica em 2022 com a Carlin e foi vice-campe\u00e3o (Foto: Carlin)<\/figcaption><\/figure>\n\n\n\n<p class=\"wp-block-paragraph\">&#8220;Estou super feliz em avan\u00e7ar para a F3 na pr\u00f3xima temporada&#8221;, vibrou o piloto. &#8220;Agrade\u00e7o aos meus patrocinadores e tamb\u00e9m a Williams e Carlin pela cren\u00e7a que est\u00e3o depositando em mim&#8221;, acrescentou.<\/p>\n\n\n\n<p class=\"wp-block-paragraph\">&#8220;Esperamos que este seja o primeiro de um programa de dois anos na F3, ent\u00e3o o objetivo nesta temporada \u00e9 aprender o m\u00e1ximo poss\u00edvel sobre o carro, pistas e pneus, tudo que ser\u00e1 novidade para mim. Poder embarcar nisso com a Carlin \u00e9 um sonho que se torna realidade, e estou ansioso para come\u00e7ar&#8221;, completou o brit\u00e2nico.<\/p>\n\n\n\n<p class=\"wp-block-paragraph\"><strong>Trevor Carlin<\/strong>, chefe da equipe, falou sobre o &#8220;prazer em ter Ollie&#8221; como piloto no ano passado, ressaltando que &#8220;acredita em seu potencial&#8221;.<\/p>\n\n\n\n<p class=\"wp-block-paragraph\">&#8220;Avan\u00e7ar para a F3 \u00e9 um grande passo, \u00e9 um campeonato muito competitivo, ent\u00e3o ser\u00e1 uma curva \u00edngreme de aprendizado. Progredir constantemente ser\u00e1 o objetivo, e Ollie tem atitude e talento para isso&#8221;, finalizou.<\/p>\n","protected":false},"excerpt":{"rendered":"<p>Oliver Gray defendeu a Carlin na F4 brit\u00e2nica em 2022 e ficou com o vice-campeonato. Agora, ganha a chance de dar mais um passo na carreira e estar\u00e1 na F\u00f3rmula 3 este ano<\/p>\n","protected":false},"author":0,"featured_media":1000645420,"comment_status":"closed","ping_status":"closed","sticky":false,"template":"","format":"standard","meta":{"42wp_featured_image_caption":"","42wp_featured_image_credits":"","42wp_featured_video":"","42wp_featured_image_hidden":false,"42wp_authors_list":[],"footnotes":""},"categories":[10],"tags":[32564,8057,1491,28285,33331,215],"42wp_author":[47147],"class_list":["post-106089","post","type-post","status-publish","format-standard","has-post-thumbnail","hentry","category-f3","tag-f3-2023","tag-formula-3","tag-grande-premio","tag-grandepremio","tag-temporada-2023-f3","tag-williams","42wp_author-luana-marino"],"_links":{"self":[{"href":"https:\/\/grandepremio.com\/br\/wp-json\/wp\/v2\/posts\/106089","targetHints":{"allow":["GET"]}}],"collection":[{"href":"https:\/\/grandepremio.com\/br\/wp-json\/wp\/v2\/posts"}],"about":[{"href":"https:\/\/grandepremio.com\/br\/wp-json\/wp\/v2\/types\/post"}],"replies":[{"embeddable":true,"href":"https:\/\/grandepremio.com\/br\/wp-json\/wp\/v2\/comments?post=106089"}],"version-history":[{"count":0,"href":"https:\/\/grandepremio.com\/br\/wp-json\/wp\/v2\/posts\/106089\/revisions"}],"wp:featuredmedia":[{"embeddable":true,"href":"https:\/\/grandepremio.com\/br\/wp-json\/wp\/v2\/media\/1000645420"}],"wp:attachment":[{"href":"https:\/\/grandepremio.com\/br\/wp-json\/wp\/v2\/media?parent=106089"}],"wp:term":[{"taxonomy":"category","embeddable":true,"href":"https:\/\/grandepremio.com\/br\/wp-json\/wp\/v2\/categories?post=106089"},{"taxonomy":"post_tag","embeddable":true,"href":"https:\/\/grandepremio.com\/br\/wp-json\/wp\/v2\/tags?post=106089"},{"taxonomy":"42wp_author","embeddable":true,"href":"https:\/\/grandepremio.com\/br\/wp-json\/wp\/v2\/42wp_author?post=106089"}],"curies":[{"name":"wp","href":"https:\/\/api.w.org\/{rel}","templated":true}]}}