{"id":10613,"date":"2026-03-27T01:05:52","date_gmt":"2026-03-27T04:05:52","guid":{"rendered":"https:\/\/grandepremio.com\/br\/noticias\/mclaren-confirma-troca-bateria-lando-norris-gp-japao-apos-problema-china\/"},"modified":"2026-03-27T01:08:30","modified_gmt":"2026-03-27T04:08:30","slug":"mclaren-confirma-troca-bateria-lando-norris-gp-japao-apos-problema-china","status":"publish","type":"post","link":"https:\/\/grandepremio.com\/br\/f1\/mclaren-confirma-troca-bateria-lando-norris-gp-japao-apos-problema-china\/","title":{"rendered":"McLaren confirma troca de bateria de Norris em GP do Jap\u00e3o ap\u00f3s problema na China\u00a0"},"content":{"rendered":"\n<p class=\"wp-block-paragraph\">O <strong>GP do Jap\u00e3o <\/strong>come\u00e7ou com mudan\u00e7as para <strong>Lando Norris<\/strong>. Depois dos problemas que o impediram de sequer largar na <strong>China<\/strong>, a <strong>McLaren <\/strong>resolveu trocar a bateria do carro #1, mudan\u00e7a confirmada em documento oficial emitido pela <strong>Federa\u00e7\u00e3o Internacional de Automobilismo<\/strong> (<strong>FIA<\/strong>), antes do primeiro treino livre da etapa de Suzuka, nesta sexta-feira (27).<\/p>\n\n\n\n<p class=\"wp-block-paragraph\">Depois de encontrar problemas na bateria no <strong>GP da China<\/strong>, mudan\u00e7as j\u00e1 eram esperadas. A <strong>McLaren <\/strong>afirmou que havia encontrado danos talvez <a href=\"https:\/\/www.grandepremio.com\/br\/f1\/noticias\/mclaren-identifica-problemas-bateria-china-teme-dano-permanente-lando-norris\/\" type=\"link\" id=\"https:\/\/www.grandepremio.com\/br\/f1\/noticias\/mclaren-identifica-problemas-bateria-china-teme-dano-permanente-lando-norris\/\">permanentes <\/a>no carro de Norris e, neste contexto, altera\u00e7\u00f5es foram feitas. O atual campe\u00e3o correr\u00e1 com uma nova unidade de armazenamento de energia, a bateria, e um novo controle eletr\u00f4nico da unidade de pot\u00eancia, respons\u00e1vel pela parte el\u00e9trica do carro.<\/p>\n\n\n\n<figure class=\"wp-block-embed is-type-video is-provider-youtube wp-block-embed-youtube wp-embed-aspect-16-9 wp-has-aspect-ratio\"><div class=\"wp-block-embed__wrapper\">\n<iframe loading=\"lazy\" title=\"VERSTAPPEN EXPULSA JORNALISTA DE COLETIVA E FIA J\u00c1 MUDA REGRAS DA F1 NO JAP\u00c3O | WGP\" width=\"500\" height=\"281\" src=\"https:\/\/www.youtube.com\/embed\/O9iZ2-EqxmI?feature=oembed\" frameborder=\"0\" allow=\"accelerometer; autoplay; clipboard-write; encrypted-media; gyroscope; picture-in-picture; web-share\" referrerpolicy=\"strict-origin-when-cross-origin\" allowfullscreen><\/iframe>\n<\/div><figcaption class=\"wp-element-caption\">FIA J\u00c1 MUDA REGRAS DA F1 NO JAP\u00c3O E VERSTAPPEN TOSA JORNALISTA | WGP<\/figcaption><\/figure>\n\n\n\n<p class=\"wp-block-paragraph\"><strong>+ GP EXPERIENCE: o novo produto do GRANDE PR\u00caMIO conecta voc\u00ea aos maiores eventos de esporte a motor do mundo. V\u00e1 para Indian\u00e1polis com a gente:&nbsp;<a href=\"https:\/\/gpexperience.tur.br\/\">saiba aqui todos os detalhes<\/a>.<\/strong><\/p>\n\n\n\n<p class=\"wp-block-paragraph\">Durante a etapa passada, a equipe encontrou problemas em ambos os carros. No entanto, as altera\u00e7\u00f5es n\u00e3o se replicaram do outro lado da garagem. <strong>Oscar Piastri<\/strong>, que n\u00e3o largou em ambas as corridas de 2026, n\u00e3o trocou componentes em Suzuka at\u00e9 agora.<\/p>\n\n\n\n<p class=\"wp-block-paragraph\">No carro do australiano, o problema no\u00a0hardware de componente auxiliar que conecta a bateria foi resolvido sem troca. Mas o conserto n\u00e3o foi poss\u00edvel no carro de Norris.<\/p>\n\n\n\n<figure class=\"wp-block-image size-large\"><img decoding=\"async\" src=\"https:\/\/www.grandepremio.com\/br\/wp-content\/uploads\/2026\/03\/china-classificacao-f1-2026-mclaren-lando-norris-04-1200x800.jpg\" alt=\"\" class=\"wp-image-1067696\"\/><figcaption class=\"wp-element-caption\">Lando Norris trocou componentes ap\u00f3s problemas com bateria no GP da China (Foto: McLaren)<\/figcaption><\/figure>\n\n\n\n<p class=\"wp-block-paragraph\">No resto do grid, trocas tamb\u00e9m foram anunciadas.<strong>Liam Lawson<\/strong> mudou o escapamento, <strong>Max Verstappen<\/strong> o MGU-K (referente \u00e0 parte el\u00e9trica do motor) e o componente auxiliar da unidade de pot\u00eancia, que tamb\u00e9m foi trocado no carro de <strong>Fernando Alonso<\/strong>. J\u00e1 <strong>Lance Stroll<\/strong>, trocou os mesmos componentes que Norris.<\/p>\n\n\n\n<p class=\"wp-block-paragraph\" id=\"h-gp-experience-o-novo-produto-do-grande-premio-conecta-voce-aos-maiores-eventos-de-esporte-a-motor-do-mundo-va-para-indianapolis-com-a-gente-saiba-aqui-todos-os-detalhes\">O&nbsp;<strong>GRANDE PR\u00caMIO<\/strong>&nbsp;acompanha todas as atividades do&nbsp;<strong>GP do Jap\u00e3o<\/strong>, terceira etapa da&nbsp;<strong>temporada 2026&nbsp;<\/strong>da F1,<a href=\"https:\/\/www.grandepremio.com\/br\/ao-vivo\/f1\/\">&nbsp;<strong>AO VIVO E EM&nbsp;<\/strong><\/a><strong><a href=\"https:\/\/www.grandepremio.com\/br\/ao-vivo\/\" target=\"_blank\" rel=\"noreferrer noopener\">TEMPO REAL<\/a><\/strong>,&nbsp;<a href=\"https:\/\/www.youtube.com\/@GrandePremio1\/streams\">al\u00e9m de classifica\u00e7\u00e3o e corrida em&nbsp;<strong>SEGUNDA TELA&nbsp;<\/strong>no YouTube<\/a>, em parceria com a&nbsp;<strong>Voz do Esporte<\/strong>. O&nbsp;<strong>Briefing&nbsp;<\/strong>chega para analisar ap\u00f3s o fim de cada dia de atividades nas redes sociais e na&nbsp;<strong>GPTV<\/strong>.<\/p>\n\n\n\n<h2 class=\"wp-block-heading\" id=\"h-gp-do-japao-de-f1-veja-os-horarios-em-brasil-cabo-verde-nbsp-portugal-angola-e-mocambique\"><strong>GP do Jap\u00e3o de F1: veja os hor\u00e1rios em Brasil, Cabo Verde,&nbsp;<a href=\"https:\/\/grandepremio.pt\/\" target=\"_blank\" rel=\"noreferrer noopener\">Portugal<\/a>, Angola e Mo\u00e7ambique:<\/strong><\/h2>\n\n\n\n<figure class=\"wp-block-table\"><table class=\"has-fixed-layout\"><tbody><tr><td class=\"has-text-align-left\" data-align=\"left\"><strong>Sess\u00e3o<\/strong><\/td><td class=\"has-text-align-left\" data-align=\"left\"><strong>BRA*<\/strong><\/td><td class=\"has-text-align-left\" data-align=\"left\"><strong>CBV<\/strong><\/td><td class=\"has-text-align-left\" data-align=\"left\"><strong>POR<\/strong><br><strong>ANG<\/strong><\/td><td class=\"has-text-align-left\" data-align=\"left\"><strong>MOZ<\/strong><\/td><\/tr><tr><td class=\"has-text-align-left\" data-align=\"left\">Treino livre 2<\/td><td class=\"has-text-align-left\" data-align=\"left\">03:00<\/td><td class=\"has-text-align-left\" data-align=\"left\">05:30<\/td><td class=\"has-text-align-left\" data-align=\"left\">07:00<\/td><td class=\"has-text-align-left\" data-align=\"left\">08:00<\/td><\/tr><tr><td class=\"has-text-align-left\" data-align=\"left\">Treino livre 3<\/td><td class=\"has-text-align-left\" data-align=\"left\">23:30<\/td><td class=\"has-text-align-left\" data-align=\"left\">01:30<\/td><td class=\"has-text-align-left\" data-align=\"left\">03:30<\/td><td class=\"has-text-align-left\" data-align=\"left\">04:30<\/td><\/tr><tr><td class=\"has-text-align-left\" data-align=\"left\">Classifica\u00e7\u00e3o<\/td><td class=\"has-text-align-left\" data-align=\"left\">03:00<\/td><td class=\"has-text-align-left\" data-align=\"left\">05:30<\/td><td class=\"has-text-align-left\" data-align=\"left\">07:00<\/td><td class=\"has-text-align-left\" data-align=\"left\">08:00<\/td><\/tr><tr><td class=\"has-text-align-left\" data-align=\"left\">Corrida<\/td><td class=\"has-text-align-left\" data-align=\"left\">02:00<\/td><td class=\"has-text-align-left\" data-align=\"left\">04:30<\/td><td class=\"has-text-align-left\" data-align=\"left\">06:00<\/td><td class=\"has-text-align-left\" data-align=\"left\">07:00<\/td><\/tr><\/tbody><\/table><\/figure>\n\n\n\n<p class=\"wp-block-paragraph\"><em>*Hor\u00e1rio de Bras\u00edlia<\/em><\/p>\n\n\n\n<p class=\"wp-block-paragraph\"><strong>&nbsp;\u25b6 Inscreva-se nos dois canais do GRANDE PR\u00caMIO no YouTube:&nbsp;<a href=\"https:\/\/www.youtube.com\/channel\/UC9OlHEgxoaY6QY6nWPoiqQg?sub_confirmation=1\">GP<\/a>&nbsp;|&nbsp;<a href=\"https:\/\/www.youtube.com\/channel\/UC9csiS6q_C3C0FYhyr1rnFA?sub_confirmation=1\">GPTV<\/a><\/strong><\/p>\n\n\n\n<h2 class=\"wp-block-heading\" id=\"h-f1-hoje-saiba-aqui-as-noticias-mais-importantes-do-dia-da-formula-1\"><strong>F1 hoje: saiba aqui as not\u00edcias mais importantes do dia da F\u00f3rmula 1<\/strong><\/h2>\n\n\n\n<p class=\"wp-block-paragraph\"><strong><strong>\u25b6 <\/strong>&nbsp;<a href=\"https:\/\/www.grandepremio.com\/br\/f1\/noticias\/oliver-bearman-critica-ajuste-fia-classificacao-japao-vai-deixar-ainda-mais-lentos\/\">Bearman critica ajuste da FIA em classifica\u00e7\u00e3o no Jap\u00e3o: \u201cVai nos deixar ainda mais lentos\u201d<\/a><br><strong>\u25b6 <\/strong>&nbsp;<a href=\"https:\/\/www.grandepremio.com\/br\/f1\/noticias\/red-bull-ve-mercedes-1s-mais-rapida-mas-projeta-reacao-f1-2026-temporada-e-longa\/\">Red Bull v\u00ea Mercedes 1s mais r\u00e1pida, mas projeta rea\u00e7\u00e3o na F1: \u201cTemporada \u00e9 longa\u201d<\/a><br><strong>\u25b6 <\/strong>&nbsp;<a href=\"https:\/\/www.grandepremio.com\/br\/f1\/noticias\/arvid-lindblad-celebra-estreia-suzuka-destaca-necessidade-desligar-cerebro\/\">Lindblad celebra estreia em Suzuka e destaca necessidade de \u201cdesligar c\u00e9rebro\u201d<\/a><br><strong>\u25b6 <\/strong>&nbsp;<a href=\"https:\/\/www.grandepremio.com\/br\/f1\/noticias\/andrea-kimi-antonelli-defende-mercedes-polemica-asa-dianteira-nao-tentamos-ser-genios\/\">Antonelli defende Mercedes em pol\u00eamica da asa dianteira: \u201cN\u00e3o tentamos ser g\u00eanios\u201d<\/a><br><strong>\u25b6 <\/strong>&nbsp;<a href=\"https:\/\/www.grandepremio.com\/br\/f1\/noticias\/carlos-sainz-descarta-solucao-magica-reduz-expectativas-japao-nao-espero-milagres\/\">Sainz descarta \u201csolu\u00e7\u00e3o m\u00e1gica\u201d e reduz expectativas no Jap\u00e3o: \u201cN\u00e3o espero milagres\u201d<\/a><\/strong><\/p>\n\n\n\n<p class=\"wp-block-paragraph\"><\/p>\n","protected":false},"excerpt":{"rendered":"<p>Lando Norris chegou ao GP do Jap\u00e3o com uma nova bateria e um novo controle eletr\u00f4nico da unidade de pot\u00eancia<\/p>\n","protected":false},"author":0,"featured_media":1001071985,"comment_status":"closed","ping_status":"closed","sticky":false,"template":"","format":"standard","meta":{"42wp_featured_image_caption":"","42wp_featured_image_credits":"","42wp_featured_video":"","42wp_featured_image_hidden":false,"42wp_authors_list":[],"footnotes":""},"categories":[2],"tags":[26271,5273,147,29516,29148,180,31425,28995,3023,1491,28285,30840,24855,46326,32659,547,90,35129,608,46327,32660,31470],"42wp_author":[47167],"class_list":["post-10613","post","type-post","status-publish","format-standard","has-post-thumbnail","hentry","category-f1","tag-calendario-f1","tag-classificacao-f1","tag-f1","tag-f1-2026","tag-f1-hoje","tag-formula-1","tag-formula-1-2026","tag-formula-1-hoje","tag-gp-do-japao","tag-grande-premio","tag-grandepremio","tag-horarios-f1","tag-japao","tag-japao-2026","tag-japao-f1","tag-lando-norris","tag-mclaren","tag-onde-assistir-f1","tag-suzuka","tag-suzuka-2026","tag-suzuka-f1","tag-temporada-2026-f1","42wp_author-julia-palomares-aro"],"_links":{"self":[{"href":"https:\/\/grandepremio.com\/br\/wp-json\/wp\/v2\/posts\/10613","targetHints":{"allow":["GET"]}}],"collection":[{"href":"https:\/\/grandepremio.com\/br\/wp-json\/wp\/v2\/posts"}],"about":[{"href":"https:\/\/grandepremio.com\/br\/wp-json\/wp\/v2\/types\/post"}],"replies":[{"embeddable":true,"href":"https:\/\/grandepremio.com\/br\/wp-json\/wp\/v2\/comments?post=10613"}],"version-history":[{"count":0,"href":"https:\/\/grandepremio.com\/br\/wp-json\/wp\/v2\/posts\/10613\/revisions"}],"wp:featuredmedia":[{"embeddable":true,"href":"https:\/\/grandepremio.com\/br\/wp-json\/wp\/v2\/media\/1001071985"}],"wp:attachment":[{"href":"https:\/\/grandepremio.com\/br\/wp-json\/wp\/v2\/media?parent=10613"}],"wp:term":[{"taxonomy":"category","embeddable":true,"href":"https:\/\/grandepremio.com\/br\/wp-json\/wp\/v2\/categories?post=10613"},{"taxonomy":"post_tag","embeddable":true,"href":"https:\/\/grandepremio.com\/br\/wp-json\/wp\/v2\/tags?post=10613"},{"taxonomy":"42wp_author","embeddable":true,"href":"https:\/\/grandepremio.com\/br\/wp-json\/wp\/v2\/42wp_author?post=10613"}],"curies":[{"name":"wp","href":"https:\/\/api.w.org\/{rel}","templated":true}]}}