{"id":106139,"date":"2023-01-14T10:00:00","date_gmt":"2023-01-14T13:00:00","guid":{"rendered":"https:\/\/grandepremio.com\/br\/noticias\/agustin-canapino-aposta-ousada-a-scott-mclaughlin-juncos-indy-2023\/"},"modified":"2023-01-14T09:41:40","modified_gmt":"2023-01-14T12:41:40","slug":"agustin-canapino-aposta-ousada-a-scott-mclaughlin-juncos-indy-2023","status":"publish","type":"post","link":"https:\/\/grandepremio.com\/br\/indy\/agustin-canapino-aposta-ousada-a-scott-mclaughlin-juncos-indy-2023\/","title":{"rendered":"Canapino \u00e9 &#8216;aposta ousada \u00e0 McLaughlin&#8217; da Juncos para Indy 2023"},"content":{"rendered":"\n<figure class=\"wp-block-embed is-type-rich is-provider-incorporar-manipulador wp-block-embed-incorporar-manipulador wp-embed-aspect-16-9 wp-has-aspect-ratio\"><div class=\"wp-block-embed__wrapper\">\n<iframe loading=\"lazy\" title=\"CANAPINO \u00c9 &amp;apos;APOSTA OUSADA \u00c0 McLAUGHLIN&amp;apos; DA JUNCOS NA INDY 2023 | GP \u00e0s 10\" width=\"500\" height=\"281\" src=\"https:\/\/www.youtube.com\/embed\/zn9fw7wAj9s?feature=oembed\" frameborder=\"0\" allow=\"accelerometer; autoplay; clipboard-write; encrypted-media; gyroscope; picture-in-picture; web-share\" referrerpolicy=\"strict-origin-when-cross-origin\" allowfullscreen><\/iframe>\n<\/div><\/figure>\n\n\n\n<p class=\"wp-block-paragraph\">A <a href=\"https:\/\/www.grandepremio.com\/br\/indy\/noticias\/juncos-hollinger-surpreende-anuncia-agustin-canapino-segundo-carro-indy-2023\/\" class=\"ek-link\"><strong>Juncos Hollinger<\/strong> surpreendeu e anunciou o argentino <strong>Agust\u00edn Canapino<\/strong><\/a> como segundo piloto para a temporada de 2023 da <strong>Indy<\/strong>. O tetracampe\u00e3o da <strong>Turismo Carretera<\/strong> impressionou durante teste em Sebring e conquistou o cora\u00e7\u00e3o de <strong>Ricardo Juncos<\/strong> durante um<a href=\"https:\/\/www.grandepremio.com\/br\/indy\/noticias\/juncos-leva-indy-argentina-51-anos-demonstracao-buenos-aires\/\" class=\"ek-link\"> tour feito com a equipe pela Argentina<\/a>.<\/p>\n\n\n\n<p class=\"wp-block-paragraph\">No v\u00eddeo de hoje, <strong>Andr\u00e9 Netto<\/strong> tra\u00e7a paralelos do acordo de Canapino com a contrata\u00e7\u00e3o de <strong>Scott McLaughlin<\/strong>, tricampe\u00e3o dos Supercarros na Austr\u00e1lia, pela Penske, e destaca o projeto da <strong>Juncos Hollinger<\/strong> de trazer a <strong>Indy<\/strong> de volta \u00e0 Argentina.<\/p>\n\n\n\n<p class=\"wp-block-paragraph\"><strong>\u25b6\ufe0f&nbsp;Inscreva-se nos dois canais do GRANDE PR\u00caMIO no YouTube:&nbsp;<a href=\"https:\/\/www.youtube.com\/channel\/UC9OlHEgxoaY6QY6nWPoiqQg?sub_confirmation=1\" target=\"_blank\" rel=\"noreferrer noopener\">GP<\/a>&nbsp;|&nbsp;<a href=\"https:\/\/www.youtube.com\/channel\/UC9csiS6q_C3C0FYhyr1rnFA?sub_confirmation=1\" target=\"_blank\" rel=\"noreferrer noopener\">GP2<\/a><\/strong><br><strong>\u25b6\ufe0f&nbsp;<a href=\"https:\/\/www.twitch.tv\/grandepremio\" target=\"_blank\" rel=\"noreferrer noopener\">Conhe\u00e7a o canal do GRANDE PR\u00caMIO na Twitch clicando aqui!<\/a><\/strong><\/p>\n","protected":false},"excerpt":{"rendered":"<p>A Juncos Hollinger optou pelo argentino Agust\u00edn Canapino como segundo piloto na Indy 2023. No v\u00eddeo de hoje, Andr\u00e9 Netto explica os motivos que levaram Ricardo Juncos a tomar essa decis\u00e3o ousada<\/p>\n","protected":false},"author":0,"featured_media":1000644629,"comment_status":"closed","ping_status":"closed","sticky":false,"template":"","format":"standard","meta":{"42wp_featured_image_caption":"","42wp_featured_image_credits":"","42wp_featured_video":"","42wp_featured_image_hidden":false,"42wp_authors_list":[],"footnotes":""},"categories":[3],"tags":[2448,31547,179,1848,619,31851,1491,93,25977,94,31343,4156,424],"42wp_author":[47144],"class_list":["post-106139","post","type-post","status-publish","format-standard","has-post-thumbnail","hentry","category-indy","tag-agustin-canapino","tag-andre-netto","tag-argentina","tag-callum-ilott","tag-formula-indy","tag-formula-indy-2023","tag-grande-premio","tag-indy","tag-indy-2023","tag-indycar","tag-juncos-hollinger","tag-ricardo-juncos","tag-video","42wp_author-andre-netto"],"_links":{"self":[{"href":"https:\/\/grandepremio.com\/br\/wp-json\/wp\/v2\/posts\/106139","targetHints":{"allow":["GET"]}}],"collection":[{"href":"https:\/\/grandepremio.com\/br\/wp-json\/wp\/v2\/posts"}],"about":[{"href":"https:\/\/grandepremio.com\/br\/wp-json\/wp\/v2\/types\/post"}],"replies":[{"embeddable":true,"href":"https:\/\/grandepremio.com\/br\/wp-json\/wp\/v2\/comments?post=106139"}],"version-history":[{"count":0,"href":"https:\/\/grandepremio.com\/br\/wp-json\/wp\/v2\/posts\/106139\/revisions"}],"wp:featuredmedia":[{"embeddable":true,"href":"https:\/\/grandepremio.com\/br\/wp-json\/wp\/v2\/media\/1000644629"}],"wp:attachment":[{"href":"https:\/\/grandepremio.com\/br\/wp-json\/wp\/v2\/media?parent=106139"}],"wp:term":[{"taxonomy":"category","embeddable":true,"href":"https:\/\/grandepremio.com\/br\/wp-json\/wp\/v2\/categories?post=106139"},{"taxonomy":"post_tag","embeddable":true,"href":"https:\/\/grandepremio.com\/br\/wp-json\/wp\/v2\/tags?post=106139"},{"taxonomy":"42wp_author","embeddable":true,"href":"https:\/\/grandepremio.com\/br\/wp-json\/wp\/v2\/42wp_author?post=106139"}],"curies":[{"name":"wp","href":"https:\/\/api.w.org\/{rel}","templated":true}]}}