{"id":106150,"date":"2023-01-13T14:58:15","date_gmt":"2023-01-13T17:58:15","guid":{"rendered":"https:\/\/grandepremio.com\/br\/noticias\/onde-assistir-ao-vivo-ep-da-cidade-do-mexico-estreia-era-gen3-formula-e\/"},"modified":"2023-01-13T15:12:47","modified_gmt":"2023-01-13T18:12:47","slug":"onde-assistir-ao-vivo-ep-da-cidade-do-mexico-estreia-era-gen3-formula-e","status":"publish","type":"post","link":"https:\/\/grandepremio.com\/br\/formula-e\/onde-assistir-ao-vivo-ep-da-cidade-do-mexico-estreia-era-gen3-formula-e\/","title":{"rendered":"Onde assistir ao vivo o eP da Cidade do M\u00e9xico, estreia da Era Gen3 na F\u00f3rmula E"},"content":{"rendered":"\n<figure class=\"wp-block-embed is-type-video is-provider-youtube wp-block-embed-youtube wp-embed-aspect-16-9 wp-has-aspect-ratio\"><div class=\"wp-block-embed__wrapper\">\n<iframe loading=\"lazy\" title=\"&quot;UMA ZONA COMPLETA&quot;: A BAGUN\u00c7A NA LOG\u00cdSTICA DA F\u00d3RMULA E | GP \u00e0s 10\" width=\"500\" height=\"281\" src=\"https:\/\/www.youtube.com\/embed\/4mkATrMt9Uw?feature=oembed\" frameborder=\"0\" allow=\"accelerometer; autoplay; clipboard-write; encrypted-media; gyroscope; picture-in-picture; web-share\" referrerpolicy=\"strict-origin-when-cross-origin\" allowfullscreen><\/iframe>\n<\/div><\/figure>\n\n\n\n<p class=\"wp-block-paragraph\">O segundo final de semana de janeiro reserva uma data hist\u00f3rica para a <strong>F\u00f3rmula E<\/strong>: a estreia da terceira gera\u00e7\u00e3o de carros da categoria, os famosos <strong>Gen3<\/strong>, a partir desta sexta-feira (13), na <strong>Cidade do M\u00e9xico<\/strong>. As atividades se estendem ao longo de dois dias \u2014 entre hoje e s\u00e1bado \u2014, e para quem quiser acompanhar tudo que acontece na pista na primeira etapa da temporada 2022\/2023, <strong>confira todos os hor\u00e1rios<\/strong> <strong>abaixo<\/strong>.<\/p>\n\n\n\n<p class=\"wp-block-paragraph\">O fim de semana da F\u00f3rmula E no M\u00e9xico come\u00e7a nesta sexta, com a realiza\u00e7\u00e3o do <strong>TL1 <\/strong>a partir das <strong>19h30 <\/strong>(hor\u00e1rio de Bras\u00edlia). A transmiss\u00e3o ser\u00e1 feita pelo canal oficial da categoria no YouTube, assim como o <strong>TL2 <\/strong>do dia seguinte, programado para as <strong>10h30<\/strong>. Cada treino livre possui <strong>30 minutos<\/strong> previstos de dura\u00e7\u00e3o.<\/p>\n\n\n\n<p class=\"wp-block-paragraph\"><strong>+ GUIA F\u00d3RMULA E 2023<\/strong><br><strong>\u2014<\/strong>\u00a0<a href=\"https:\/\/www.grandepremio.com\/br\/grandepremium\/guia-fe-2023\/formula-e\/materias\/fichas-equipes-pilotos-2023\/\" target=\"_blank\" rel=\"noreferrer noopener\" class=\"ek-link\">Equipes e Pilotos da F\u00f3rmula E 2022\/23<br><strong>\u2014<\/strong>\u00a0Carro Gen3 che<\/a><a href=\"https:\/\/www.grandepremio.com\/br\/formula-e\/noticias\/guia-formula-e-2023-carro-gen3-chega-iniciar-nova-era-sob-desconfianca\/\" target=\"_blank\" rel=\"noreferrer noopener\" class=\"ek-link\">ga para iniciar nova Era sob desconfian\u00e7a<br><strong>\u2014\u00a0<\/strong>Sem nenhuma equipe campe\u00e3, grid ainda \u00e9 organismo em matura\u00e7\u00e3o<br>\u2014 Sette C\u00e2mara celebra revolu\u00e7\u00e3o e \u201cestresse\u201d que espera do Gen3<br><strong>\u2014\u00a0<\/strong>Di Grassi chega para temporada de con<\/a><a href=\"https:\/\/www.grandepremio.com\/br\/formula-e\/noticias\/guia-formula-e-2023-lucas-di-grassi-chega-temporada-construcao-mahindra\/\" target=\"_blank\" rel=\"noreferrer noopener\" class=\"ek-link\">stru\u00e7\u00e3o na Mahindra<br><strong>\u2014\u00a0<\/strong>Quem chega favorito, em alta, neutro ou em baixa na temporada<br>\u2014\u00a0Era Gen3 chega com regras controversas, sem FanBoost e grid repaginado<br><strong>\u2014<\/strong>\u00a0Segunda revolu\u00e7\u00e3o busca frear descarrilamento e salvar futuro<\/a><\/p>\n\n\n\n<p class=\"wp-block-paragraph\"><strong>\u25b6\ufe0f&nbsp;<a href=\"https:\/\/www.twitch.tv\/grandepremio\" target=\"_blank\" rel=\"noreferrer noopener\">Conhe\u00e7a o canal do GRANDE PR\u00caMIO na Twitch clicando aqui!<\/a><\/strong><\/p>\n\n\n\n<figure class=\"wp-block-image size-large\"><img decoding=\"async\" src=\"https:\/\/www.grandepremio.com\/br\/wp-content\/uploads\/2022\/02\/GPF3-4-1024x683.jpeg\" alt=\"\" class=\"wp-image-541280\"\/><figcaption>Na \u00faltima temporada, Pascal Wehrlein garantiu no M\u00e9xico sua primeira vit\u00f3ria na F\u00f3rmula E (Foto: F\u00f3rmula E)<\/figcaption><\/figure>\n\n\n\n<p class=\"wp-block-paragraph\"><strong>\u25b6\ufe0f&nbsp;Inscreva-se nos dois canais do GRANDE PR\u00caMIO no YouTube:&nbsp;<a href=\"https:\/\/www.youtube.com\/channel\/UC9OlHEgxoaY6QY6nWPoiqQg?sub_confirmation=1\" target=\"_blank\" rel=\"noreferrer noopener\">GP<\/a>&nbsp;|&nbsp;<a href=\"https:\/\/www.youtube.com\/channel\/UC9csiS6q_C3C0FYhyr1rnFA?sub_confirmation=1\" target=\"_blank\" rel=\"noreferrer noopener\">GP2<\/a><\/strong><\/p>\n\n\n\n<p class=\"wp-block-paragraph\">A transmiss\u00e3o da primeira <strong>classifica\u00e7\u00e3o <\/strong>do ano tamb\u00e9m ser\u00e1 feita no <strong>s\u00e1bado<\/strong>, a partir das <strong>12h40<\/strong>, diretamente do BandSports. Como a primeira etapa do campeonato prev\u00ea rodada \u00fanica, a <strong>corrida <\/strong>ocorre no mesmo dia, a partir das <strong>17h<\/strong>, tamb\u00e9m no canal pago do Grupo Bandeirantes.<\/p>\n\n\n\n<p class=\"wp-block-paragraph\">A F\u00f3rmula E tem <strong>16 corridas<\/strong> programadas para a temporada, que se inicia no M\u00e9xico e ainda passa por Ar\u00e1bia<strong> <\/strong>Saudita, \u00cdndia, \u00c1frica do Sul, Brasil, Alemanha, M\u00f4naco, Indon\u00e9sia, Estados Unidos, It\u00e1lia e Inglaterra, que fecha o campeonato no dia <strong>30 de julho<\/strong>.<\/p>\n","protected":false},"excerpt":{"rendered":"<p>A F\u00f3rmula E d\u00e1 o pontap\u00e9 inicial na Era Gen3 a partir desta sexta-feira (13), com o primeiro treino livre do eP da Cidade do M\u00e9xico. Confira todos os hor\u00e1rios do fim de semana<\/p>\n","protected":false},"author":0,"featured_media":1000641543,"comment_status":"closed","ping_status":"closed","sticky":false,"template":"","format":"standard","meta":{"42wp_featured_image_caption":"","42wp_featured_image_credits":"","42wp_featured_video":"","42wp_featured_image_hidden":false,"42wp_authors_list":[],"footnotes":""},"categories":[19],"tags":[24893,28679,6853,30836,379,27903,840,28327,1601,1491,30103,28285],"42wp_author":[47142],"class_list":["post-106150","post","type-post","status-publish","format-standard","has-post-thumbnail","hentry","category-formula-e","tag-calendario","tag-calendario-formula-e","tag-classificacao-formula-e","tag-ep-da-cidade-do-mexico","tag-fe","tag-fe-2022","tag-formula-e","tag-formula-e-2022","tag-gen3","tag-grande-premio","tag-grande-premio-f1","tag-grandepremio","42wp_author-jp-nascimento"],"_links":{"self":[{"href":"https:\/\/grandepremio.com\/br\/wp-json\/wp\/v2\/posts\/106150","targetHints":{"allow":["GET"]}}],"collection":[{"href":"https:\/\/grandepremio.com\/br\/wp-json\/wp\/v2\/posts"}],"about":[{"href":"https:\/\/grandepremio.com\/br\/wp-json\/wp\/v2\/types\/post"}],"replies":[{"embeddable":true,"href":"https:\/\/grandepremio.com\/br\/wp-json\/wp\/v2\/comments?post=106150"}],"version-history":[{"count":0,"href":"https:\/\/grandepremio.com\/br\/wp-json\/wp\/v2\/posts\/106150\/revisions"}],"wp:featuredmedia":[{"embeddable":true,"href":"https:\/\/grandepremio.com\/br\/wp-json\/wp\/v2\/media\/1000641543"}],"wp:attachment":[{"href":"https:\/\/grandepremio.com\/br\/wp-json\/wp\/v2\/media?parent=106150"}],"wp:term":[{"taxonomy":"category","embeddable":true,"href":"https:\/\/grandepremio.com\/br\/wp-json\/wp\/v2\/categories?post=106150"},{"taxonomy":"post_tag","embeddable":true,"href":"https:\/\/grandepremio.com\/br\/wp-json\/wp\/v2\/tags?post=106150"},{"taxonomy":"42wp_author","embeddable":true,"href":"https:\/\/grandepremio.com\/br\/wp-json\/wp\/v2\/42wp_author?post=106150"}],"curies":[{"name":"wp","href":"https:\/\/api.w.org\/{rel}","templated":true}]}}