{"id":106160,"date":"2023-01-13T09:25:24","date_gmt":"2023-01-13T12:25:24","guid":{"rendered":"https:\/\/grandepremio.com\/br\/noticias\/williams-anuncia-james-vowles-novo-chefe-equipe-formula-1-2023\/"},"modified":"2023-01-13T09:44:24","modified_gmt":"2023-01-13T12:44:24","slug":"williams-anuncia-james-vowles-novo-chefe-equipe-formula-1-2023","status":"publish","type":"post","link":"https:\/\/grandepremio.com\/br\/f1\/williams-anuncia-james-vowles-novo-chefe-equipe-formula-1-2023\/","title":{"rendered":"Williams anuncia Vowles como novo chefe de equipe para F\u00f3rmula 1 2023"},"content":{"rendered":"\n<p class=\"wp-block-paragraph\">A <strong>Williams<\/strong> j\u00e1 tem seu novo chefe de equipe. <a href=\"https:\/\/www.grandepremio.com\/br\/f1\/noticias\/williams-anuncia-saida-jost-capito-chefe-equipe-apos-duas-temporadas\/\" class=\"ek-link\">Ap\u00f3s a sa\u00edda do alem\u00e3o <strong>Jost Capito<\/strong><\/a>, a equipe brit\u00e2nica anunciou na manh\u00e3 desta sexta-feira (13) a contrata\u00e7\u00e3o de <strong>James Vowles<\/strong>, ex-diretor de estrat\u00e9gia da <strong>Mercedes<\/strong>. O brit\u00e2nico vai assumir o posto apenas no dia 20 de fevereiro, duas semanas antes da abertura da temporada da<strong> F\u00f3rmula 1<\/strong> no Bahrein.<\/p>\n\n\n\n<p class=\"wp-block-paragraph\">&#8220;Estou ansioso para come\u00e7ar a trabalhar com a <strong>Williams<\/strong>. \u00c9 uma honra fazer parte de uma equipe com uma heran\u00e7a t\u00e3o rica. A equipe \u00e9 um \u00edcone do nosso esporte, uma das que respeito muito, e estou ansioso para esse desafio&#8221;, disse <strong>Vowles<\/strong> em comunicado oficial da equipe de Grove. &#8220;A Williams depositou f\u00e9 e confian\u00e7a em mim, farei o mesmo em troca. O time tem um potencial enorme, e nossa jornada juntos come\u00e7a em quest\u00e3o de semanas&#8221;, prosseguiu.<\/p>\n\n\n\n<p class=\"wp-block-paragraph\">&#8220;Estamos muito satisfeitos em receber James na Williams. Ele \u00e9 um dos mais respeitados talentos da F1 e trar\u00e1 performance. Ele tem sido pe\u00e7a-chave de alguns dos feitos mais impressionantes dos \u00faltimos 15 anos no esporte&#8221;, comemorou Matthew Savage, presidente da Dorilton Capital. &#8220;Enquanto continuamos em nossa busca incans\u00e1vel por resultados, acreditamos que a nomea\u00e7\u00e3o de James refor\u00e7a a nossa dedica\u00e7\u00e3o em ter uma lideran\u00e7a energ\u00e9tica, experiente e forte \u00e0 medida que avan\u00e7amos em dire\u00e7\u00e3o \u00e0 pr\u00f3xima fase de transforma\u00e7\u00e3o da Williams&#8221;, concluiu.<\/p>\n\n\n\n<p class=\"wp-block-paragraph\"><strong>\u25b6\ufe0f&nbsp;Inscreva-se nos dois canais do GRANDE PR\u00caMIO no YouTube:&nbsp;<a href=\"https:\/\/www.youtube.com\/channel\/UC9OlHEgxoaY6QY6nWPoiqQg?sub_confirmation=1\" target=\"_blank\" rel=\"noreferrer noopener\">GP<\/a>&nbsp;|&nbsp;<a href=\"https:\/\/www.youtube.com\/channel\/UC9csiS6q_C3C0FYhyr1rnFA?sub_confirmation=1\" target=\"_blank\" rel=\"noreferrer noopener\">GP2<\/a><\/strong><br><strong>\u25b6\ufe0f&nbsp;<a href=\"https:\/\/www.twitch.tv\/grandepremio\" target=\"_blank\" rel=\"noreferrer noopener\">Conhe\u00e7a o canal do GRANDE PR\u00caMIO na Twitch clicando aqui!<\/a><\/strong><\/p>\n\n\n\n<figure class=\"wp-block-image size-large\"><img decoding=\"async\" src=\"https:\/\/www.grandepremio.com\/br\/wp-content\/uploads\/2022\/02\/M263022-1024x683.jpg\" alt=\"\" class=\"wp-image-538367\"\/><figcaption>James Vowles (D) era o chefe de estrat\u00e9gia da Mercedes (Foto: Steve Etherigton\/Mercedes)<\/figcaption><\/figure>\n\n\n\n<p class=\"wp-block-paragraph\">James ser\u00e1 apenas o terceiro chefe de equipe diferente da hist\u00f3ria da <strong>Williams<\/strong>. Aos 43 anos, ele j\u00e1 acumula 21 anos de experi\u00eancia na <strong>F\u00f3rmula 1<\/strong>, com passagens pela <strong>Honda<\/strong>, <strong>Brawn GP<\/strong> e BAR, al\u00e9m da Mercedes, onde estava desde 2010, temporada em que a equipe alem\u00e3 retornou ao grid da categoria. <\/p>\n\n\n\n<p class=\"wp-block-paragraph\">&#8220;A <strong>Mercedes<\/strong> tem me apoiado imensamente na minha caminhada, e nossa separa\u00e7\u00e3o aconteceu nos melhores termos depois de 20 anos de trabalho em Brackley. Sou muito grato a tudo que Toto [Wolff] e a equipe me forneceram, foi uma experi\u00eancia muito especial termos passado juntos pelo fracasso e pelo sucesso&#8221;, agradeceu o brit\u00e2nico.<\/p>\n\n\n\n<p class=\"wp-block-paragraph\">Inicialmente, <a href=\"https:\/\/www.grandepremio.com\/br\/f1\/noticias\/susie-wolff-entra-lista-cotados-chefiar-williams-f1-vaga-jost-capito\/\" class=\"ek-link\">o nome mais especulado para assumir o comando do time brit\u00e2nico ap\u00f3s a sa\u00edda de Capito era o de <strong>Susie Wolff<\/strong><\/a>, ex-chefe da Venturi na <strong>F\u00f3rmula E<\/strong> e que deixou o cargo ap\u00f3s a incorpora\u00e7\u00e3o do time pela Maserati. Ao inv\u00e9s de ter a esposa como rival, <strong>Toto Wolff <\/strong>agora vai ter um companheiro de dez anos como competidor na Williams, ainda que as duas equipes sejam parceiras.<\/p>\n\n\n\n<p class=\"wp-block-paragraph\">Depois de um t\u00edtulo com a Brawn GP e oito com a Mercedes, <strong>Vowles<\/strong> agora ter\u00e1 uma tarefa bem diferente com a <strong>Williams<\/strong>. A equipe terminou 2022 na \u00faltima posi\u00e7\u00e3o no Mundial de Construtores, tendo conquistado apenas oito pontos. O time de Grove ser\u00e1 o primeiro a revelar o carro deste ano, com <a href=\"https:\/\/www.grandepremio.com\/br\/f1\/noticias\/williams-data-de-lancamento-carro-temporada-2023-f1\/\" class=\"ek-link\">lan\u00e7amento marcado para o dia 6 de fevereiro<\/a>.<\/p>\n\n\n\n<p class=\"wp-block-paragraph\">A temporada de 2023 da <strong>F\u00f3rmula 1<\/strong> se inicia no dia 5 de mar\u00e7o, com a disputa do <strong>GP do Bahrein<\/strong>.<\/p>\n","protected":false},"excerpt":{"rendered":"<p>A Williams anunciou nesta sexta-feira (13) que o brit\u00e2nico James Vowles, ex-diretor de estrat\u00e9gia da Mercedes, vai ser o substituto de Jost Capito como chefe da equipe na F\u00f3rmula 1<\/p>\n","protected":false},"author":0,"featured_media":1000644419,"comment_status":"closed","ping_status":"closed","sticky":false,"template":"","format":"standard","meta":{"42wp_featured_image_caption":"","42wp_featured_image_credits":"","42wp_featured_video":"","42wp_featured_image_hidden":false,"42wp_authors_list":[],"footnotes":""},"categories":[2],"tags":[1179,147,1357,180,26841,1491,4149,14195,82,3189,150,215],"42wp_author":[47144],"class_list":["post-106160","post","type-post","status-publish","format-standard","has-post-thumbnail","hentry","category-f1","tag-chefe-de-equipe","tag-f1","tag-f1-2022","tag-formula-1","tag-formula-1-2022","tag-grande-premio","tag-james-vowles","tag-jost-capito","tag-mercedes","tag-susie-wolff","tag-toto-wolff","tag-williams","42wp_author-andre-netto"],"_links":{"self":[{"href":"https:\/\/grandepremio.com\/br\/wp-json\/wp\/v2\/posts\/106160","targetHints":{"allow":["GET"]}}],"collection":[{"href":"https:\/\/grandepremio.com\/br\/wp-json\/wp\/v2\/posts"}],"about":[{"href":"https:\/\/grandepremio.com\/br\/wp-json\/wp\/v2\/types\/post"}],"replies":[{"embeddable":true,"href":"https:\/\/grandepremio.com\/br\/wp-json\/wp\/v2\/comments?post=106160"}],"version-history":[{"count":0,"href":"https:\/\/grandepremio.com\/br\/wp-json\/wp\/v2\/posts\/106160\/revisions"}],"wp:featuredmedia":[{"embeddable":true,"href":"https:\/\/grandepremio.com\/br\/wp-json\/wp\/v2\/media\/1000644419"}],"wp:attachment":[{"href":"https:\/\/grandepremio.com\/br\/wp-json\/wp\/v2\/media?parent=106160"}],"wp:term":[{"taxonomy":"category","embeddable":true,"href":"https:\/\/grandepremio.com\/br\/wp-json\/wp\/v2\/categories?post=106160"},{"taxonomy":"post_tag","embeddable":true,"href":"https:\/\/grandepremio.com\/br\/wp-json\/wp\/v2\/tags?post=106160"},{"taxonomy":"42wp_author","embeddable":true,"href":"https:\/\/grandepremio.com\/br\/wp-json\/wp\/v2\/42wp_author?post=106160"}],"curies":[{"name":"wp","href":"https:\/\/api.w.org\/{rel}","templated":true}]}}