{"id":106187,"date":"2023-01-12T08:16:36","date_gmt":"2023-01-12T11:16:36","guid":{"rendered":"https:\/\/grandepremio.com\/br\/noticias\/sebastian-montoya-academia-red-bull-formula-1-objetivo-final\/"},"modified":"2023-01-12T08:32:32","modified_gmt":"2023-01-12T11:32:32","slug":"sebastian-montoya-academia-red-bull-formula-1-objetivo-final","status":"publish","type":"post","link":"https:\/\/grandepremio.com\/br\/f1\/sebastian-montoya-academia-red-bull-formula-1-objetivo-final\/","title":{"rendered":"Sebasti\u00e1n Montoya se une \u00e0 academia da Red Bull e p\u00f5e F\u00f3rmula 1 como &#8220;objetivo final&#8221;"},"content":{"rendered":"\n<figure class=\"wp-block-embed is-type-video is-provider-youtube wp-block-embed-youtube wp-embed-aspect-16-9 wp-has-aspect-ratio\"><div class=\"wp-block-embed__wrapper\">\n<iframe loading=\"lazy\" title=\"BOMBA! &quot;F1 TEM UM PRECONCEITO LAMENT\u00c1VEL COM A ANDRETTI&quot; | GP \u00e0s 10\" width=\"500\" height=\"281\" src=\"https:\/\/www.youtube.com\/embed\/pTJ1x12Nfog?feature=oembed\" frameborder=\"0\" allow=\"accelerometer; autoplay; clipboard-write; encrypted-media; gyroscope; picture-in-picture; web-share\" referrerpolicy=\"strict-origin-when-cross-origin\" allowfullscreen><\/iframe>\n<\/div><\/figure>\n\n\n\n<p class=\"wp-block-paragraph\">O <strong>Red Bull Junior Team<\/strong>, programa de jovens pilotos da equipe taurina, vai contar a partir desta temporada com o colombiano <strong>Sebasti\u00e1n Montoya<\/strong> em seu grupo. O piloto usou as redes sociais para confirmar a novidade e disse que, agora, vai trabalhar duro para chegar \u00e0 t\u00e3o desejada <strong>F\u00f3rmula 1<\/strong>.<\/p>\n\n\n\n<p class=\"wp-block-paragraph\">Sebasti\u00e1n \u00e9 filho do ex-piloto de F1<strong> Juan Pablo Montoya<\/strong>, que atualmente compete no endurance. O jovem de 17 anos estreou nos monopostos em 2020 na ADAC F4 e na F4 italiana, com uma das equipes mais tradicionais das categorias de base, a <strong>Prema<\/strong>.<\/p>\n\n\n\n<p class=\"wp-block-paragraph\"><strong>\u25b6\ufe0f\u00a0Inscreva-se nos dois canais do GRANDE PR\u00caMIO no YouTube:\u00a0<a href=\"https:\/\/www.youtube.com\/channel\/UC9OlHEgxoaY6QY6nWPoiqQg?sub_confirmation=1\" target=\"_blank\" rel=\"noreferrer noopener\">GP<\/a>\u00a0|\u00a0<a href=\"https:\/\/www.youtube.com\/channel\/UC9csiS6q_C3C0FYhyr1rnFA?sub_confirmation=1\" target=\"_blank\" rel=\"noreferrer noopener\">GP2<\/a><\/strong><br><strong>\u25b6\ufe0f\u00a0<a href=\"https:\/\/www.twitch.tv\/grandepremio\" target=\"_blank\" rel=\"noreferrer noopener\">Conhe\u00e7a o canal do GRANDE PR\u00caMIO na Twitch clicando aqui!<\/a><\/strong><\/p>\n\n\n\n<figure class=\"wp-block-image size-full\"><img decoding=\"async\" src=\"https:\/\/www.grandepremio.com\/br\/wp-content\/uploads\/2023\/01\/Sebastian-Montoya-e-Juan-Pablo-Montoya-F1.jpg\" alt=\"\" class=\"wp-image-644194\"\/><figcaption>Sebasti\u00e1n \u00e9 filho de Juan Pablo Montoya (Foto: F1)<\/figcaption><\/figure>\n\n\n\n<p class=\"wp-block-paragraph\">Ano passado, Montoya participou da F\u00f3rmula Regional Asi\u00e1tica e tamb\u00e9m da F\u00f3rmula Regional Europeia, al\u00e9m de ter feito sua estreia na<strong> F\u00f3rmula 3 <\/strong>na rodada da <strong>Holanda<\/strong>, com a <strong>Campos<\/strong>, conseguindo um \u00f3timo resultado ao pontuar tanto na sprint race quanto na corrida principal.<\/p>\n\n\n\n<p class=\"wp-block-paragraph\">&#8220;Muito feliz em anunciar que eu agora fa\u00e7o oficialmente parte do Red Bull Junior Team&#8221;, escreveu Sebasti\u00e1n. &#8220;Ano passado, passei a fazer parte dos atletas da marca, e, agora, vamos trabalhar juntos em busca do objetivo final: a F\u00f3rmula 1&#8221;, salientou.<\/p>\n\n\n\n<p class=\"wp-block-paragraph\">Montoya ainda n\u00e3o confirmou a categoria que ir\u00e1 disputar em 2023, mas o colombiano participou dos testes p\u00f3s-temporada da F3 com a <strong>Hitech<\/strong>. A equipe brit\u00e2nica tem o italiano Gabriele Min\u00ec confirmado para o campeonato deste ano at\u00e9 o momento, restando ainda duas vagas a serem preenchidas.<\/p>\n\n\n\n<p class=\"wp-block-paragraph\">A <strong>Red Bull <\/strong>ter\u00e1 outros estreantes em sua academia este ano, entre eles <strong>Enzo Fittipaldi<\/strong>, que vai para mais uma temporada na <strong>F\u00f3rmula 2<\/strong>, e <strong>Zane Maloney<\/strong>, que tamb\u00e9m deve subir de categoria depois do vice-campeonato na F\u00f3rmula 3.<\/p>\n","protected":false},"excerpt":{"rendered":"<p>Sebasti\u00e1n Montoya passou a representar a marca taurina no ano passado, mas agora \u00e9 oficialmente membro do Programa de Jovens Pilotos da Red Bull<\/p>\n","protected":false},"author":0,"featured_media":1000644195,"comment_status":"closed","ping_status":"closed","sticky":false,"template":"","format":"standard","meta":{"42wp_featured_image_caption":"","42wp_featured_image_credits":"","42wp_featured_video":"","42wp_featured_image_hidden":false,"42wp_authors_list":[],"footnotes":""},"categories":[2],"tags":[3158,147,6533,1008,32564,180,8057,1491,28285,114,346,345,204,30577,344],"42wp_author":[47147],"class_list":["post-106187","post","type-post","status-publish","format-standard","has-post-thumbnail","hentry","category-f1","tag-campos","tag-f1","tag-f1-2023","tag-f3","tag-f3-2023","tag-formula-1","tag-formula-3","tag-grande-premio","tag-grandepremio","tag-hitech","tag-juan-pablo-montoya","tag-montoya","tag-red-bull","tag-red-bull-junior-team","tag-sebastian-montoya","42wp_author-luana-marino"],"_links":{"self":[{"href":"https:\/\/grandepremio.com\/br\/wp-json\/wp\/v2\/posts\/106187","targetHints":{"allow":["GET"]}}],"collection":[{"href":"https:\/\/grandepremio.com\/br\/wp-json\/wp\/v2\/posts"}],"about":[{"href":"https:\/\/grandepremio.com\/br\/wp-json\/wp\/v2\/types\/post"}],"replies":[{"embeddable":true,"href":"https:\/\/grandepremio.com\/br\/wp-json\/wp\/v2\/comments?post=106187"}],"version-history":[{"count":0,"href":"https:\/\/grandepremio.com\/br\/wp-json\/wp\/v2\/posts\/106187\/revisions"}],"wp:featuredmedia":[{"embeddable":true,"href":"https:\/\/grandepremio.com\/br\/wp-json\/wp\/v2\/media\/1000644195"}],"wp:attachment":[{"href":"https:\/\/grandepremio.com\/br\/wp-json\/wp\/v2\/media?parent=106187"}],"wp:term":[{"taxonomy":"category","embeddable":true,"href":"https:\/\/grandepremio.com\/br\/wp-json\/wp\/v2\/categories?post=106187"},{"taxonomy":"post_tag","embeddable":true,"href":"https:\/\/grandepremio.com\/br\/wp-json\/wp\/v2\/tags?post=106187"},{"taxonomy":"42wp_author","embeddable":true,"href":"https:\/\/grandepremio.com\/br\/wp-json\/wp\/v2\/42wp_author?post=106187"}],"curies":[{"name":"wp","href":"https:\/\/api.w.org\/{rel}","templated":true}]}}