{"id":106209,"date":"2023-01-11T05:00:00","date_gmt":"2023-01-11T08:00:00","guid":{"rendered":"https:\/\/grandepremio.com\/br\/noticias\/aleix-espargaro-ve-trunfo-ducati-equipes-satelites-cita-expectativa-rnf\/"},"modified":"2023-01-10T18:24:06","modified_gmt":"2023-01-10T21:24:06","slug":"aleix-espargaro-ve-trunfo-ducati-equipes-satelites-cita-expectativa-rnf","status":"publish","type":"post","link":"https:\/\/grandepremio.com\/br\/motogp\/aleix-espargaro-ve-trunfo-ducati-equipes-satelites-cita-expectativa-rnf\/","title":{"rendered":"Aleix Espargar\u00f3 v\u00ea &#8216;trunfo&#8217; da Ducati com equipes sat\u00e9lites e cita expectativa com RNF"},"content":{"rendered":"\n<p class=\"wp-block-paragraph\"><strong>Aleix Espargar\u00f3<\/strong> teve uma temporada hist\u00f3ria na <strong>MotoGP <\/strong>em 2022. O piloto de Granollers conquistou a primeira vit\u00f3ria da hist\u00f3ria da <strong>Aprilia <\/strong>na classe rainha \u2014 bem como a primeira de sua carreira \u2014 e chegou a ser candidato ao t\u00edtulo at\u00e9 a reta final do campeonato. <\/p>\n\n\n\n<p class=\"wp-block-paragraph\">Em 2023, o espanhol tem mais esperan\u00e7as com a equipe. Isso porque a <strong>RNF <\/strong>ser\u00e1 sat\u00e9lite da Aprilia nesta temporada, algo que a marca italiana nunca teve no passado. E comparando com a <strong>Ducati <\/strong>e a grande quantidade de motos vermelhas no grid, Aleix cr\u00ea que ser\u00e1 um bom trunfo. <\/p>\n\n\n\n<p class=\"wp-block-paragraph\">\u201cPenso que um dos segredos do sucesso da Ducati tem sido trabalhar em conjunto com as suas equipas sat\u00e9lite, para melhorar o n\u00edvel da equipa de f\u00e1brica,&#8221; disse Espargar\u00f3.<\/p>\n\n\n\n<figure class=\"wp-block-image size-large\"><img decoding=\"async\" src=\"https:\/\/www.grandepremio.com\/br\/wp-content\/uploads\/2022\/11\/41-Aleix-Espargaro_DS_8508-1024x682.jpg\" alt=\"\" class=\"wp-image-629844\"\/><figcaption>Aleix Espargar\u00f3 teve \u00f3tima temporada em 2022 (Foto: Divulga\u00e7\u00e3o\/MotoGP)<\/figcaption><\/figure>\n\n\n\n<p class=\"wp-block-paragraph\"><strong>\u25b6\ufe0f&nbsp;Inscreva-se nos dois canais do GRANDE PR\u00caMIO no YouTube:&nbsp;<a href=\"https:\/\/www.youtube.com\/channel\/UC9OlHEgxoaY6QY6nWPoiqQg?sub_confirmation=1\" target=\"_blank\" rel=\"noreferrer noopener\">GP<\/a>&nbsp;|&nbsp;<a href=\"https:\/\/www.youtube.com\/channel\/UC9csiS6q_C3C0FYhyr1rnFA?sub_confirmation=1\" target=\"_blank\" rel=\"noreferrer noopener\">GP2<\/a><\/strong><\/p>\n\n\n\n<p class=\"wp-block-paragraph\">\u201cEles provaram isso [no ano passado] quando come\u00e7aram a temporada com muitos problemas, mas trabalharam muito bem juntos e conquistaram o t\u00edtulo&#8221;, completou. <\/p>\n\n\n\n<p class=\"wp-block-paragraph\">Para Romano Albesiano, diretor-t\u00e9cnico da Aprilia, os dados que a RNF gerar para o time ser\u00e3o importantes para o desenvolvimento ao longo da temporada. &#8220;Nosso trabalho \u00e9 basicamente aumentar nosso entendimento sobre a moto e ter pilotos diferentes. Teremos quatro pilotos, vai nos deixar ainda mais ricos em termos de dados\u201d, comentou.<\/p>\n\n\n\n<p class=\"wp-block-paragraph\">\u201cDiferentes pilotos com um estilo diferente, abordagem diferente, apenas nos d\u00e3o mais informa\u00e7\u00f5es e seguir uma maneira diferente de pilotar [para cada um] n\u00e3o \u00e9 dif\u00edcil, honestamente. Ok, voc\u00ea n\u00e3o pode fazer confus\u00e3o, mas se tiver ideias claras, pode faz\u00ea-lo facilmente, porque essas motos t\u00eam uma ampla gama de ajustes&#8221;, finalizou. <\/p>\n\n\n\n<figure class=\"wp-block-embed is-type-video is-provider-youtube wp-block-embed-youtube wp-embed-aspect-16-9 wp-has-aspect-ratio\"><div class=\"wp-block-embed__wrapper\">\n<iframe loading=\"lazy\" title=\"&amp;apos;QUEM n\u00e3o tem MEDO de MARC M\u00c1RQUEZ \u00e9 LOUCO?&amp;apos; N\u00e3o \u00e9 bem assim... | GP \u00e0s 10\" width=\"500\" height=\"281\" src=\"https:\/\/www.youtube.com\/embed\/PMDyL57MPdw?feature=oembed\" frameborder=\"0\" allow=\"accelerometer; autoplay; clipboard-write; encrypted-media; gyroscope; picture-in-picture; web-share\" referrerpolicy=\"strict-origin-when-cross-origin\" allowfullscreen><\/iframe>\n<\/div><\/figure>\n","protected":false},"excerpt":{"rendered":"<p>Aleix Espargar\u00f3 analisou a Ducati e, por isso, acredita que a RNF ser\u00e1 importante para o desenvolvimento do time em 2023<\/p>\n","protected":false},"author":0,"featured_media":1000629843,"comment_status":"closed","ping_status":"closed","sticky":false,"template":"","format":"standard","meta":{"42wp_featured_image_caption":"","42wp_featured_image_credits":"","42wp_featured_video":"","42wp_featured_image_hidden":false,"42wp_authors_list":[],"footnotes":""},"categories":[8],"tags":[17718,133,5214,79,78,27538,33477,30728,33201,25819,28345,28766,26690,29377,2716],"42wp_author":[47139],"class_list":["post-106209","post","type-post","status-publish","format-standard","has-post-thumbnail","hentry","category-motogp","tag-aleix-espargaro","tag-aprilia","tag-classificacao-motogp","tag-moto-gp","tag-motogp","tag-motogp-2023","tag-motogp-2023calendario","tag-motogp-calendario-2022","tag-motogp-classificacao-2023","tag-motogp-hoje","tag-motogp-horarios","tag-motogp-standings","tag-pilotos-motogp","tag-rnf","tag-valencia","42wp_author-ana-cerveira"],"_links":{"self":[{"href":"https:\/\/grandepremio.com\/br\/wp-json\/wp\/v2\/posts\/106209","targetHints":{"allow":["GET"]}}],"collection":[{"href":"https:\/\/grandepremio.com\/br\/wp-json\/wp\/v2\/posts"}],"about":[{"href":"https:\/\/grandepremio.com\/br\/wp-json\/wp\/v2\/types\/post"}],"replies":[{"embeddable":true,"href":"https:\/\/grandepremio.com\/br\/wp-json\/wp\/v2\/comments?post=106209"}],"version-history":[{"count":0,"href":"https:\/\/grandepremio.com\/br\/wp-json\/wp\/v2\/posts\/106209\/revisions"}],"wp:featuredmedia":[{"embeddable":true,"href":"https:\/\/grandepremio.com\/br\/wp-json\/wp\/v2\/media\/1000629843"}],"wp:attachment":[{"href":"https:\/\/grandepremio.com\/br\/wp-json\/wp\/v2\/media?parent=106209"}],"wp:term":[{"taxonomy":"category","embeddable":true,"href":"https:\/\/grandepremio.com\/br\/wp-json\/wp\/v2\/categories?post=106209"},{"taxonomy":"post_tag","embeddable":true,"href":"https:\/\/grandepremio.com\/br\/wp-json\/wp\/v2\/tags?post=106209"},{"taxonomy":"42wp_author","embeddable":true,"href":"https:\/\/grandepremio.com\/br\/wp-json\/wp\/v2\/42wp_author?post=106209"}],"curies":[{"name":"wp","href":"https:\/\/api.w.org\/{rel}","templated":true}]}}