{"id":106216,"date":"2023-01-10T16:40:18","date_gmt":"2023-01-10T19:40:18","guid":{"rendered":"https:\/\/grandepremio.com\/br\/noticias\/carlos-sainz-abandona-dakar-2023-acidente-danos-irreparaveis-audi\/"},"modified":"2023-01-10T16:56:33","modified_gmt":"2023-01-10T19:56:33","slug":"carlos-sainz-abandona-dakar-2023-acidente-danos-irreparaveis-audi","status":"publish","type":"post","link":"https:\/\/grandepremio.com\/br\/rally\/carlos-sainz-abandona-dakar-2023-acidente-danos-irreparaveis-audi\/","title":{"rendered":"Sainz abandona Dakar 2023 ap\u00f3s acidente de danos irrepar\u00e1veis com Audi"},"content":{"rendered":"\n<p class=\"wp-block-paragraph\">Tetracampe\u00e3o e um dos principais nomes do rali cross-country na atualidade, o espanhol <strong>Carlos Sainz<\/strong> foi for\u00e7ado a abandonar a edi\u00e7\u00e3o 2023 do <strong>Dakar.<\/strong> Ap\u00f3s o acidente sofrido na especial desta ter\u00e7a-feira (10), a <strong>Audi<\/strong> confirmou que o carro de Sainz e do navegador<strong> Lucas Cruz <\/strong>sofreu danos estruturais grandes o suficiente para tornar o conserto imposs\u00edvel antes da pr\u00f3xima etapa.<\/p>\n\n\n\n<p class=\"wp-block-paragraph\">Sainz abriu o dia na 44\u00aa coloca\u00e7\u00e3o no geral e vindo de um terceiro lugar na especial anterior, disputada entre Al-Duwadimi e Riad, por\u00e9m, capotou ao sair de uma duna logo no sexto quil\u00f4metro da etapa desta ter\u00e7a-feira. O piloto foi resgatado e levado de helic\u00f3ptero, alegando dores no peito, por\u00e9m, pediu para retornar ao Audi RS Q e-tron E2, na esperan\u00e7a de seguir na disputa, sem sucesso.<\/p>\n\n\n\n<p class=\"wp-block-paragraph\">&#8220;Felizmente, tanto Carlos quanto Lucas est\u00e3o seguros e saud\u00e1veis. Falamos com eles e mesmo ap\u00f3s um impacto forte, est\u00e3o em forma. Fizeram um check-up, passaram pelo fisioterapeuta e esperamos que eles possam dormir&#8221;, disse Rolf Michi, diretor da Audi.<\/p>\n\n\n\n<p class=\"wp-block-paragraph\"><strong>\u25b6\ufe0f\u00a0Inscreva-se nos dois canais do GRANDE PR\u00caMIO no YouTube:\u00a0<a href=\"https:\/\/www.youtube.com\/channel\/UC9OlHEgxoaY6QY6nWPoiqQg?sub_confirmation=1\" target=\"_blank\" rel=\"noreferrer noopener\">GP<\/a>\u00a0|\u00a0<a href=\"https:\/\/www.youtube.com\/channel\/UC9csiS6q_C3C0FYhyr1rnFA?sub_confirmation=1\" target=\"_blank\" rel=\"noreferrer noopener\">GP2<\/a><\/strong><br><strong>\u25b6\ufe0f\u00a0<a href=\"https:\/\/www.twitch.tv\/grandepremio\" target=\"_blank\" rel=\"noreferrer noopener\">Conhe\u00e7a o canal do GRANDE PR\u00caMIO na Twitch clicando aqui!<\/a><\/strong><\/p>\n\n\n\n<figure class=\"wp-block-image size-large\"><img decoding=\"async\" src=\"https:\/\/www.grandepremio.com\/br\/wp-content\/uploads\/2023\/01\/SI202301010188_hires_jpeg_24bit_rgb-1024x683.jpg\" alt=\"\" class=\"wp-image-642385\"\/><figcaption>Carlos Sainz colocou a Audi no topo no primeiro est\u00e1gio (Foto: Red Bull Content Pool)<\/figcaption><\/figure>\n\n\n\n<p class=\"wp-block-paragraph\">&#8220;De agora, a principal mensagem \u00e9 que Carlos e Lucas est\u00e3o bem. Lucas estava faminto, Carlos tamb\u00e9m, foi uma capotagem, mas o mais importante \u00e9 que est\u00e3o seguros e vamos conversar depois&#8221;, completou.<\/p>\n\n\n\n<p class=\"wp-block-paragraph\">Aos 60 anos de idade, Sainz \u00e9 conhecido por ser bicampe\u00e3o mundial de rali, em 1990 e 1992, mas desde 2006, tem investido na carreira no Dakar e em outras competi\u00e7\u00f5es cross-country. Levou a vit\u00f3ria no rali mais dif\u00edcil do mundo em 2008, 2010, 2018 e 2020.<\/p>\n\n\n\n<p class=\"wp-block-paragraph\">Carlos n\u00e3o \u00e9 a \u00fanica baixa entre as lendas na edi\u00e7\u00e3o 2023 do Dakar. O franc\u00eas St\u00e9phane Peterhansel, maior vencedor de todos os tempos do rali, foi for\u00e7ado a abandonar ap\u00f3s um acidente na sexta-feira que feriu o copiloto \u00c9douard Boulanger.<\/p>\n\n\n\n<p class=\"wp-block-paragraph\">O Dakar tem sequ\u00eancia nesta quarta-feira com a 10\u00aa especial de 2023, que ser\u00e1 disputada entre Haradh e Shaybah. <a href=\"https:\/\/www.grandepremio.com\/br\/rally\/noticias\/sebastien-loeb-vence-nona-etapa-dakar-lucas-moraes-vice-lider-carros-eryk-goczal-fatura-utvs\/\" class=\"ek-link\">O l\u00edder entre os carros \u00e9 <\/a>o catari Nasser Al-Attiyah.<\/p>\n","protected":false},"excerpt":{"rendered":"<p>Ap\u00f3s forte acidente no in\u00edcio da nona especial, Audi de Carlos Sainz teve danos irrepar\u00e1veis e o quatro vezes vencedor foi for\u00e7ado a abandonar a edi\u00e7\u00e3o 2023 do Dakar<\/p>\n","protected":false},"author":0,"featured_media":1000643765,"comment_status":"closed","ping_status":"closed","sticky":false,"template":"","format":"standard","meta":{"42wp_featured_image_caption":"","42wp_featured_image_credits":"","42wp_featured_video":"","42wp_featured_image_hidden":false,"42wp_authors_list":[],"footnotes":""},"categories":[5],"tags":[546,853,32584,1491,28285,233,618],"42wp_author":[47119],"class_list":["post-106216","post","type-post","status-publish","format-standard","has-post-thumbnail","hentry","category-rally","tag-carlos-sainz","tag-dakar","tag-dakar-2023","tag-grande-premio","tag-grandepremio","tag-rali","tag-rali-dakar","42wp_author-gabriel-carvalho"],"_links":{"self":[{"href":"https:\/\/grandepremio.com\/br\/wp-json\/wp\/v2\/posts\/106216","targetHints":{"allow":["GET"]}}],"collection":[{"href":"https:\/\/grandepremio.com\/br\/wp-json\/wp\/v2\/posts"}],"about":[{"href":"https:\/\/grandepremio.com\/br\/wp-json\/wp\/v2\/types\/post"}],"replies":[{"embeddable":true,"href":"https:\/\/grandepremio.com\/br\/wp-json\/wp\/v2\/comments?post=106216"}],"version-history":[{"count":0,"href":"https:\/\/grandepremio.com\/br\/wp-json\/wp\/v2\/posts\/106216\/revisions"}],"wp:featuredmedia":[{"embeddable":true,"href":"https:\/\/grandepremio.com\/br\/wp-json\/wp\/v2\/media\/1000643765"}],"wp:attachment":[{"href":"https:\/\/grandepremio.com\/br\/wp-json\/wp\/v2\/media?parent=106216"}],"wp:term":[{"taxonomy":"category","embeddable":true,"href":"https:\/\/grandepremio.com\/br\/wp-json\/wp\/v2\/categories?post=106216"},{"taxonomy":"post_tag","embeddable":true,"href":"https:\/\/grandepremio.com\/br\/wp-json\/wp\/v2\/tags?post=106216"},{"taxonomy":"42wp_author","embeddable":true,"href":"https:\/\/grandepremio.com\/br\/wp-json\/wp\/v2\/42wp_author?post=106216"}],"curies":[{"name":"wp","href":"https:\/\/api.w.org\/{rel}","templated":true}]}}