{"id":106226,"date":"2023-01-10T09:15:35","date_gmt":"2023-01-10T12:15:35","guid":{"rendered":"https:\/\/grandepremio.com\/br\/noticias\/max-verstappen-distancia-redes-sociais-sem-necessidade-expor-minha-vida\/"},"modified":"2023-01-10T14:25:16","modified_gmt":"2023-01-10T17:25:16","slug":"max-verstappen-distancia-redes-sociais-sem-necessidade-expor-minha-vida","status":"publish","type":"post","link":"https:\/\/grandepremio.com\/br\/f1\/max-verstappen-distancia-redes-sociais-sem-necessidade-expor-minha-vida\/","title":{"rendered":"Verstappen explica dist\u00e2ncia de redes sociais: &#8220;Sem necessidade de expor minha vida&#8221;"},"content":{"rendered":"\n<figure class=\"wp-block-embed is-type-video is-provider-youtube wp-block-embed-youtube wp-embed-aspect-16-9 wp-has-aspect-ratio\"><div class=\"wp-block-embed__wrapper\">\n<iframe loading=\"lazy\" title=\"&quot;ANDRETTI-CADILLAC \u00c9 PROJETO IRRECUS\u00c1VEL PARA A F1&quot; | GP \u00e0s 10\" width=\"500\" height=\"281\" src=\"https:\/\/www.youtube.com\/embed\/-yOcnSRovFA?feature=oembed\" frameborder=\"0\" allow=\"accelerometer; autoplay; clipboard-write; encrypted-media; gyroscope; picture-in-picture; web-share\" referrerpolicy=\"strict-origin-when-cross-origin\" allowfullscreen><\/iframe>\n<\/div><\/figure>\n\n\n\n<p class=\"wp-block-paragraph\">Bicampe\u00e3o mundial de <strong>F\u00f3rmula 1<\/strong>, <strong>Max Verstappen <\/strong>se diferencia dos grandes astros do esporte mundial e se notabiliza por uma postura mais fechada em sua vida privada, sem tanta participa\u00e7\u00e3o em redes sociais. Ainda que tenha registrado a comemora\u00e7\u00e3o do Ano Novo recentemente, o holand\u00eas n\u00e3o costuma ter uma participa\u00e7\u00e3o ass\u00eddua em suas m\u00eddias e garantiu que a postura ser\u00e1 igual ap\u00f3s deixar o esporte.<\/p>\n\n\n\n<p class=\"wp-block-paragraph\">&#8220;Eu simplesmente n\u00e3o tenho essa necessidade de mostrar minha vida privada para o mundo externo&#8221;, admitiu Verstappen ao jornal holand\u00eas <em>De Limburger<\/em>. &#8220;Kelly [Piquet] tamb\u00e9m usa [as redes sociais] com uma frequ\u00eancia bem menor do que costumava fazer. Quando eu deixar a F\u00f3rmula 1, n\u00e3o me vejo postando muitas coisas depois. N\u00e3o gosto disso&#8221;, explicou.<\/p>\n\n\n\n<p class=\"wp-block-paragraph\"><strong>\u25b6\ufe0f&nbsp;<a href=\"https:\/\/www.twitch.tv\/grandepremio\" target=\"_blank\" rel=\"noreferrer noopener\">Conhe\u00e7a o canal do GRANDE PR\u00caMIO na Twitch clicando aqui!<\/a><\/strong><\/p>\n\n\n\n<figure class=\"wp-block-image size-large\"><img decoding=\"async\" src=\"https:\/\/www.grandepremio.com\/br\/wp-content\/uploads\/2022\/11\/redbull-maxverstappen-afp-04-1024x683.jpg\" alt=\"\" class=\"wp-image-635464\"\/><figcaption>Nas pistas, Verstappen sobrou completamente em 2022 e garantiu o bi da F\u00f3rmula 1 sem sustos (Foto: AFP) <\/figcaption><\/figure>\n\n\n\n<p class=\"wp-block-paragraph\"><strong>\u25b6\ufe0f&nbsp;Inscreva-se nos dois canais do GRANDE PR\u00caMIO no YouTube:&nbsp;<a href=\"https:\/\/www.youtube.com\/channel\/UC9OlHEgxoaY6QY6nWPoiqQg?sub_confirmation=1\" target=\"_blank\" rel=\"noreferrer noopener\">GP<\/a>&nbsp;|&nbsp;<a href=\"https:\/\/www.youtube.com\/channel\/UC9csiS6q_C3C0FYhyr1rnFA?sub_confirmation=1\" target=\"_blank\" rel=\"noreferrer noopener\">GP2<\/a><\/strong><\/p>\n\n\n\n<p class=\"wp-block-paragraph\">Apesar de n\u00e3o sentir necessidade de usar as redes sociais com frequ\u00eancia, Verstappen admitiu que passa uma boa parcela de seus dias no celular. No entanto, o holand\u00eas explicou que geralmente trata de assuntos de trabalho com sua equipe \u2014 como sua agenda profissional, por exemplo.<\/p>\n\n\n\n<p class=\"wp-block-paragraph\">&#8220;Algumas pessoas n\u00e3o fazem outras coisas ao longo do dia, eu estou ocupado com outras coisas&#8221;, ressaltou. &#8220;Por exemplo, eu passo muito tempo no meu telefone, mas isso \u00e9 mais para acertar coisas com minha equipe&#8221;, reconheceu.<\/p>\n\n\n\n<p class=\"wp-block-paragraph\">&#8220;Isso tamb\u00e9m consome bastante tempo, mas por ser minha paix\u00e3o, acho que \u00e9 super divertido de trabalhar&#8221;, finalizou.<\/p>\n\n\n\n<p class=\"wp-block-paragraph\">Ap\u00f3s conquistar dois t\u00edtulos mundiais consecutivos, Verstappen se prepara para o in\u00edcio de mais uma temporada na F\u00f3rmula 1 a partir do dia <strong>5 de mar\u00e7o<\/strong>, com a estreia oficial do campeonato no <strong>GP do Bahrein<\/strong>, em Sakhir.<\/p>\n","protected":false},"excerpt":{"rendered":"<p>Avesso a postagens frequentes em redes sociais, Max Verstappen admitiu que n\u00e3o gosta de expor vida pessoal na internet e disse passar boa parte dos dias trabalhando com o celular<\/p>\n","protected":false},"author":0,"featured_media":1000634296,"comment_status":"closed","ping_status":"closed","sticky":false,"template":"","format":"standard","meta":{"42wp_featured_image_caption":"","42wp_featured_image_credits":"","42wp_featured_video":"","42wp_featured_image_hidden":false,"42wp_authors_list":[],"footnotes":""},"categories":[2],"tags":[147,1357,180,1491,30103,28285,203,204,900],"42wp_author":[47142],"class_list":["post-106226","post","type-post","status-publish","format-standard","has-post-thumbnail","hentry","category-f1","tag-f1","tag-f1-2022","tag-formula-1","tag-grande-premio","tag-grande-premio-f1","tag-grandepremio","tag-max-verstappen","tag-red-bull","tag-redes-sociais","42wp_author-jp-nascimento"],"_links":{"self":[{"href":"https:\/\/grandepremio.com\/br\/wp-json\/wp\/v2\/posts\/106226","targetHints":{"allow":["GET"]}}],"collection":[{"href":"https:\/\/grandepremio.com\/br\/wp-json\/wp\/v2\/posts"}],"about":[{"href":"https:\/\/grandepremio.com\/br\/wp-json\/wp\/v2\/types\/post"}],"replies":[{"embeddable":true,"href":"https:\/\/grandepremio.com\/br\/wp-json\/wp\/v2\/comments?post=106226"}],"version-history":[{"count":0,"href":"https:\/\/grandepremio.com\/br\/wp-json\/wp\/v2\/posts\/106226\/revisions"}],"wp:featuredmedia":[{"embeddable":true,"href":"https:\/\/grandepremio.com\/br\/wp-json\/wp\/v2\/media\/1000634296"}],"wp:attachment":[{"href":"https:\/\/grandepremio.com\/br\/wp-json\/wp\/v2\/media?parent=106226"}],"wp:term":[{"taxonomy":"category","embeddable":true,"href":"https:\/\/grandepremio.com\/br\/wp-json\/wp\/v2\/categories?post=106226"},{"taxonomy":"post_tag","embeddable":true,"href":"https:\/\/grandepremio.com\/br\/wp-json\/wp\/v2\/tags?post=106226"},{"taxonomy":"42wp_author","embeddable":true,"href":"https:\/\/grandepremio.com\/br\/wp-json\/wp\/v2\/42wp_author?post=106226"}],"curies":[{"name":"wp","href":"https:\/\/api.w.org\/{rel}","templated":true}]}}