{"id":10626,"date":"2026-03-26T12:23:22","date_gmt":"2026-03-26T15:23:22","guid":{"rendered":"https:\/\/grandepremio.com\/br\/noticias\/sergio-perez-poe-panos-quentes-incidente-valtteri-bottas-traca-meta-gp-do-japao\/"},"modified":"2026-03-26T12:24:23","modified_gmt":"2026-03-26T15:24:23","slug":"sergio-perez-poe-panos-quentes-incidente-valtteri-bottas-traca-meta-gp-do-japao","status":"publish","type":"post","link":"https:\/\/grandepremio.com\/br\/f1\/sergio-perez-poe-panos-quentes-incidente-valtteri-bottas-traca-meta-gp-do-japao\/","title":{"rendered":"P\u00e9rez p\u00f5e panos quentes em incidente com Bottas e tra\u00e7a meta para GP do Jap\u00e3o"},"content":{"rendered":"\n<p class=\"wp-block-paragraph\"><strong>Sergio P\u00e9rez<\/strong> tratou de minimizar o incidente com <strong>Valtteri Bottas<\/strong> no <strong>GP da China<\/strong>. No dia de imprensa da <strong>F\u00f3rmula 1<\/strong> em <strong>Suzuka<\/strong>, nesta quinta-feira (26), o mexicano garantiu que o epis\u00f3dio n\u00e3o deixou marcas dentro da <strong>Cadillac <\/strong>e, ao projetar o <strong>GP do Jap\u00e3o<\/strong>, destacou que o foco agora \u00e9 evolu\u00e7\u00e3o e ganho de quilometragem.<\/p>\n\n\n\n<p class=\"wp-block-paragraph\">P\u00e9rez se envolveu em um incidente com Bottas logo na largada em <strong>Xangai<\/strong>. Os dois pilotos disputavam a 14\u00aa posi\u00e7\u00e3o na curva 3 quando o mexicano tentou ultrapassar pelo lado interno, subiu na zebra, tocou a lateral do finland\u00eas com a roda dianteira direita e rodou na pista.<\/p>\n\n\n\n<figure class=\"wp-block-embed is-type-video is-provider-youtube wp-block-embed-youtube wp-embed-aspect-16-9 wp-has-aspect-ratio\"><div class=\"wp-block-embed__wrapper\">\n<iframe loading=\"lazy\" title=\"FERRARI VAI \u00c0 FIA CONTRA MERCEDES! \u00c9 GUERRA? | TTGP #212\" width=\"500\" height=\"281\" src=\"https:\/\/www.youtube.com\/embed\/maDD88UUWa4?feature=oembed\" frameborder=\"0\" allow=\"accelerometer; autoplay; clipboard-write; encrypted-media; gyroscope; picture-in-picture; web-share\" referrerpolicy=\"strict-origin-when-cross-origin\" allowfullscreen><\/iframe>\n<\/div><\/figure>\n\n\n\n<h3 class=\"wp-block-heading\" id=\"h-gp-experience-o-novo-produto-do-grande-premio-conecta-voce-aos-maiores-eventos-de-esporte-a-motor-do-mundo-va-para-indianapolis-com-a-gente-saiba-aqui-todos-os-detalhes\"><strong><mark style=\"background-color:rgba(0, 0, 0, 0)\" class=\"has-inline-color has-vivid-red-color\">+ GP EXPERIENCE: o novo produto do GRANDE PR\u00caMIO conecta voc\u00ea aos maiores eventos de esporte a motor do mundo. V\u00e1 para Indian\u00e1polis com a gente:\u00a0<a href=\"https:\/\/gpexperience.tur.br\/\">saiba aqui todos os detalhes<\/a>.<\/mark><\/strong><\/h3>\n\n\n\n<p class=\"wp-block-paragraph\">Apesar da rodada, o mexicano conseguiu continuar na corrida e ainda contou com a entrada do safety-car nas voltas iniciais para recuperar parte do tempo perdido. Ap\u00f3s a prova, <a href=\"https:\/\/www.grandepremio.com\/br\/f1\/noticias\/sergio-perez-desculpa-batida-valtteri-bottas-gp-da-china-culpa-totalmente-minha\/\">assumiu a culpa pelo incidente<\/a> e reconheceu que cometeu um erro de julgamento na tentativa de ultrapassagem.<\/p>\n\n\n\n<p class=\"wp-block-paragraph\">Questionado sobre se o toque teve alguma repercuss\u00e3o interna, foi direto ao afirmar que o assunto j\u00e1 ficou no passado e que o ambiente interno segue tranquilo. Al\u00e9m disso, refor\u00e7ou que, apesar do incidente, o saldo da prova foi positivo para a Cadillac, especialmente pelo fato de ambos os carros terem visto a bandeirada \u2014 algo importante neste in\u00edcio de projeto.<\/p>\n\n\n\n<figure class=\"wp-block-image size-large\"><img decoding=\"async\" src=\"https:\/\/www.grandepremio.com\/br\/wp-content\/uploads\/2026\/03\/china-corrida-sprint-f1-2026-cadillac-sergio-perez-04-1200x801.jpg\" alt=\"\" class=\"wp-image-1067568\"\/><figcaption class=\"wp-element-caption\">P\u00e9rez e Bottas se tocaram ainda na largada na China, mas ambos completaram a prova (Foto: Cadillac)<\/figcaption><\/figure>\n\n\n\n<p class=\"wp-block-paragraph\">&#8220;N\u00e3o houve nenhum problema, est\u00e1 tudo bem. Seguimos em frente imediatamente. Foi um dia muito bom para a equipe, pois conseguimos completar a corrida com os dois carros&#8221;, afirmou. &#8220;Agora, o importante \u00e9 seguir em frente a partir da\u00ed e garantir que possamos progredir&#8221;, seguiu.<\/p>\n\n\n\n<p class=\"wp-block-paragraph\">Para a etapa em Circuito de Suzuka, P\u00e9rez estabeleceu um objetivo claro: rodar o m\u00e1ximo poss\u00edvel e construir uma evolu\u00e7\u00e3o consistente ao longo do fim de semana. Depois de enfrentar dificuldades na China, principalmente em termos de quilometragem nos treinos, o mexicano espera um cen\u00e1rio mais est\u00e1vel no Jap\u00e3o.<\/p>\n\n\n\n<p class=\"wp-block-paragraph\">&#8220;Espero conseguir andar mais. A \u00faltima etapa, especialmente para mim, foi muito complicada em termos de quilometragem. Ent\u00e3o, espero que neste fim de semana consigamos acumular bastante quilometragem, ter uma boa progress\u00e3o e, quem sabe, fazer um bom fim de semana para continuarmos avan\u00e7ando. Esse ser\u00e1 o objetivo&#8221;, concluiu.<\/p>\n\n\n\n<p class=\"wp-block-paragraph\" id=\"h-gp-experience-o-novo-produto-do-grande-premio-conecta-voce-aos-maiores-eventos-de-esporte-a-motor-do-mundo-va-para-indianapolis-com-a-gente-saiba-aqui-todos-os-detalhes\">A F1 volta \u00e0 pista para a terceira etapa da temporada neste fim de semana, no&nbsp;<strong>GP do Jap\u00e3o<\/strong>, entre os dias&nbsp;<strong>27 e 29 de mar\u00e7o<\/strong>. O&nbsp;<strong>GRANDE PR\u00caMIO<\/strong>&nbsp;acompanha todas as atividades<a href=\"https:\/\/www.grandepremio.com\/br\/ao-vivo\/f1\/\">&nbsp;<strong>AO VIVO E EM&nbsp;<\/strong><\/a><strong><a href=\"https:\/\/www.grandepremio.com\/br\/ao-vivo\/\" target=\"_blank\" rel=\"noreferrer noopener\">TEMPO REAL<\/a><\/strong>,&nbsp;<a href=\"https:\/\/www.youtube.com\/@GrandePremio1\/streams\">al\u00e9m de classifica\u00e7\u00e3o e corrida em&nbsp;<strong>SEGUNDA TELA&nbsp;<\/strong>no YouTube<\/a>, em parceria com a&nbsp;<strong>Voz do Esporte<\/strong>. O&nbsp;<strong>Briefing&nbsp;<\/strong>chega para analisar ap\u00f3s o fim de cada dia de atividades nas redes sociais e na&nbsp;<strong>GPTV<\/strong>.<\/p>\n\n\n\n<h2 class=\"wp-block-heading\" id=\"h-gp-do-japao-de-f1-veja-os-horarios-em-brasil-cabo-verde-nbsp-portugal-angola-e-mocambique\"><strong>GP do Jap\u00e3o de F1: veja os hor\u00e1rios em Brasil, Cabo Verde,&nbsp;<a href=\"https:\/\/grandepremio.pt\/\" target=\"_blank\" rel=\"noreferrer noopener\">Portugal<\/a>, Angola e Mo\u00e7ambique:<\/strong><\/h2>\n\n\n\n<figure class=\"wp-block-table\"><table class=\"has-fixed-layout\"><tbody><tr><td class=\"has-text-align-left\" data-align=\"left\"><strong>Sess\u00e3o<\/strong><\/td><td class=\"has-text-align-left\" data-align=\"left\"><strong>BRA*<\/strong><\/td><td class=\"has-text-align-left\" data-align=\"left\"><strong>CBV<\/strong><\/td><td class=\"has-text-align-left\" data-align=\"left\"><strong>POR<\/strong><br><strong>ANG<\/strong><\/td><td class=\"has-text-align-left\" data-align=\"left\"><strong>MOZ<\/strong><\/td><\/tr><tr><td class=\"has-text-align-left\" data-align=\"left\">Treino livre 1<\/td><td class=\"has-text-align-left\" data-align=\"left\">23:30<\/td><td class=\"has-text-align-left\" data-align=\"left\">01:30<\/td><td class=\"has-text-align-left\" data-align=\"left\">03:30<\/td><td class=\"has-text-align-left\" data-align=\"left\">04:30<\/td><\/tr><tr><td class=\"has-text-align-left\" data-align=\"left\">Treino livre 2<\/td><td class=\"has-text-align-left\" data-align=\"left\">03:00<\/td><td class=\"has-text-align-left\" data-align=\"left\">05:30<\/td><td class=\"has-text-align-left\" data-align=\"left\">07:00<\/td><td class=\"has-text-align-left\" data-align=\"left\">08:00<\/td><\/tr><tr><td class=\"has-text-align-left\" data-align=\"left\">Treino livre 3<\/td><td class=\"has-text-align-left\" data-align=\"left\">23:30<\/td><td class=\"has-text-align-left\" data-align=\"left\">01:30<\/td><td class=\"has-text-align-left\" data-align=\"left\">03:30<\/td><td class=\"has-text-align-left\" data-align=\"left\">04:30<\/td><\/tr><tr><td class=\"has-text-align-left\" data-align=\"left\">Classifica\u00e7\u00e3o<\/td><td class=\"has-text-align-left\" data-align=\"left\">03:00<\/td><td class=\"has-text-align-left\" data-align=\"left\">05:30<\/td><td class=\"has-text-align-left\" data-align=\"left\">07:00<\/td><td class=\"has-text-align-left\" data-align=\"left\">08:00<\/td><\/tr><tr><td class=\"has-text-align-left\" data-align=\"left\">Corrida<\/td><td class=\"has-text-align-left\" data-align=\"left\">02:00<\/td><td class=\"has-text-align-left\" data-align=\"left\">04:30<\/td><td class=\"has-text-align-left\" data-align=\"left\">06:00<\/td><td class=\"has-text-align-left\" data-align=\"left\">07:00<\/td><\/tr><\/tbody><\/table><\/figure>\n\n\n\n<p class=\"wp-block-paragraph\"><em>*Hor\u00e1rio de Bras\u00edlia<\/em><\/p>\n\n\n\n<p class=\"wp-block-paragraph\"><strong>\u25b6\ufe0f\u00a0Inscreva-se nos dois canais do GRANDE PR\u00caMIO no YouTube:\u00a0<a href=\"https:\/\/www.youtube.com\/channel\/UC9OlHEgxoaY6QY6nWPoiqQg?sub_confirmation=1\">GP<\/a>\u00a0|\u00a0<a href=\"https:\/\/www.youtube.com\/channel\/UC9csiS6q_C3C0FYhyr1rnFA?sub_confirmation=1\">GPTV<\/a><\/strong><\/p>\n\n\n\n<h2 class=\"wp-block-heading\" id=\"h-f1-hoje-saiba-aqui-as-noticias-mais-importantes-do-dia-da-formula-1\"><strong>F1 hoje: saiba aqui as not\u00edcias mais importantes do dia da F\u00f3rmula 1<\/strong><\/h2>\n\n\n\n<p class=\"wp-block-paragraph\"><strong>\u25b6\ufe0f <a href=\"https:\/\/www.grandepremio.com\/br\/f1\/noticias\/oliver-bearman-critica-ajuste-fia-classificacao-japao-vai-deixar-ainda-mais-lentos\/\">Bearman critica ajuste da FIA em classifica\u00e7\u00e3o no Jap\u00e3o: \u201cVai nos deixar ainda mais lentos\u201d<\/a><br>\u25b6\ufe0f <a href=\"https:\/\/www.grandepremio.com\/br\/f1\/noticias\/red-bull-ve-mercedes-1s-mais-rapida-mas-projeta-reacao-f1-2026-temporada-e-longa\/\">Red Bull v\u00ea Mercedes 1s mais r\u00e1pida, mas projeta rea\u00e7\u00e3o na F1: \u201cTemporada \u00e9 longa\u201d<\/a><br>\u25b6\ufe0f <a href=\"https:\/\/www.grandepremio.com\/br\/f1\/noticias\/arvid-lindblad-celebra-estreia-suzuka-destaca-necessidade-desligar-cerebro\/\">Lindblad celebra estreia em Suzuka e destaca necessidade de \u201cdesligar c\u00e9rebro\u201d<\/a><br>\u25b6\ufe0f <a href=\"https:\/\/www.grandepremio.com\/br\/f1\/noticias\/andrea-kimi-antonelli-defende-mercedes-polemica-asa-dianteira-nao-tentamos-ser-genios\/\">Antonelli defende Mercedes em pol\u00eamica da asa dianteira: \u201cN\u00e3o tentamos ser g\u00eanios\u201d<\/a><br>\u25b6\ufe0f <a href=\"https:\/\/www.grandepremio.com\/br\/f1\/noticias\/carlos-sainz-descarta-solucao-magica-reduz-expectativas-japao-nao-espero-milagres\/\">Sainz descarta \u201csolu\u00e7\u00e3o m\u00e1gica\u201d e reduz expectativas no Jap\u00e3o: \u201cN\u00e3o espero milagres\u201d<\/a><\/strong><\/p>\n","protected":false},"excerpt":{"rendered":"<p>Sergio P\u00e9rez garantiu que n\u00e3o houve nenhum atrito por toque em Valtteri Bottas na largada do GP da China e colocou como objetivo para Cadillac acumular o m\u00e1ximo de quilometragem em Suzuka<\/p>\n","protected":false},"author":0,"featured_media":1001071646,"comment_status":"closed","ping_status":"closed","sticky":false,"template":"","format":"standard","meta":{"42wp_featured_image_caption":"","42wp_featured_image_credits":"","42wp_featured_video":"","42wp_featured_image_hidden":false,"42wp_authors_list":[],"footnotes":""},"categories":[2],"tags":[729,26271,5273,147,29516,29148,180,31425,28995,3023,38972,1491,28285,30840,24855,46326,32659,35129,3132,608,46327,32660,31470,612],"42wp_author":[47164],"class_list":["post-10626","post","type-post","status-publish","format-standard","has-post-thumbnail","hentry","category-f1","tag-cadillac","tag-calendario-f1","tag-classificacao-f1","tag-f1","tag-f1-2026","tag-f1-hoje","tag-formula-1","tag-formula-1-2026","tag-formula-1-hoje","tag-gp-do-japao","tag-gp-do-japao-f1","tag-grande-premio","tag-grandepremio","tag-horarios-f1","tag-japao","tag-japao-2026","tag-japao-f1","tag-onde-assistir-f1","tag-sergio-perez","tag-suzuka","tag-suzuka-2026","tag-suzuka-f1","tag-temporada-2026-f1","tag-valtteri-bottas","42wp_author-marcos-gil-ribeiro"],"_links":{"self":[{"href":"https:\/\/grandepremio.com\/br\/wp-json\/wp\/v2\/posts\/10626","targetHints":{"allow":["GET"]}}],"collection":[{"href":"https:\/\/grandepremio.com\/br\/wp-json\/wp\/v2\/posts"}],"about":[{"href":"https:\/\/grandepremio.com\/br\/wp-json\/wp\/v2\/types\/post"}],"replies":[{"embeddable":true,"href":"https:\/\/grandepremio.com\/br\/wp-json\/wp\/v2\/comments?post=10626"}],"version-history":[{"count":0,"href":"https:\/\/grandepremio.com\/br\/wp-json\/wp\/v2\/posts\/10626\/revisions"}],"wp:featuredmedia":[{"embeddable":true,"href":"https:\/\/grandepremio.com\/br\/wp-json\/wp\/v2\/media\/1001071646"}],"wp:attachment":[{"href":"https:\/\/grandepremio.com\/br\/wp-json\/wp\/v2\/media?parent=10626"}],"wp:term":[{"taxonomy":"category","embeddable":true,"href":"https:\/\/grandepremio.com\/br\/wp-json\/wp\/v2\/categories?post=10626"},{"taxonomy":"post_tag","embeddable":true,"href":"https:\/\/grandepremio.com\/br\/wp-json\/wp\/v2\/tags?post=10626"},{"taxonomy":"42wp_author","embeddable":true,"href":"https:\/\/grandepremio.com\/br\/wp-json\/wp\/v2\/42wp_author?post=10626"}],"curies":[{"name":"wp","href":"https:\/\/api.w.org\/{rel}","templated":true}]}}