{"id":106278,"date":"2023-01-06T14:31:42","date_gmt":"2023-01-06T17:31:42","guid":{"rendered":"https:\/\/grandepremio.com\/br\/noticias\/rafael-villagomez-renova-van-amersfoort-temporada-2023-formula-3\/"},"modified":"2023-01-06T14:57:35","modified_gmt":"2023-01-06T17:57:35","slug":"rafael-villagomez-renova-van-amersfoort-temporada-2023-formula-3","status":"publish","type":"post","link":"https:\/\/grandepremio.com\/br\/f3\/rafael-villagomez-renova-van-amersfoort-temporada-2023-formula-3\/","title":{"rendered":"Villag\u00f3mez renova com Van Amersfoort para temporada 2023 da F\u00f3rmula 3"},"content":{"rendered":"\n<p class=\"wp-block-paragraph\">O mexicano <strong>Rafael Villag\u00f3mez <\/strong>vai continuar com a <strong>Van Amersfoort <\/strong>na <strong>temporada 2023<\/strong> da <strong>F\u00f3rmula 3<\/strong>. A equipe anunciou nesta sexta-feira (6) a renova\u00e7\u00e3o com o piloto de 21 anos, que vai para o seu terceiro ano na categoria.<\/p>\n\n\n\n<p class=\"wp-block-paragraph\">A VAR j\u00e1 havia confirmado tamb\u00e9m o novato <strong>Tommy Smith<\/strong>, que far\u00e1 sua estreia na classe este ano. Com isso, resta apenas uma vaga para fechar o trio que defender\u00e1 as cores do time holand\u00eas na competi\u00e7\u00e3o.<\/p>\n\n\n\n<p class=\"wp-block-paragraph\">Villag\u00f3mez come\u00e7ou a carreira nos monopostos em 2020. A F3 surgiu na vida do jovem no ano seguinte, com a HWA. Ano passado, juntou-se \u00e0 VAR, onde conquistou o seu melhor resultado na s\u00e9rie at\u00e9 o momento, com o nono lugar na <strong>sprint <\/strong>em <strong>\u00cdmola<\/strong>.<\/p>\n\n\n\n<p class=\"wp-block-paragraph\"><strong>\u25b6\ufe0f\u00a0Inscreva-se nos dois canais do GRANDE PR\u00caMIO no YouTube:\u00a0<a href=\"https:\/\/www.youtube.com\/channel\/UC9OlHEgxoaY6QY6nWPoiqQg?sub_confirmation=1\" target=\"_blank\" rel=\"noreferrer noopener\">GP<\/a>\u00a0|\u00a0<a href=\"https:\/\/www.youtube.com\/channel\/UC9csiS6q_C3C0FYhyr1rnFA?sub_confirmation=1\" target=\"_blank\" rel=\"noreferrer noopener\">GP2<\/a><\/strong><br><strong>\u25b6\ufe0f\u00a0<a href=\"https:\/\/www.twitch.tv\/grandepremio\" target=\"_blank\" rel=\"noreferrer noopener\">Conhe\u00e7a o canal do GRANDE PR\u00caMIO na Twitch clicando aqui!<\/a><\/strong><\/p>\n\n\n\n<figure class=\"wp-block-image size-full\"><img decoding=\"async\" src=\"https:\/\/www.grandepremio.com\/br\/wp-content\/uploads\/2023\/01\/Villagomez-f32.jpg\" alt=\"\" class=\"wp-image-643145\"\/><figcaption>Rafael Villag\u00f3mez vai para mais um ano de F3 ao lado da Van Amersfoort (Foto: F3)<\/figcaption><\/figure>\n\n\n\n<p class=\"wp-block-paragraph\">&#8220;Estou muito animado para correr novamente na F3&#8221;, disse o mexicano. &#8220;Tanto eu quanto a equipe crescemos muito no ano passado, e \u00e9 \u00f3timo continuar esse trabalho em 2023&#8221;, acrescentou Rafael, que destacou o per\u00edodo do inverno europeu como fundamental para preparar a parte f\u00edsica.<\/p>\n\n\n\n<p class=\"wp-block-paragraph\">Antes do in\u00edcio do campeonato da F3, Villag\u00f3mez vai participar da <strong>F\u00f3rmula Regional do Oriente M\u00e9dio<\/strong> ainda em janeiro. &#8220;Acredito que esta \u00e9 a melhor forma de se preparar totalmente para a temporada, e estou ansioso para o in\u00edcio!&#8221;, salientou.<\/p>\n\n\n\n<p class=\"wp-block-paragraph\"><strong>Rob Niessink<\/strong>, CEO da Van Amersfoort, destacou a dedica\u00e7\u00e3o do jovem piloto ao falar sobre a renova\u00e7\u00e3o de contrato para mais um ano. &#8221;\u00c9 \u00f3timo continuar trabalhando com Rafael. Ele \u00e9 muito dedicado aos seus objetivos, e isso faz com que o trabalho ao lado dele seja prazeroso.&#8221;<\/p>\n\n\n\n<p class=\"wp-block-paragraph\">&#8220;Ter um piloto na equipe por v\u00e1rias temporadas traz benef\u00edcios evidentes. Por causa do contato intenso, voc\u00ea se fortalece como time, e isso \u00e9 fundamental para o bom desempenho na pista. Estamos empenhados em apoiar Rafael a progredir dentro e fora das pistas, e todos est\u00e3o totalmente focados em conseguir bons resultados este ano&#8221;, finalizou.<\/p>\n","protected":false},"excerpt":{"rendered":"<p>Rafael Villag\u00f3mez vai continuar com a Van Amersfoort na temporada 2023 da F\u00f3rmula 3. Com isso, resta uma vaga para a equipe holandesa fechar o trio de pilotos para este ano<\/p>\n","protected":false},"author":0,"featured_media":1000643146,"comment_status":"closed","ping_status":"closed","sticky":false,"template":"","format":"standard","meta":{"42wp_featured_image_caption":"","42wp_featured_image_credits":"","42wp_featured_video":"","42wp_featured_image_hidden":false,"42wp_authors_list":[],"footnotes":""},"categories":[10],"tags":[1008,32564,8057,1491,28285,33454,33331,6608],"42wp_author":[47147],"class_list":["post-106278","post","type-post","status-publish","format-standard","has-post-thumbnail","hentry","category-f3","tag-f3","tag-f3-2023","tag-formula-3","tag-grande-premio","tag-grandepremio","tag-rafael-villagomez","tag-temporada-2023-f3","tag-van-amersfoort","42wp_author-luana-marino"],"_links":{"self":[{"href":"https:\/\/grandepremio.com\/br\/wp-json\/wp\/v2\/posts\/106278","targetHints":{"allow":["GET"]}}],"collection":[{"href":"https:\/\/grandepremio.com\/br\/wp-json\/wp\/v2\/posts"}],"about":[{"href":"https:\/\/grandepremio.com\/br\/wp-json\/wp\/v2\/types\/post"}],"replies":[{"embeddable":true,"href":"https:\/\/grandepremio.com\/br\/wp-json\/wp\/v2\/comments?post=106278"}],"version-history":[{"count":0,"href":"https:\/\/grandepremio.com\/br\/wp-json\/wp\/v2\/posts\/106278\/revisions"}],"wp:featuredmedia":[{"embeddable":true,"href":"https:\/\/grandepremio.com\/br\/wp-json\/wp\/v2\/media\/1000643146"}],"wp:attachment":[{"href":"https:\/\/grandepremio.com\/br\/wp-json\/wp\/v2\/media?parent=106278"}],"wp:term":[{"taxonomy":"category","embeddable":true,"href":"https:\/\/grandepremio.com\/br\/wp-json\/wp\/v2\/categories?post=106278"},{"taxonomy":"post_tag","embeddable":true,"href":"https:\/\/grandepremio.com\/br\/wp-json\/wp\/v2\/tags?post=106278"},{"taxonomy":"42wp_author","embeddable":true,"href":"https:\/\/grandepremio.com\/br\/wp-json\/wp\/v2\/42wp_author?post=106278"}],"curies":[{"name":"wp","href":"https:\/\/api.w.org\/{rel}","templated":true}]}}