{"id":106297,"date":"2023-01-05T14:01:05","date_gmt":"2023-01-05T17:01:05","guid":{"rendered":"https:\/\/grandepremio.com\/br\/noticias\/dakar-volta-sofrer-chuvas-arabia-saudita-muda-rota-especiais-6-7\/"},"modified":"2023-01-05T14:02:20","modified_gmt":"2023-01-05T17:02:20","slug":"dakar-volta-sofrer-chuvas-arabia-saudita-muda-rota-especiais-6-7","status":"publish","type":"post","link":"https:\/\/grandepremio.com\/br\/rally\/dakar-volta-sofrer-chuvas-arabia-saudita-muda-rota-especiais-6-7\/","title":{"rendered":"Dakar volta a sofrer com chuvas na Ar\u00e1bia Saudita e muda rota das especiais 6 e 7"},"content":{"rendered":"\n<p class=\"wp-block-paragraph\">As condi\u00e7\u00f5es clim\u00e1ticas na Ar\u00e1bia Saudita <a href=\"https:\/\/www.grandepremio.com\/br\/rally\/noticias\/dakar-alega-questao-seguranca-interrompe-3-especial-condicoes-climaticas\/\" class=\"ek-link\">voltaram a for\u00e7ar a m\u00e3o<\/a> do <strong>Dakar<\/strong>. Nesta quinta-feira (5), a organiza\u00e7\u00e3o do rali mais famoso do mundo anunciou que os est\u00e1gios 6 e 7 ter\u00e3o suas rotas originais modificadas por conta das fortes chuvas na regi\u00e3o de Al Duwadimi.<\/p>\n\n\n\n<p class=\"wp-block-paragraph\">Inicialmente, os envolvidos na disputa iriam descansar em Al Duwadimi, mas as chuvas dos \u00faltimos dias inundaram o local. A inicialmente planejada especial do sexto est\u00e1gio est\u00e1 mantida, por\u00e9m com redu\u00e7\u00e3o de cerca de 100km em seu percurso. <\/p>\n\n\n\n<p class=\"wp-block-paragraph\"><strong>\u25b6\ufe0f\u00a0Inscreva-se nos dois canais do GRANDE PR\u00caMIO no YouTube:\u00a0<a href=\"https:\/\/www.youtube.com\/channel\/UC9OlHEgxoaY6QY6nWPoiqQg?sub_confirmation=1\" target=\"_blank\" rel=\"noreferrer noopener\">GP<\/a>\u00a0|\u00a0<a href=\"https:\/\/www.youtube.com\/channel\/UC9csiS6q_C3C0FYhyr1rnFA?sub_confirmation=1\" target=\"_blank\" rel=\"noreferrer noopener\">GP2<\/a><\/strong><br><strong>\u25b6\ufe0f\u00a0<a href=\"https:\/\/www.twitch.tv\/grandepremio\" target=\"_blank\" rel=\"noreferrer noopener\">Conhe\u00e7a o canal do GRANDE PR\u00caMIO na Twitch clicando aqui!<\/a><\/strong><\/p>\n\n\n\n<figure class=\"wp-block-image size-large\"><img decoding=\"async\" src=\"https:\/\/www.grandepremio.com\/br\/wp-content\/uploads\/2023\/01\/dakar-2-1024x750.jpg\" alt=\"\" class=\"wp-image-642985\"\/><figcaption>Fortes chuvas atrapalham andamento do Dakar 2023 (Foto: Dakar)<\/figcaption><\/figure>\n\n\n\n<p class=\"wp-block-paragraph\">Os envolvidos na disputa e a organiza\u00e7\u00e3o v\u00e3o, ap\u00f3s, percorrer mais 300km e levantar acampamento em Riad \u2014 capital da <strong>Ar\u00e1bia Saudita<\/strong>. <\/p>\n\n\n\n<p class=\"wp-block-paragraph\">No dia seguinte, 7 de janeiro, os competidores disputar\u00e3o a etapa no percurso da especial inicialmente prevista para a etapa 8 \u2014 de Al Duwadimi at\u00e9 Riad. Ao fim da especial, se as condi\u00e7\u00f5es clim\u00e1ticas forem favor\u00e1veis, a caravana seguir\u00e1 para o acampamento em Al Duwadimi.<\/p>\n\n\n\n<p class=\"wp-block-paragraph\">Com a mudan\u00e7a de planos, fica no ar a quest\u00e3o envolvendo o cronograma do est\u00e1gio 8 \u2014 a ser realizado em 8 de janeiro, antes do dia de descanso. A organiza\u00e7\u00e3o do Dakar informou que eventuais medidas ser\u00e3o realizadas &#8220;com base na evolu\u00e7\u00e3o&#8221; das condi\u00e7\u00f5es clim\u00e1ticas. <\/p>\n\n\n\n<figure class=\"wp-block-embed is-type-rich is-provider-spotify wp-block-embed-spotify wp-embed-aspect-21-9 wp-has-aspect-ratio\"><div class=\"wp-block-embed__wrapper\">\n<iframe title=\"Spotify Embed: Paddockcast #180: Las Vegas e Catar dentro, China fora: o que esperar do calend\u00e1rio da F1 2023?\" style=\"border-radius: 12px\" width=\"100%\" height=\"152\" frameborder=\"0\" allowfullscreen allow=\"autoplay; clipboard-write; encrypted-media; fullscreen; picture-in-picture\" loading=\"lazy\" src=\"https:\/\/open.spotify.com\/embed\/episode\/2p5eBgGVUddh2CaYeSh0jX?utm_source=oembed\"><\/iframe>\n<\/div><\/figure>\n","protected":false},"excerpt":{"rendered":"<p>Condi\u00e7\u00f5es clim\u00e1ticas na regi\u00e3o de Al Duwadimi obrigaram organiza\u00e7\u00e3o do rali mais famoso do mundo a alterar os planos originais de disputa<\/p>\n","protected":false},"author":0,"featured_media":1000642987,"comment_status":"closed","ping_status":"closed","sticky":false,"template":"","format":"standard","meta":{"42wp_featured_image_caption":"","42wp_featured_image_credits":"","42wp_featured_video":"","42wp_featured_image_hidden":false,"42wp_authors_list":[],"footnotes":""},"categories":[5],"tags":[546,30167,32584,30442,1491,28285,33390,13058,1004,618,30448,32583,7672,5171],"42wp_author":[47143],"class_list":["post-106297","post","type-post","status-publish","format-standard","has-post-thumbnail","hentry","category-rally","tag-carlos-sainz","tag-dakar-2022","tag-dakar-2023","tag-dakar-arabia-saudita","tag-grande-premio","tag-grandepremio","tag-loeb","tag-mattias-ekstrom","tag-nasser-al-attiyah","tag-rali-dakar","tag-rali-dakar-2022","tag-rali-dakar-2023","tag-sainz","tag-sebastien-loeb","42wp_author-felipe-leite"],"_links":{"self":[{"href":"https:\/\/grandepremio.com\/br\/wp-json\/wp\/v2\/posts\/106297","targetHints":{"allow":["GET"]}}],"collection":[{"href":"https:\/\/grandepremio.com\/br\/wp-json\/wp\/v2\/posts"}],"about":[{"href":"https:\/\/grandepremio.com\/br\/wp-json\/wp\/v2\/types\/post"}],"replies":[{"embeddable":true,"href":"https:\/\/grandepremio.com\/br\/wp-json\/wp\/v2\/comments?post=106297"}],"version-history":[{"count":0,"href":"https:\/\/grandepremio.com\/br\/wp-json\/wp\/v2\/posts\/106297\/revisions"}],"wp:featuredmedia":[{"embeddable":true,"href":"https:\/\/grandepremio.com\/br\/wp-json\/wp\/v2\/media\/1000642987"}],"wp:attachment":[{"href":"https:\/\/grandepremio.com\/br\/wp-json\/wp\/v2\/media?parent=106297"}],"wp:term":[{"taxonomy":"category","embeddable":true,"href":"https:\/\/grandepremio.com\/br\/wp-json\/wp\/v2\/categories?post=106297"},{"taxonomy":"post_tag","embeddable":true,"href":"https:\/\/grandepremio.com\/br\/wp-json\/wp\/v2\/tags?post=106297"},{"taxonomy":"42wp_author","embeddable":true,"href":"https:\/\/grandepremio.com\/br\/wp-json\/wp\/v2\/42wp_author?post=106297"}],"curies":[{"name":"wp","href":"https:\/\/api.w.org\/{rel}","templated":true}]}}