{"id":106331,"date":"2023-01-03T17:28:14","date_gmt":"2023-01-03T20:28:14","guid":{"rendered":"https:\/\/grandepremio.com\/br\/noticias\/dakar-alega-questao-seguranca-interrompe-3-especial-condicoes-climaticas\/"},"modified":"2023-01-03T17:36:30","modified_gmt":"2023-01-03T20:36:30","slug":"dakar-alega-questao-seguranca-interrompe-3-especial-condicoes-climaticas","status":"publish","type":"post","link":"https:\/\/grandepremio.com\/br\/rally\/dakar-alega-questao-seguranca-interrompe-3-especial-condicoes-climaticas\/","title":{"rendered":"Dakar alega quest\u00e3o de seguran\u00e7a e interrompe 3\u00aa especial por chuva forte"},"content":{"rendered":"\n<figure class=\"wp-block-embed is-type-video is-provider-youtube wp-block-embed-youtube wp-embed-aspect-16-9 wp-has-aspect-ratio\"><div class=\"wp-block-embed__wrapper\">\n<iframe loading=\"lazy\" title=\"&quot;RED BULL N\u00c3O \u00c9 CAMINHO PARA RICCIARDO VOLTAR \u00c0 F1&quot; | GP \u00e0s 10\" width=\"500\" height=\"281\" src=\"https:\/\/www.youtube.com\/embed\/MOK-dxRzlyo?feature=oembed\" frameborder=\"0\" allow=\"accelerometer; autoplay; clipboard-write; encrypted-media; gyroscope; picture-in-picture; web-share\" referrerpolicy=\"strict-origin-when-cross-origin\" allowfullscreen><\/iframe>\n<\/div><figcaption>&#8220;RED BULL N\u00c3O \u00c9 CAMINHO PARA RICCIARDO VOLTAR \u00c0 F1&#8221; | GP \u00e0s 10<\/figcaption><\/figure>\n\n\n\n<p class=\"wp-block-paragraph\">O <strong>Dakar<\/strong> encarou o primeiro efeito ca\u00f3tico da temporada 2023. Nesta ter\u00e7a-feira (3), no percurso entre Alula e Ha&#8217;il, a organiza\u00e7\u00e3o optou por <strong>interromper as atividades<\/strong> e levantar acampamento por conta de fort\u00edssimas chuvas no local, no meio do deserto na <strong>Ar\u00e1bia Saudita<\/strong>.<\/p>\n\n\n\n<p class=\"wp-block-paragraph\">As condi\u00e7\u00f5es clim\u00e1ticas estavam incertas h\u00e1 algum tempo, mas a for\u00e7a da chuva que caiu na regi\u00e3o de Ha&#8217;il ao longo do dia dificultou demais a situa\u00e7\u00e3o. Sem teto para o sobrevoo segura das aeronaves de resgaste, a op\u00e7\u00e3o foi parar tudo.<\/p>\n\n\n\n<p class=\"wp-block-paragraph\"><strong>\u25b6\ufe0f&nbsp;Inscreva-se nos dois canais do GRANDE PR\u00caMIO no YouTube:&nbsp;<a href=\"https:\/\/www.youtube.com\/channel\/UC9OlHEgxoaY6QY6nWPoiqQg?sub_confirmation=1\" target=\"_blank\" rel=\"noreferrer noopener\">GP<\/a>&nbsp;|&nbsp;<a href=\"https:\/\/www.youtube.com\/channel\/UC9csiS6q_C3C0FYhyr1rnFA?sub_confirmation=1\" target=\"_blank\" rel=\"noreferrer noopener\">GP2<\/a><\/strong><br><strong>\u25b6\ufe0f&nbsp;<a href=\"https:\/\/www.twitch.tv\/grandepremio\" target=\"_blank\" rel=\"noreferrer noopener\">Conhe\u00e7a o canal do GRANDE PR\u00caMIO na Twitch clicando aqui!<\/a><\/strong><\/p>\n\n\n\n<p class=\"wp-block-paragraph\">&#8220;A piora das condi\u00e7\u00f5es clim\u00e1ticas significam que n\u00e3o \u00e9 poss\u00edvel garantir a seguran\u00e7a para os helic\u00f3pteros de aux\u00edlio e os competidores. \u00c9 por isso que a terceira especial foi parada&#8221;, afirmou a organiza\u00e7\u00e3o.<\/p>\n\n\n\n<p class=\"wp-block-paragraph\">&#8220;Foi muito perigoso: n\u00e3o dava para sair ou para voltar. Estava horr\u00edvel&#8221;, falou a pilota <strong>Cristina Guti\u00e9rrez<\/strong>, que compete na classe ve\u00edculos leves, ao jornal espanhol AS. <strong>Carlos Sainz<\/strong> corroborou e afirmou que &#8220;era muito dif\u00edcil&#8221; tentar guiar.<\/p>\n\n\n\n<p class=\"wp-block-paragraph\">A for\u00e7a da chuva causou rios razoavelmente grandes pelo deserto e que tinham for\u00e7a de correnteza.<\/p>\n\n\n\n<figure class=\"wp-block-image size-large\"><img decoding=\"async\" src=\"https:\/\/www.grandepremio.com\/br\/wp-content\/uploads\/2023\/01\/GPF2-768x1024.jpeg\" alt=\"\" class=\"wp-image-642654\"\/><figcaption>Um dos rios formados no caminho dos ve\u00edculos (Foto: Dakar)<\/figcaption><\/figure>\n\n\n\n<p class=\"wp-block-paragraph\">Como as motos sa\u00edram primeiro, v\u00e1rias ainda chegaram at\u00e9 o fim, mas n\u00e3o sem perigo: o campe\u00e3o de 2020, <strong>Ricky Brabec<\/strong>, <strong><a href=\"https:\/\/www.grandepremio.com\/br\/rally\/noticias\/daniel-sanders-vence-especial-interrompida-chuva-assume-lideranca-motos-dakar-2023\/\" class=\"ek-link\">teve de abandonar<\/a><\/strong> ap\u00f3s uma queda e foi encaminhado a um hospital.<\/p>\n\n\n\n<p class=\"wp-block-paragraph\">Pouco depois disso, a organiza\u00e7\u00e3o come\u00e7ou a parar os pilotos nos pontos de checagem dos quil\u00f4metros 335 e 377 \u2014 o percurso total do dia era de 669 km, sendo 447 km cronometrados. Todas as outras classes decretaram vencedores nestes pontos de checagem.<\/p>\n\n\n\n<p class=\"wp-block-paragraph\">A organiza\u00e7\u00e3o anunciou que faria um c\u00e1lculo para os participantes que n\u00e3o chegaram ao ponto de checagem onde a especial foi interrompida: matem\u00e1tica baseada nas diferen\u00e7as notadas nas passagens dos pontos de checagem anteriores com rela\u00e7\u00e3o ao hor\u00e1rio de largada e ao ponto onde estavam no fim. Assim, os resultados ainda podem ser modificados.<\/p>\n\n\n\n<p class=\"wp-block-paragraph\">Nos pr\u00f3ximos dois dias, o Dakar segue na cidade de Ha&#8217;il, com est\u00e1gios internos. Na quarta-feira, a quarta especial conta com 425 km e deslocamento total de 574 km \u2014 mas somente se as condi\u00e7\u00f5es clim\u00e1ticas permitirem.<\/p>\n\n\n\n<figure class=\"wp-block-embed is-type-rich is-provider-spotify wp-block-embed-spotify wp-embed-aspect-21-9 wp-has-aspect-ratio\"><div class=\"wp-block-embed__wrapper\">\n<iframe title=\"Spotify Embed: Paddockcast #180: Las Vegas e Catar dentro, China fora: o que esperar do calend\u00e1rio da F1 2023?\" style=\"border-radius: 12px\" width=\"100%\" height=\"152\" frameborder=\"0\" allowfullscreen allow=\"autoplay; clipboard-write; encrypted-media; fullscreen; picture-in-picture\" loading=\"lazy\" src=\"https:\/\/open.spotify.com\/embed\/episode\/2p5eBgGVUddh2CaYeSh0jX?utm_source=oembed\"><\/iframe>\n<\/div><figcaption>Paddockast #180: Las Vegas e Catar dentro, China fora: o que esperar do calend\u00e1rio da F1 2023?<\/figcaption><\/figure>\n","protected":false},"excerpt":{"rendered":"<p>A chuva forte que enfrentou no deserto fez o Dakar 2023 interromper a terceira especial na metade do percurso. Apenas motos chegaram ao fim<\/p>\n","protected":false},"author":0,"featured_media":1000642655,"comment_status":"closed","ping_status":"closed","sticky":false,"template":"","format":"standard","meta":{"42wp_featured_image_caption":"","42wp_featured_image_credits":"","42wp_featured_video":"","42wp_featured_image_hidden":false,"42wp_authors_list":[],"footnotes":""},"categories":[5],"tags":[1491,30103,28285,32583,33403],"42wp_author":[47120],"class_list":["post-106331","post","type-post","status-publish","format-standard","has-post-thumbnail","hentry","category-rally","tag-grande-premio","tag-grande-premio-f1","tag-grandepremio","tag-rali-dakar-2023","tag-rali-no-grande-premio","42wp_author-pedro-henrique-marum"],"_links":{"self":[{"href":"https:\/\/grandepremio.com\/br\/wp-json\/wp\/v2\/posts\/106331","targetHints":{"allow":["GET"]}}],"collection":[{"href":"https:\/\/grandepremio.com\/br\/wp-json\/wp\/v2\/posts"}],"about":[{"href":"https:\/\/grandepremio.com\/br\/wp-json\/wp\/v2\/types\/post"}],"replies":[{"embeddable":true,"href":"https:\/\/grandepremio.com\/br\/wp-json\/wp\/v2\/comments?post=106331"}],"version-history":[{"count":0,"href":"https:\/\/grandepremio.com\/br\/wp-json\/wp\/v2\/posts\/106331\/revisions"}],"wp:featuredmedia":[{"embeddable":true,"href":"https:\/\/grandepremio.com\/br\/wp-json\/wp\/v2\/media\/1000642655"}],"wp:attachment":[{"href":"https:\/\/grandepremio.com\/br\/wp-json\/wp\/v2\/media?parent=106331"}],"wp:term":[{"taxonomy":"category","embeddable":true,"href":"https:\/\/grandepremio.com\/br\/wp-json\/wp\/v2\/categories?post=106331"},{"taxonomy":"post_tag","embeddable":true,"href":"https:\/\/grandepremio.com\/br\/wp-json\/wp\/v2\/tags?post=106331"},{"taxonomy":"42wp_author","embeddable":true,"href":"https:\/\/grandepremio.com\/br\/wp-json\/wp\/v2\/42wp_author?post=106331"}],"curies":[{"name":"wp","href":"https:\/\/api.w.org\/{rel}","templated":true}]}}