{"id":106333,"date":"2023-01-03T15:35:00","date_gmt":"2023-01-03T18:35:00","guid":{"rendered":"https:\/\/grandepremio.com\/br\/noticias\/daniel-sanders-vence-especial-interrompida-chuva-assume-lideranca-motos-dakar-2023\/"},"modified":"2023-01-03T17:35:49","modified_gmt":"2023-01-03T20:35:49","slug":"daniel-sanders-vence-especial-interrompida-chuva-assume-lideranca-motos-dakar-2023","status":"publish","type":"post","link":"https:\/\/grandepremio.com\/br\/rally\/daniel-sanders-vence-especial-interrompida-chuva-assume-lideranca-motos-dakar-2023\/","title":{"rendered":"Sanders vence especial interrompida por chuvas e assume lideran\u00e7a nas motos no Dakar"},"content":{"rendered":"\n<p class=\"wp-block-paragraph\"><strong>3\u00aa etapa:<\/strong> Alula \u2013 Ha&#8217;il<br><strong>Deslocamento:<\/strong> 222 km<br><strong>Trecho cronometrado:<\/strong> 447 km<br><strong>Percurso total:<\/strong> 669 km<\/p>\n\n\n\n<p class=\"wp-block-paragraph\">A terceira especial do <strong>Dakar 2023<\/strong> foi encerrada antes da hora, nesta ter\u00e7a-feira (3), para a competi\u00e7\u00e3o de carros, por conta das condi\u00e7\u00f5es clim\u00e1ticas. Mas as <strong>motos<\/strong>, que sa\u00edram antes, em sua maioria cumpriram o caminho naturalmente entre Alula e Ha&#8217;il, na <strong>Ar\u00e1bia Saudita<\/strong>. <strong>Daniel Sanders<\/strong> completou a especial em 4h24min15s e chegou na frente.<\/p>\n\n\n\n<p class=\"wp-block-paragraph\">Na realidade, Sanders podia ter vencido <strong><a href=\"https:\/\/www.grandepremio.com\/br\/rally\/noticias\/mason-klein-vence-etapa-2-dakar-motos-alexandre-giroud-bate-manuel-andujar-leva-quadriciclos\/\" class=\"ek-link\">a etapa de ontem<\/a><\/strong>, mas n\u00e3o quis. Literalmente, n\u00e3o quis: freou a moto perto do fim e permitiu a ficar com tempo pior que o de <strong>Mason Klein<\/strong>, porque n\u00e3o queria largar na frente e abrir a pista na ter\u00e7a-feira. Desta feita, confirmou a vit\u00f3ria para a <strong>GasGas<\/strong>.<\/p>\n\n\n\n<p class=\"wp-block-paragraph\">A segunda coloca\u00e7\u00e3o ficou com <strong>Skyler Howes<\/strong>, que concluiu o trajeto com 6min19s de defasagem para o australiano Sanders. Klein ficou na terceira coloca\u00e7\u00e3o.<\/p>\n\n\n\n<p class=\"wp-block-paragraph\"><strong>\u25b6\ufe0f\u00a0Inscreva-se nos dois canais do GRANDE PR\u00caMIO no YouTube:\u00a0<a href=\"https:\/\/www.youtube.com\/channel\/UC9OlHEgxoaY6QY6nWPoiqQg?sub_confirmation=1\" target=\"_blank\" rel=\"noreferrer noopener\">GP<\/a>\u00a0|\u00a0<a href=\"https:\/\/www.youtube.com\/channel\/UC9csiS6q_C3C0FYhyr1rnFA?sub_confirmation=1\" target=\"_blank\" rel=\"noreferrer noopener\">GP2<\/a><\/strong><br><strong>\u25b6\ufe0f\u00a0<a href=\"https:\/\/www.twitch.tv\/grandepremio\" target=\"_blank\" rel=\"noreferrer noopener\">Conhe\u00e7a o canal do GRANDE PR\u00caMIO na Twitch clicando aqui!<\/a><\/strong><\/p>\n\n\n\n<figure class=\"wp-block-image size-large\"><img decoding=\"async\" src=\"https:\/\/www.grandepremio.com\/br\/wp-content\/uploads\/2023\/01\/SI202301030011_hires_jpeg_24bit_rgb-1024x683.jpg\" alt=\"\" class=\"wp-image-642603\"\/><figcaption>Daniel Sanders chegou a Ha&#8217;il l\u00edder do Dakar (Foto: Red Bull Content Pool)<\/figcaption><\/figure>\n\n\n\n<p class=\"wp-block-paragraph\">O top-10 da especial contou ainda com <strong>Kevin Benavides<\/strong>, <strong>Joan Barreda Bort<\/strong>, <strong>Toby Price<\/strong>, <strong>Pablo Quintanilla<\/strong>, <strong>Adrien van Beveren<\/strong>, <strong>Joaquim Rodrigues<\/strong> e <strong>Jos\u00e9 Ign\u00e1cio Cornejo<\/strong>, este 16min08s atr\u00e1s de Sanders.<\/p>\n\n\n\n<p class=\"wp-block-paragraph\">A not\u00edcia ruim do dia fica pelo abandono de <strong>Ricky Brabec<\/strong>. O vencedor do Dakar 2020 sofreu uma queda no quil\u00f4metro 274 da especial e acabou deixando a especial incompleta.<\/p>\n\n\n\n<p class=\"wp-block-paragraph\">Com o resultado do dia, Sanders assumiu a lideran\u00e7a da classifica\u00e7\u00e3o geral: tem 14h05min38s de tempo total contra 14min09s42s de Klein. Benavides, 6min53 atr\u00e1s, \u00e9 o terceiro.<\/p>\n\n\n\n<figure class=\"wp-block-image size-full\"><img decoding=\"async\" src=\"https:\/\/www.grandepremio.com\/br\/wp-content\/uploads\/2023\/01\/GPF1-1.jpeg\" alt=\"\" class=\"wp-image-642644\"\/><figcaption>Alexandre Giroud terminou o dia na frente entre os quadriciclos (Foto: Dakar)<\/figcaption><\/figure>\n\n\n\n<p class=\"wp-block-paragraph\"><strong>Giroud chega na frente em etapa interrompida e com resultado incerto<\/strong><\/p>\n\n\n\n<p class=\"wp-block-paragraph\">A etapa dos quadriciclos foi interrompida pela metade. Entre os seis que conseguiram alcan\u00e7ar o \u00faltimo checkpoint, <strong>Alexandre Giroud<\/strong> chegou em 4h44min31s: 14min13s na frente do segundo postado, <strong>Francisco Moreno Flores<\/strong>. Tamb\u00e9m conseguiram chegar <strong>Juraj Varga<\/strong>, <strong>Giovanni Enrico<\/strong>, <strong>Laisvydas Kancius<\/strong> e <strong>Pablo Copetti<\/strong>. <\/p>\n\n\n\n<p class=\"wp-block-paragraph\">N\u00e3o h\u00e1 classifica\u00e7\u00e3o geral no momento, porque a organiza\u00e7\u00e3o far\u00e1 um c\u00e1lculo do ponto que estavam quando a disputa foi interrompida em refer\u00eancia \u00e0 largada do dia.<\/p>\n\n\n\n<p class=\"wp-block-paragraph\">Nos pr\u00f3ximos dois dias, o Dakar segue na cidade de Ha&#8217;il, com est\u00e1gios internos. Na quarta-feira, caso as condi\u00e7\u00f5es clim\u00e1ticas permitam, a quarta especial conta com 425 km e deslocamento total de 574 km.<\/p>\n\n\n\n<p class=\"wp-block-paragraph\"><strong>Dakar 2023, Motos, Classifica\u00e7\u00e3o geral ap\u00f3s terceira especial:<\/strong><\/p>\n\n\n\n<figure class=\"wp-block-table\"><table><tbody><tr><td>1<\/td><td>D SANDERS<\/td><td>GasGas<\/td><td>14:05:38<\/td><td>&nbsp;<\/td><\/tr><tr><td>2<\/td><td>M KLEIN<\/td><td>Bas<\/td><td>14:09:42<\/td><td>0:04:04<\/td><\/tr><tr><td>3<\/td><td>K BENAVIDES<\/td><td>KTM<\/td><td>14:12:31<\/td><td>0:06:53<\/td><\/tr><tr><td>4<\/td><td>S HOWES<\/td><td>Husqvarna<\/td><td>14:14:13<\/td><td>0:08:35<\/td><\/tr><tr><td>5<\/td><td>J BARREDA BORT<\/td><td>JB<\/td><td>14:16:15<\/td><td>0:10:37<\/td><\/tr><tr><td>6<\/td><td>T PRICE<\/td><td>KTM<\/td><td>14:16:38<\/td><td>0:11:00<\/td><\/tr><tr><td>7<\/td><td>P QUINTANILLA<\/td><td>Honda<\/td><td>14:22:34<\/td><td>0:16:56<\/td><\/tr><tr><td>8<\/td><td>A VAN BEVEREN<\/td><td>Honda<\/td><td>14:27:08<\/td><td>0:21:30<\/td><\/tr><tr><td>9<\/td><td>M WALKNER<\/td><td>KTM<\/td><td>14:27:40<\/td><td>0:22:02<\/td><\/tr><tr><td>10<\/td><td>R BRANCH<\/td><td>Hero<\/td><td>14:29:20<\/td><td>0:23:42<\/td><\/tr><\/tbody><\/table><\/figure>\n\n\n\n<figure class=\"wp-block-embed is-type-rich is-provider-spotify wp-block-embed-spotify wp-embed-aspect-21-9 wp-has-aspect-ratio\"><div class=\"wp-block-embed__wrapper\">\n<iframe title=\"Spotify Embed: Paddockcast #180: Las Vegas e Catar dentro, China fora: o que esperar do calend\u00e1rio da F1 2023?\" style=\"border-radius: 12px\" width=\"100%\" height=\"152\" frameborder=\"0\" allowfullscreen allow=\"autoplay; clipboard-write; encrypted-media; fullscreen; picture-in-picture\" loading=\"lazy\" src=\"https:\/\/open.spotify.com\/embed\/episode\/2p5eBgGVUddh2CaYeSh0jX?utm_source=oembed\"><\/iframe>\n<\/div><figcaption>Paddockast #180: Las Vegas e Catar dentro, China fora: o que esperar do calend\u00e1rio da F1 2023?<\/figcaption><\/figure>\n","protected":false},"excerpt":{"rendered":"<p>Num dia conturbado do Dakar 2023, Daniel Sanders venceu as motos, \u00fanica classe que foi at\u00e9 o fim da especial, marcada por chuva. Nos quadriciclos, s\u00f3 seis chegaram ao checkpoint em que tudo foi interrompido <\/p>\n","protected":false},"author":0,"featured_media":1000642604,"comment_status":"closed","ping_status":"closed","sticky":false,"template":"","format":"standard","meta":{"42wp_featured_image_caption":"","42wp_featured_image_credits":"","42wp_featured_video":"","42wp_featured_image_hidden":false,"42wp_authors_list":[],"footnotes":""},"categories":[5],"tags":[6904,30455,1491,30103,28285,1065,1000,6763,32583,33403,1067],"42wp_author":[47120],"class_list":["post-106333","post","type-post","status-publish","format-standard","has-post-thumbnail","hentry","category-rally","tag-alexandre-giroud","tag-daniel-sanders","tag-grande-premio","tag-grande-premio-f1","tag-grandepremio","tag-kevin-benavides","tag-motos","tag-quadriciclos","tag-rali-dakar-2023","tag-rali-no-grande-premio","tag-toby-price","42wp_author-pedro-henrique-marum"],"_links":{"self":[{"href":"https:\/\/grandepremio.com\/br\/wp-json\/wp\/v2\/posts\/106333","targetHints":{"allow":["GET"]}}],"collection":[{"href":"https:\/\/grandepremio.com\/br\/wp-json\/wp\/v2\/posts"}],"about":[{"href":"https:\/\/grandepremio.com\/br\/wp-json\/wp\/v2\/types\/post"}],"replies":[{"embeddable":true,"href":"https:\/\/grandepremio.com\/br\/wp-json\/wp\/v2\/comments?post=106333"}],"version-history":[{"count":0,"href":"https:\/\/grandepremio.com\/br\/wp-json\/wp\/v2\/posts\/106333\/revisions"}],"wp:featuredmedia":[{"embeddable":true,"href":"https:\/\/grandepremio.com\/br\/wp-json\/wp\/v2\/media\/1000642604"}],"wp:attachment":[{"href":"https:\/\/grandepremio.com\/br\/wp-json\/wp\/v2\/media?parent=106333"}],"wp:term":[{"taxonomy":"category","embeddable":true,"href":"https:\/\/grandepremio.com\/br\/wp-json\/wp\/v2\/categories?post=106333"},{"taxonomy":"post_tag","embeddable":true,"href":"https:\/\/grandepremio.com\/br\/wp-json\/wp\/v2\/tags?post=106333"},{"taxonomy":"42wp_author","embeddable":true,"href":"https:\/\/grandepremio.com\/br\/wp-json\/wp\/v2\/42wp_author?post=106333"}],"curies":[{"name":"wp","href":"https:\/\/api.w.org\/{rel}","templated":true}]}}