{"id":10635,"date":"2026-03-26T10:15:13","date_gmt":"2026-03-26T13:15:13","guid":{"rendered":"https:\/\/grandepremio.com\/br\/noticias\/andrea-kimi-antonelli-defende-mercedes-polemica-asa-dianteira-nao-tentamos-ser-genios\/"},"modified":"2026-03-26T10:16:39","modified_gmt":"2026-03-26T13:16:39","slug":"andrea-kimi-antonelli-defende-mercedes-polemica-asa-dianteira-nao-tentamos-ser-genios","status":"publish","type":"post","link":"https:\/\/grandepremio.com\/br\/f1\/andrea-kimi-antonelli-defende-mercedes-polemica-asa-dianteira-nao-tentamos-ser-genios\/","title":{"rendered":"Antonelli defende Mercedes em pol\u00eamica da asa dianteira: &#8220;N\u00e3o tentamos ser g\u00eanios&#8221;"},"content":{"rendered":"\n<p class=\"wp-block-paragraph\"><strong>Andrea Kimi Antonelli<\/strong> saiu em defesa da <strong>Mercedes<\/strong> e negou que a equipe tenha tentado adquirir alguma vantagem competitiva ao alterar a velocidade de fechamento da asa dianteira do <strong>W17<\/strong> durante o <strong>GP da China<\/strong>. O italiano, na verdade, deixou claro que a &#8220;falha no sistema&#8221; acabou o prejudicando ao longo da corrida, j\u00e1 que sofreu bastante com o desempenho do carro nos pontos de frenagem.<\/p>\n\n\n\n<p class=\"wp-block-paragraph\">De acordo com o regulamento da <strong>Federa\u00e7\u00e3o Internacional de Automobilismo<\/strong> (<strong>FIA<\/strong>), as asas dianteira e traseira dos carros devem fechar com uma diferen\u00e7a de, no m\u00e1ximo, 400 milissegundos. Por\u00e9m, imagens recentes da etapa em\u00a0<strong>Xangai<\/strong>\u00a0fizeram a\u00a0<strong>Ferrari<\/strong>\u00a0sugerir que o tempo de fechamento da asa da escuderia alem\u00e3 \u00e9 o dobro do permitido, chegando a 800 milissegundos. Desta forma, os italianos\u00a0<a href=\"https:\/\/www.grandepremio.com\/br\/f1\/noticias\/ferrari-aciona-fia-pede-esclarecimentos-sobre-fechamento-asas-mercedes\/\">acionaram a entidade que rege o esporte a motor em busca de explica\u00e7\u00f5es<\/a>.<\/p>\n\n\n\n<figure class=\"wp-block-embed is-type-video is-provider-youtube wp-block-embed-youtube wp-embed-aspect-16-9 wp-has-aspect-ratio\"><div class=\"wp-block-embed__wrapper\">\n<iframe loading=\"lazy\" title=\"FERRARI VAI \u00c0 FIA CONTRA MERCEDES! \u00c9 GUERRA? | TTGP #212\" width=\"500\" height=\"281\" src=\"https:\/\/www.youtube.com\/embed\/maDD88UUWa4?feature=oembed\" frameborder=\"0\" allow=\"accelerometer; autoplay; clipboard-write; encrypted-media; gyroscope; picture-in-picture; web-share\" referrerpolicy=\"strict-origin-when-cross-origin\" allowfullscreen><\/iframe>\n<\/div><\/figure>\n\n\n\n<h3 class=\"wp-block-heading has-vivid-red-color has-text-color has-link-color wp-elements-1\" id=\"h-gp-experience-o-novo-produto-do-grande-premio-conecta-voce-aos-maiores-eventos-de-esporte-a-motor-do-mundo-va-para-indianapolis-com-a-gente-saiba-aqui-todos-os-detalhes\"><strong>+ GP EXPERIENCE: o novo produto do GRANDE PR\u00caMIO conecta voc\u00ea aos maiores eventos de esporte a motor do mundo. V\u00e1 para Indian\u00e1polis com a gente:\u00a0<a href=\"https:\/\/gpexperience.tur.br\/\">saiba aqui todos os detalhes<\/a>.<\/strong><\/h3>\n\n\n\n<p class=\"wp-block-paragraph\">Nesta quinta-feira (26), por\u00e9m, de acordo com o portal ingl\u00eas\u00a0<em>The Race<\/em>, a federa\u00e7\u00e3o disse que ficou satisfeita com a justificativa fornecida pela Mercedes para a demora no fechamento do sistema, j\u00e1 que tudo\u00a0<a href=\"https:\/\/www.grandepremio.com\/br\/f1\/noticias\/como-erro-calculo-fez-asa-dianteira-mercedes-entrar-mira-ferrari-china\/\">n\u00e3o teria passado de um \u201cerro de c\u00e1lculo\u201d<\/a>. E Antonelli, que venceu a etapa na China, refor\u00e7ou que realmente foi prejudicado.<\/p>\n\n\n\n<p class=\"wp-block-paragraph\">&#8220;Em rela\u00e7\u00e3o \u00e0 asa dianteira, n\u00e3o est\u00e1vamos tentando ser g\u00eanios. Foi uma falha do sistema, nem sequer era algo intencional e n\u00e3o trazia nenhuma vantagem \u2014 pelo contr\u00e1rio. Principalmente nas frenagens, a asa demorava muito para recuperar o \u00e2ngulo e a carga aerodin\u00e2mica, e isso nos deixava muito vulner\u00e1veis&#8221;, disse durante as entrevistas no <strong>Circuito de Suzuka<\/strong>.<\/p>\n\n\n\n<p class=\"wp-block-paragraph\">&#8220;Tanto que, na China, tive um pouco de dificuldade, porque n\u00e3o conseguia atacar a freada como queria, tamb\u00e9m por causa da asa. N\u00e3o foi algo intencional, mas, sim, uma falha da qual tanto eu quanto George sofremos tamb\u00e9m na classifica\u00e7\u00e3o. \u00c9 algo em que estamos trabalhando para melhorar&#8221;, encerrou.<\/p>\n\n\n\n<p class=\"wp-block-paragraph\">A F1 volta \u00e0 pista para a terceira etapa da temporada neste fim de semana, no&nbsp;<strong>GP do Jap\u00e3o<\/strong>, entre os dias&nbsp;<strong>27 e 29 de mar\u00e7o<\/strong>. O&nbsp;<strong>GRANDE PR\u00caMIO<\/strong>&nbsp;acompanha todas as atividades<a href=\"https:\/\/www.grandepremio.com\/br\/ao-vivo\/f1\/\">&nbsp;<strong>AO VIVO E EM&nbsp;<\/strong><\/a><strong><a href=\"https:\/\/www.grandepremio.com\/br\/ao-vivo\/\" target=\"_blank\" rel=\"noreferrer noopener\">TEMPO REAL<\/a><\/strong>,&nbsp;<a href=\"https:\/\/www.youtube.com\/@GrandePremio1\/streams\">al\u00e9m de classifica\u00e7\u00e3o e corrida em&nbsp;<strong>SEGUNDA TELA&nbsp;<\/strong>no YouTube<\/a>, em parceria com a&nbsp;<strong>Voz do Esporte<\/strong>. O&nbsp;<strong>Briefing&nbsp;<\/strong>chega para analisar ap\u00f3s o fim de cada dia de atividades nas redes sociais e na&nbsp;<strong>GPTV<\/strong>.<\/p>\n\n\n\n<h2 class=\"wp-block-heading\" id=\"h-gp-do-japao-de-f1-veja-os-horarios-em-brasil-cabo-verde-nbsp-portugal-angola-e-mocambique\"><strong>GP do Jap\u00e3o de F1: veja os hor\u00e1rios em Brasil, Cabo Verde,&nbsp;<a href=\"https:\/\/grandepremio.pt\/\" target=\"_blank\" rel=\"noreferrer noopener\">Portugal<\/a>, Angola e Mo\u00e7ambique:<\/strong><\/h2>\n\n\n\n<figure class=\"wp-block-table\"><table class=\"has-fixed-layout\"><tbody><tr><td class=\"has-text-align-left\" data-align=\"left\"><strong>Sess\u00e3o<\/strong><\/td><td class=\"has-text-align-left\" data-align=\"left\"><strong>BRA*<\/strong><\/td><td class=\"has-text-align-left\" data-align=\"left\"><strong>CBV<\/strong><\/td><td class=\"has-text-align-left\" data-align=\"left\"><strong>POR<\/strong><br><strong>ANG<\/strong><\/td><td class=\"has-text-align-left\" data-align=\"left\"><strong>MOZ<\/strong><\/td><\/tr><tr><td class=\"has-text-align-left\" data-align=\"left\">Treino livre 1<\/td><td class=\"has-text-align-left\" data-align=\"left\">23:30<\/td><td class=\"has-text-align-left\" data-align=\"left\">01:30<\/td><td class=\"has-text-align-left\" data-align=\"left\">03:30<\/td><td class=\"has-text-align-left\" data-align=\"left\">04:30<\/td><\/tr><tr><td class=\"has-text-align-left\" data-align=\"left\">Treino livre 2<\/td><td class=\"has-text-align-left\" data-align=\"left\">03:00<\/td><td class=\"has-text-align-left\" data-align=\"left\">05:30<\/td><td class=\"has-text-align-left\" data-align=\"left\">07:00<\/td><td class=\"has-text-align-left\" data-align=\"left\">08:00<\/td><\/tr><tr><td class=\"has-text-align-left\" data-align=\"left\">Treino livre 3<\/td><td class=\"has-text-align-left\" data-align=\"left\">23:30<\/td><td class=\"has-text-align-left\" data-align=\"left\">01:30<\/td><td class=\"has-text-align-left\" data-align=\"left\">03:30<\/td><td class=\"has-text-align-left\" data-align=\"left\">04:30<\/td><\/tr><tr><td class=\"has-text-align-left\" data-align=\"left\">Classifica\u00e7\u00e3o<\/td><td class=\"has-text-align-left\" data-align=\"left\">03:00<\/td><td class=\"has-text-align-left\" data-align=\"left\">05:30<\/td><td class=\"has-text-align-left\" data-align=\"left\">07:00<\/td><td class=\"has-text-align-left\" data-align=\"left\">08:00<\/td><\/tr><tr><td class=\"has-text-align-left\" data-align=\"left\">Corrida<\/td><td class=\"has-text-align-left\" data-align=\"left\">02:00<\/td><td class=\"has-text-align-left\" data-align=\"left\">04:30<\/td><td class=\"has-text-align-left\" data-align=\"left\">06:00<\/td><td class=\"has-text-align-left\" data-align=\"left\">07:00<\/td><\/tr><\/tbody><\/table><\/figure>\n\n\n\n<p class=\"wp-block-paragraph\"><em>*Hor\u00e1rio de Bras\u00edlia<\/em><\/p>\n\n\n\n<p class=\"wp-block-paragraph\">\u25b6\ufe0f\u00a0<strong>Inscreva-se nos dois canais do GRANDE PR\u00caMIO no YouTube:\u00a0<a href=\"https:\/\/www.youtube.com\/channel\/UC9OlHEgxoaY6QY6nWPoiqQg?sub_confirmation=1\">GP<\/a>\u00a0|\u00a0<a href=\"https:\/\/www.youtube.com\/channel\/UC9csiS6q_C3C0FYhyr1rnFA?sub_confirmation=1\">GPTV<\/a><\/strong><\/p>\n\n\n\n<h2 class=\"wp-block-heading\" id=\"h-f1-hoje-saiba-aqui-as-noticias-mais-importantes-do-dia-da-formula-1\"><strong>F1 hoje: saiba aqui as not\u00edcias mais importantes do dia da F\u00f3rmula 1<\/strong><\/h2>\n\n\n\n<p class=\"wp-block-paragraph\">A reda\u00e7\u00e3o do&nbsp;<strong>GRANDE PR\u00caMIO<\/strong>&nbsp;selecionou as not\u00edcias mais importantes das \u00faltimas horas para voc\u00ea ficar por dentro de tudo que acontece na F1.<\/p>\n\n\n\n<p class=\"wp-block-paragraph\">\u25b6\ufe0f\u00a0<strong><a href=\"https:\/\/www.grandepremio.com\/br\/f1\/noticias\/max-verstappen-reforca-expectativa-gp-do-japao-sempre-ansioso-voltar\/\"><\/a><a href=\"https:\/\/www.grandepremio.com\/br\/f1\/noticias\/como-erro-calculo-fez-asa-dianteira-mercedes-entrar-mira-ferrari-china\/\">Como erro de c\u00e1lculo fez asa dianteira da Mercedes entrar na mira da Ferrari na China<\/a><\/strong><br>\u25b6\ufe0f\u00a0<a href=\"https:\/\/www.grandepremio.com\/br\/f1\/noticias\/chefe-nova-regra-motores-fazer-mercedes-perder-vantagem-f1\/\"><\/a><strong><a href=\"https:\/\/www.grandepremio.com\/br\/f1\/noticias\/fia-confirma-ajuste-ultima-hora-classificacao-gp-japao-f1\/\">FIA confirma ajuste de \u00faltima hora para classifica\u00e7\u00e3o do GP do Jap\u00e3o de F1<\/a><\/strong><br>\u25b6\ufe0f\u00a0<a href=\"https:\/\/www.grandepremio.com\/br\/f1\/noticias\/fia-adiciona-segunda-zona-ativacao-modo-reta-gp-do-japao-formula-1\/\"><\/a><strong><a href=\"https:\/\/www.grandepremio.com\/br\/f1\/noticias\/gabriel-bortoleto-agradece-jonathan-wheatley-mas-ve-potencial-novo-chefe-audi-estou-otimista\/\">Bortoleto agradece a Wheatley, mas v\u00ea potencial em novo chefe da Audi<\/a><\/strong><br>\u25b6\ufe0f <strong><a href=\"https:\/\/www.grandepremio.com\/br\/f1\/noticias\/lewis-hamilton-volta-elogiar-divertida-f1-2026-mas-diz-muito-cedo-pensar-vitorias\/\">Hamilton volta a elogiar \u201cdivertida\u201d F1 2026, mas diz ser muito cedo para pensar em vit\u00f3rias<\/a><\/strong><br>\u25b6\ufe0f\u00a0<strong><a href=\"https:\/\/www.grandepremio.com\/br\/f1\/noticias\/fernando-alonso-fica-fora-quinta-feira-japao-expectativa-nascimento-1-filho\/\"><\/a><a href=\"https:\/\/www.grandepremio.com\/br\/f1\/noticias\/max-verstappen-barra-exige-saida-jornalista-para-iniciar-entrevista-coletiva-japao\/\">Verstappen barra e exige sa\u00edda de jornalista para iniciar entrevista coletiva no Jap\u00e3o<\/a><\/strong><br><\/p>\n","protected":false},"excerpt":{"rendered":"<p>Andrea Kimi Antonelli explicou como acabou sendo prejudicado pela &#8220;falha no sistema&#8221; da asa dianteira da Mercedes durante o GP da China<\/p>\n","protected":false},"author":0,"featured_media":1001065593,"comment_status":"closed","ping_status":"closed","sticky":false,"template":"","format":"standard","meta":{"42wp_featured_image_caption":"","42wp_featured_image_credits":"","42wp_featured_video":"","42wp_featured_image_hidden":false,"42wp_authors_list":[],"footnotes":""},"categories":[2],"tags":[27861,26271,5273,147,29516,29148,180,31425,28995,3023,38972,1491,28285,30840,24855,46326,32659,82,35129,608,46327,32660,31470],"42wp_author":[47160],"class_list":["post-10635","post","type-post","status-publish","format-standard","has-post-thumbnail","hentry","category-f1","tag-andrea-kimi-antonelli","tag-calendario-f1","tag-classificacao-f1","tag-f1","tag-f1-2026","tag-f1-hoje","tag-formula-1","tag-formula-1-2026","tag-formula-1-hoje","tag-gp-do-japao","tag-gp-do-japao-f1","tag-grande-premio","tag-grandepremio","tag-horarios-f1","tag-japao","tag-japao-2026","tag-japao-f1","tag-mercedes","tag-onde-assistir-f1","tag-suzuka","tag-suzuka-2026","tag-suzuka-f1","tag-temporada-2026-f1","42wp_author-vicente-soella"],"_links":{"self":[{"href":"https:\/\/grandepremio.com\/br\/wp-json\/wp\/v2\/posts\/10635","targetHints":{"allow":["GET"]}}],"collection":[{"href":"https:\/\/grandepremio.com\/br\/wp-json\/wp\/v2\/posts"}],"about":[{"href":"https:\/\/grandepremio.com\/br\/wp-json\/wp\/v2\/types\/post"}],"replies":[{"embeddable":true,"href":"https:\/\/grandepremio.com\/br\/wp-json\/wp\/v2\/comments?post=10635"}],"version-history":[{"count":0,"href":"https:\/\/grandepremio.com\/br\/wp-json\/wp\/v2\/posts\/10635\/revisions"}],"wp:featuredmedia":[{"embeddable":true,"href":"https:\/\/grandepremio.com\/br\/wp-json\/wp\/v2\/media\/1001065593"}],"wp:attachment":[{"href":"https:\/\/grandepremio.com\/br\/wp-json\/wp\/v2\/media?parent=10635"}],"wp:term":[{"taxonomy":"category","embeddable":true,"href":"https:\/\/grandepremio.com\/br\/wp-json\/wp\/v2\/categories?post=10635"},{"taxonomy":"post_tag","embeddable":true,"href":"https:\/\/grandepremio.com\/br\/wp-json\/wp\/v2\/tags?post=10635"},{"taxonomy":"42wp_author","embeddable":true,"href":"https:\/\/grandepremio.com\/br\/wp-json\/wp\/v2\/42wp_author?post=10635"}],"curies":[{"name":"wp","href":"https:\/\/api.w.org\/{rel}","templated":true}]}}