{"id":106352,"date":"2023-01-02T12:24:44","date_gmt":"2023-01-02T15:24:44","guid":{"rendered":"https:\/\/grandepremio.com\/br\/noticias\/vietna-estreia-circuito-hanoi-evento-honda-apos-descartado-formula-1\/"},"modified":"2023-01-02T12:47:17","modified_gmt":"2023-01-02T15:47:17","slug":"vietna-estreia-circuito-hanoi-evento-honda-apos-descartado-formula-1","status":"publish","type":"post","link":"https:\/\/grandepremio.com\/br\/f1\/vietna-estreia-circuito-hanoi-evento-honda-apos-descartado-formula-1\/","title":{"rendered":"Vietn\u00e3 estreia circuito de Han\u00f3i com evento da Honda ap\u00f3s ser descartado da F\u00f3rmula 1"},"content":{"rendered":"\n<p class=\"wp-block-paragraph\">H\u00e1 algum tempo, a <strong>F\u00f3rmula 1<\/strong> tinha a meta de levar a categoria ao <strong>Vietn\u00e3<\/strong>. Agora, parece que ficou para tr\u00e1s. A corrida, que era para ter acontecido em 2020, foi cancelada por causa da <strong>pandemia da Covid-19<\/strong> e, ap\u00f3s muitas incertezas e problemas, nunca voltou ao calend\u00e1rio. Por\u00e9m, j\u00e1 que a F1 n\u00e3o faz o uso do <strong>circuito de Han\u00f3i<\/strong>, a <strong>Honda <\/strong>estreou a pista no dia 31 de dezembro. <\/p>\n\n\n\n<p class=\"wp-block-paragraph\">A sede da marca da asa dourada no Vietn\u00e3 levou suas motos para um evento de comemora\u00e7\u00e3o do ano novo. V\u00e1rias corridas aconteceram, numa vers\u00e3o adaptada do circuito de 5,6 km. Embora nunca antes usada, a constru\u00e7\u00e3o do circuito seguiu conforme o planejado. <\/p>\n\n\n\n<p class=\"wp-block-paragraph\"><strong>\u25b6\ufe0f&nbsp;Inscreva-se nos dois canais do GRANDE PR\u00caMIO no YouTube:&nbsp;<a href=\"https:\/\/www.youtube.com\/channel\/UC9OlHEgxoaY6QY6nWPoiqQg?sub_confirmation=1\" target=\"_blank\" rel=\"noreferrer noopener\">GP<\/a>&nbsp;|&nbsp;<a href=\"https:\/\/www.youtube.com\/channel\/UC9csiS6q_C3C0FYhyr1rnFA?sub_confirmation=1\" target=\"_blank\" rel=\"noreferrer noopener\">GP2<\/a><\/strong><\/p>\n\n\n\n<figure class=\"wp-block-image size-full\"><img decoding=\"async\" src=\"https:\/\/www.grandepremio.com\/br\/wp-content\/uploads\/2020\/02\/2020226941960_GPF4_DMa.jpg\" alt=\"\" class=\"wp-image-352079\"\/><figcaption>F1 nunca foi ao circuito de Han\u00f3i (Foto: Reprodu\u00e7\u00e3o)<\/figcaption><\/figure>\n\n\n\n<p class=\"wp-block-paragraph\">Em 2021, o chef\u00e3o <strong>Stefano Domeciali <\/strong>exp\u00f4s que a F1 ainda deseja incluir o <strong>GP do Vietn\u00e3<\/strong> no calend\u00e1rio, bem como o <strong>GP da \u00c1frica do Sul.<\/strong><\/p>\n\n\n\n<p class=\"wp-block-paragraph\">\u201cO Vietn\u00e3 n\u00e3o est\u00e1 mais no calend\u00e1rio, mas ainda \u00e9 uma op\u00e7\u00e3o em aberto. Foi um investimento incr\u00edvel e, portanto, ainda est\u00e1 na mesa de discuss\u00e3o para um evento futuro\u201d, frisou.<\/p>\n\n\n\n<p class=\"wp-block-paragraph\">\u201cBasicamente no norte da \u00c1frica e na \u00c1frica do Sul, pelo que posso dizer\u201d, disse Domenicali, referindo-se a poss\u00edveis novas casas da F1, em coletiva virtual. \u201cIsso \u00e9 algo muito importante, eu acho, em termos de ter um lugar novo ou antigo com uma grande heran\u00e7a de volta \u00e0&nbsp;<a href=\"https:\/\/www.grandepremio.com\/formula-1\/\" target=\"_blank\" rel=\"noreferrer noopener\">F\u00f3rmula 1<\/a>\u201d, destacou.<\/p>\n\n\n\n<p class=\"wp-block-paragraph\">O \u00faltimo GP no continente africano foi em 1993 \u2013 o da \u00c1frica do Sul, em Kyalami. A categoria concentrou esfor\u00e7os na \u00c1sia e na Europa nos anos seguintes e, mesmo com previs\u00e3o de 23 GPs em 2021, nenhum deles \u00e9 na \u00c1frica.<\/p>\n","protected":false},"excerpt":{"rendered":"<p>A sede da marca da asa dourada no Vietn\u00e3 levou suas motos para um evento de comemora\u00e7\u00e3o do ano novo. A F\u00f3rmula 1 ainda n\u00e3o colocou o circuito de Han\u00f3i nos planos<\/p>\n","protected":false},"author":0,"featured_media":1000642454,"comment_status":"closed","ping_status":"closed","sticky":false,"template":"","format":"standard","meta":{"42wp_featured_image_caption":"","42wp_featured_image_credits":"","42wp_featured_video":"","42wp_featured_image_hidden":false,"42wp_authors_list":[],"footnotes":""},"categories":[2],"tags":[147,6533,180,30722,1491,30103,28285,130,1000],"42wp_author":[47139],"class_list":["post-106352","post","type-post","status-publish","format-standard","has-post-thumbnail","hentry","category-f1","tag-f1","tag-f1-2023","tag-formula-1","tag-formula-1-2023","tag-grande-premio","tag-grande-premio-f1","tag-grandepremio","tag-honda","tag-motos","42wp_author-ana-cerveira"],"_links":{"self":[{"href":"https:\/\/grandepremio.com\/br\/wp-json\/wp\/v2\/posts\/106352","targetHints":{"allow":["GET"]}}],"collection":[{"href":"https:\/\/grandepremio.com\/br\/wp-json\/wp\/v2\/posts"}],"about":[{"href":"https:\/\/grandepremio.com\/br\/wp-json\/wp\/v2\/types\/post"}],"replies":[{"embeddable":true,"href":"https:\/\/grandepremio.com\/br\/wp-json\/wp\/v2\/comments?post=106352"}],"version-history":[{"count":0,"href":"https:\/\/grandepremio.com\/br\/wp-json\/wp\/v2\/posts\/106352\/revisions"}],"wp:featuredmedia":[{"embeddable":true,"href":"https:\/\/grandepremio.com\/br\/wp-json\/wp\/v2\/media\/1000642454"}],"wp:attachment":[{"href":"https:\/\/grandepremio.com\/br\/wp-json\/wp\/v2\/media?parent=106352"}],"wp:term":[{"taxonomy":"category","embeddable":true,"href":"https:\/\/grandepremio.com\/br\/wp-json\/wp\/v2\/categories?post=106352"},{"taxonomy":"post_tag","embeddable":true,"href":"https:\/\/grandepremio.com\/br\/wp-json\/wp\/v2\/tags?post=106352"},{"taxonomy":"42wp_author","embeddable":true,"href":"https:\/\/grandepremio.com\/br\/wp-json\/wp\/v2\/42wp_author?post=106352"}],"curies":[{"name":"wp","href":"https:\/\/api.w.org\/{rel}","templated":true}]}}