{"id":106376,"date":"2022-12-31T11:30:10","date_gmt":"2022-12-31T14:30:10","guid":{"rendered":"https:\/\/grandepremio.com\/br\/noticias\/rokas-baciuska-vence-prologo-dakar-2023-utvs-cristina-gutierrez-herrero-lidera-prototipos\/"},"modified":"2022-12-31T11:31:46","modified_gmt":"2022-12-31T14:31:46","slug":"rokas-baciuska-vence-prologo-dakar-2023-utvs-cristina-gutierrez-herrero-lidera-prototipos","status":"publish","type":"post","link":"https:\/\/grandepremio.com\/br\/rally\/rokas-baciuska-vence-prologo-dakar-2023-utvs-cristina-gutierrez-herrero-lidera-prototipos\/","title":{"rendered":"Baciuska vence pr\u00f3logo do Dakar 2023 nos UTVs. Guti\u00e9rrez Herrero lidera nos prot\u00f3tipos"},"content":{"rendered":"\n<p class=\"wp-block-paragraph\"><strong>Pr\u00f3logo \u2013 Sea Camp \u2013 Sea Camp<br>Deslocamento:<\/strong>\u00a0\u2013<br><strong>Trecho cronometrado:<\/strong>\u00a013 km<br><strong>Percurso total:<\/strong>\u00a013 km<\/p>\n\n\n\n<p class=\"wp-block-paragraph\">O lituano <strong>Rokas Baciuska<\/strong> venceu o pr\u00f3logo dos <strong>UTVs<\/strong> de produ\u00e7\u00e3o do <strong>Rali Dakar<\/strong> realizado na manh\u00e3 deste s\u00e1bado (31). O piloto da <strong>Red Bull<\/strong> fechou a etapa com o tempo de 9min6s, dois segundos a frente do brasileiro <strong>Cristiano Batista<\/strong>, da South Racing Can-Am. Seu companheiro de equipe, o espanhol <strong>Gerard Farres Guell<\/strong> fechou na terceira posi\u00e7\u00e3o.<\/p>\n\n\n\n<p class=\"wp-block-paragraph\">Eryk Goczal, Michal Goczal e Marek Goczal, todos da equipe Energylandia, completaram na sequ\u00eancia. Nicolas Cavigliasso, Jeremias Gonz\u00e1lez Ferioli, Pau Navaro e o brasileiro <strong>Rodrigo Luppi de Oliveira<\/strong> fecharam os dez primeiros. <strong>Bruno Conti de Oliveira<\/strong>, terceiro brasileiro na categoria, completou na 12\u00aa coloca\u00e7\u00e3o.<\/p>\n\n\n\n<p class=\"wp-block-paragraph\">Nos prot\u00f3tipos leves, mais uma vit\u00f3ria da <strong>Red Bull<\/strong>, com a espanhola<strong> Cristina Guti\u00e9rrez Herrero<\/strong> terminando na primeira posi\u00e7\u00e3o com a marca de 8min49s. Outro piloto dos taurinos, o americano <strong>Seth Quintero<\/strong> foi o segundo colocado, seguido pelo belga <strong>Guillaume de Mevius<\/strong>, da Grallyteam. Mitchell Guthrie e Hans Weijs fecharam o top-5 da categoria, seguidos pelo portugu\u00eas Ricardo Porem.<\/p>\n\n\n\n<p class=\"wp-block-paragraph\"><strong>\u25b6\ufe0f\u00a0Inscreva-se nos dois canais do GRANDE PR\u00caMIO no YouTube:\u00a0<a href=\"https:\/\/www.youtube.com\/channel\/UC9OlHEgxoaY6QY6nWPoiqQg?sub_confirmation=1\" target=\"_blank\" rel=\"noreferrer noopener\">GP<\/a>\u00a0|\u00a0<a href=\"https:\/\/www.youtube.com\/channel\/UC9csiS6q_C3C0FYhyr1rnFA?sub_confirmation=1\" target=\"_blank\" rel=\"noreferrer noopener\">GP2<\/a><\/strong><br><strong>\u25b6\ufe0f\u00a0<a href=\"https:\/\/www.twitch.tv\/grandepremio\" target=\"_blank\" rel=\"noreferrer noopener\">Conhe\u00e7a o canal do GRANDE PR\u00caMIO na Twitch clicando aqui!<\/a><\/strong><\/p>\n\n\n\n<figure class=\"wp-block-image size-large\"><img decoding=\"async\" src=\"https:\/\/www.grandepremio.com\/br\/wp-content\/uploads\/2022\/12\/SI202212310496_hires_jpeg_24bit_rgb-1024x683.jpg\" alt=\"\" class=\"wp-image-642301\"\/><figcaption>Cristina Gutierrez Herrero venceu pr\u00f3logo nos prot\u00f3tipos leves (Foto: Red Bull Content Pool)<\/figcaption><\/figure>\n\n\n\n<p class=\"wp-block-paragraph\"><strong>Francisco \u2018Chaleco\u2019 L\u00f3pez Contardo<\/strong>, que venceu nos prot\u00f3tipos leves em 2022 e ostenta o status de lenda do Dakar,\u00a0foi o s\u00e9timo colocado, com Santiago Navarro, Helder Rodrigues e Ebenhaezer Basson completando os dez primeiros.<\/p>\n\n\n\n<p class=\"wp-block-paragraph\">Dentre os brasileiros, Gustavo Gulgemin foi o melhor colocado, com o parceiro Austin Jones terminando o pr\u00f3logo na 12\u00aa posi\u00e7\u00e3o. A dupla <strong>Enio Bozzano J\u00fanior<\/strong> e <strong>Luciano Gomes<\/strong> fechou na 24\u00ba coloca\u00e7\u00e3o, enquanto \u00a0<strong>P\u00e2mela Bozzano<\/strong> e <strong>Carlos Sachs<\/strong> terminaram em 27\u00ba.<\/p>\n\n\n\n<p class=\"wp-block-paragraph\">A etapa deste s\u00e1bado foi a primeira do&nbsp;<strong>Rali Dakar<\/strong>,&nbsp;<a href=\"https:\/\/www.grandepremio.com\/br\/rally\/noticias\/dakar-largada-2023-esporte-motor-percurso-inedito-nomes-peso\/\">que inicia o 2023 do esporte a motor com percurso in\u00e9dito e nomes de peso<\/a>. O pr\u00f3logo da edi\u00e7\u00e3o deste ano teve uma dist\u00e2ncia de 13 quil\u00f4metros e partiu de Sea Camp.<\/p>\n\n\n\n<p class=\"wp-block-paragraph\">A primeira especial acontece neste domingo (1), com 367 quil\u00f4metros de disputa e 601 quil\u00f4metros de deslocamento total. O pr\u00f3logo define a ordem de largada para o dia seguinte: os 10 primeiros colocados ganham a chance de escolher suas respectivas posi\u00e7\u00f5es de in\u00edcio. Assim, Baciuska e Guti\u00e9rrez Herrero largam na frente para a primeira especial.<\/p>\n","protected":false},"excerpt":{"rendered":"<p>O lituano Rokas Baciuska venceu o pr\u00f3logo do Rali Dakar realizado na manh\u00e3 deste s\u00e1bado nos UTVs de produ\u00e7\u00e3o, com o brasileiro Cristiano Batista na segunda posi\u00e7\u00e3o. Nos prot\u00f3tipos leves, melhor para a espanhola Cristina Guti\u00e9rrez Herrero<\/p>\n","protected":false},"author":0,"featured_media":1000642302,"comment_status":"closed","ping_status":"closed","sticky":false,"template":"","format":"standard","meta":{"42wp_featured_image_caption":"","42wp_featured_image_credits":"","42wp_featured_video":"","42wp_featured_image_hidden":false,"42wp_authors_list":[],"footnotes":""},"categories":[5],"tags":[26894,1491,233,618,32583,204,6854],"42wp_author":[47144],"class_list":["post-106376","post","type-post","status-publish","format-standard","has-post-thumbnail","hentry","category-rally","tag-cristina-gutierrez","tag-grande-premio","tag-rali","tag-rali-dakar","tag-rali-dakar-2023","tag-red-bull","tag-utv","42wp_author-andre-netto"],"_links":{"self":[{"href":"https:\/\/grandepremio.com\/br\/wp-json\/wp\/v2\/posts\/106376","targetHints":{"allow":["GET"]}}],"collection":[{"href":"https:\/\/grandepremio.com\/br\/wp-json\/wp\/v2\/posts"}],"about":[{"href":"https:\/\/grandepremio.com\/br\/wp-json\/wp\/v2\/types\/post"}],"replies":[{"embeddable":true,"href":"https:\/\/grandepremio.com\/br\/wp-json\/wp\/v2\/comments?post=106376"}],"version-history":[{"count":0,"href":"https:\/\/grandepremio.com\/br\/wp-json\/wp\/v2\/posts\/106376\/revisions"}],"wp:featuredmedia":[{"embeddable":true,"href":"https:\/\/grandepremio.com\/br\/wp-json\/wp\/v2\/media\/1000642302"}],"wp:attachment":[{"href":"https:\/\/grandepremio.com\/br\/wp-json\/wp\/v2\/media?parent=106376"}],"wp:term":[{"taxonomy":"category","embeddable":true,"href":"https:\/\/grandepremio.com\/br\/wp-json\/wp\/v2\/categories?post=106376"},{"taxonomy":"post_tag","embeddable":true,"href":"https:\/\/grandepremio.com\/br\/wp-json\/wp\/v2\/tags?post=106376"},{"taxonomy":"42wp_author","embeddable":true,"href":"https:\/\/grandepremio.com\/br\/wp-json\/wp\/v2\/42wp_author?post=106376"}],"curies":[{"name":"wp","href":"https:\/\/api.w.org\/{rel}","templated":true}]}}