{"id":106427,"date":"2022-12-28T04:15:00","date_gmt":"2022-12-28T07:15:00","guid":{"rendered":"https:\/\/grandepremio.com\/br\/noticias\/mclaren-lando-norris-comprou-ideia-vamos-dar-carro-vencedor\/"},"modified":"2022-12-26T15:01:38","modified_gmt":"2022-12-26T18:01:38","slug":"mclaren-lando-norris-comprou-ideia-vamos-dar-carro-vencedor","status":"publish","type":"post","link":"https:\/\/grandepremio.com\/br\/f1\/mclaren-lando-norris-comprou-ideia-vamos-dar-carro-vencedor\/","title":{"rendered":"McLaren diz que Norris &#8220;comprou ideia&#8221; da equipe: &#8220;Vamos lhe dar um carro vencedor&#8221;"},"content":{"rendered":"\n<figure class=\"wp-block-embed is-type-video is-provider-youtube wp-block-embed-youtube wp-embed-aspect-16-9 wp-has-aspect-ratio\"><div class=\"wp-block-embed__wrapper\">\n<iframe loading=\"lazy\" title=\"DA FOR\u00c7A DA ALPINE AO FIASCO NA WILLIAMS: A F1 B EM 2022\" width=\"500\" height=\"281\" src=\"https:\/\/www.youtube.com\/embed\/6rC6QRbU0Ug?feature=oembed\" frameborder=\"0\" allow=\"accelerometer; autoplay; clipboard-write; encrypted-media; gyroscope; picture-in-picture; web-share\" referrerpolicy=\"strict-origin-when-cross-origin\" allowfullscreen><\/iframe>\n<\/div><\/figure>\n\n\n\n<p class=\"wp-block-paragraph\"><strong>Lando Norris <\/strong>estreou na <strong>F\u00f3rmula 1<\/strong> em 2019, pela <strong>McLaren<\/strong>, e nunca defendeu outra equipe dentro da categoria. O brit\u00e2nico possui, inclusive, <a href=\"https:\/\/www.grandepremio.com\/br\/f1\/noticias\/mclaren-antecipa-renova-contrato-lando-norris-ate-temporada-2025-formula-1\/\" target=\"_blank\" aria-label=\"um longo contrato estabelecido com os ingleses (opens in a new tab)\" rel=\"noreferrer noopener\" class=\"ek-link\">um longo contrato estabelecido com os ingleses<\/a>, que vai at\u00e9 o fim de 2025. No entanto, o time de Woking n\u00e3o tem conseguido subir de patamar dentro do grid, e naturalmente surgem discuss\u00f5es sobre se o futuro do piloto n\u00e3o estaria em outra equipe.<\/p>\n\n\n\n<p class=\"wp-block-paragraph\">Na vis\u00e3o do CEO <strong>Zak Brown<\/strong>, entretanto, a escuderia tem totais condi\u00e7\u00f5es de oferecer um conjunto vencedor ao jovem de 23 anos, o que traz tranquilidade sobre a perman\u00eancia do piloto no futuro.<\/p>\n\n\n\n<p class=\"wp-block-paragraph\">&#8220;Estou convencido de que vamos dar um carro vencedor a ele. Temos um longo contrato com ele, e acho que ele se sente muito confort\u00e1vel com a equipe&#8221;, disse Brown. &#8220;Tirando a press\u00e3o \u00f3bvia que colocamos em n\u00f3s mesmos, porque n\u00f3s n\u00e3o queremos apenas dar a ele um carro vencedor \u2014 queremos dar a n\u00f3s mesmos um carro vencedor. Ent\u00e3o, acho que temos um caminho para chegar l\u00e1&#8221;, explicou.<\/p>\n\n\n\n<p class=\"wp-block-paragraph\"><strong>\u25b6\ufe0f&nbsp;<a href=\"https:\/\/www.twitch.tv\/grandepremio\" target=\"_blank\" rel=\"noreferrer noopener\">Conhe\u00e7a o canal do GRANDE PR\u00caMIO na Twitch clicando aqui!<\/a><\/strong><\/p>\n\n\n\n<figure class=\"wp-block-image size-large\"><img decoding=\"async\" src=\"https:\/\/www.grandepremio.com\/br\/wp-content\/uploads\/2022\/11\/landonorris-2-1024x683.jpg\" alt=\"\" class=\"wp-image-633629\"\/><figcaption>Lando Norris j\u00e1 admitiu que a McLaren n\u00e3o cumpriu os objetivos tra\u00e7ados para 2022 (Foto: Rodrigo Berton\/Grande Pr\u00eamio)<\/figcaption><\/figure>\n\n\n\n<p class=\"wp-block-paragraph\">&#8220;Ele conhece a jornada em que estamos. Ele comprou nossa ideia, e acho que seria cedo para se preocupar com isso&#8221;, afirmou. &#8220;Em todos os passos do caminho, ele deu raz\u00f5es para acreditar que o pr\u00f3ximo passo seria \u00f3timo&#8221;, elogiou.<\/p>\n\n\n\n<p class=\"wp-block-paragraph\">Apesar dos elogios feitos a Norris, Brown destacou que alguns pilotos demonstram alto n\u00edvel quando n\u00e3o est\u00e3o em posi\u00e7\u00e3o de brigar pelo t\u00edtulo, mas n\u00e3o conseguem atingir o mesmo rendimento no momento de buscar a ta\u00e7a. Em sua vis\u00e3o, n\u00e3o \u00e9 o caso de Lando, que chama mais aten\u00e7\u00e3o da equipe pelos poucos erros cometidos do que pela velocidade propriamente dita.<\/p>\n\n\n\n<p class=\"wp-block-paragraph\">&#8220;Mas vimos pilotos que foram \u00f3timos ao longo do caminho e que quando chegaram ao topo, voc\u00ea n\u00e3o sabe se foi por causa deles ou pela situa\u00e7\u00e3o: Jan Magnussen, por exemplo. Ele era \u00f3timo em tudo e simplesmente n\u00e3o funcionou na F1. Jos Verstappen era muito bom em tudo e n\u00e3o funcionou na F1&#8221;, avaliou.<\/p>\n\n\n\n<p class=\"wp-block-paragraph\"><strong>\u25b6\ufe0f&nbsp;Inscreva-se nos dois canais do GRANDE PR\u00caMIO no YouTube:&nbsp;<a href=\"https:\/\/www.youtube.com\/channel\/UC9OlHEgxoaY6QY6nWPoiqQg?sub_confirmation=1\" target=\"_blank\" rel=\"noreferrer noopener\">GP<\/a>&nbsp;|&nbsp;<a href=\"https:\/\/www.youtube.com\/channel\/UC9csiS6q_C3C0FYhyr1rnFA?sub_confirmation=1\" target=\"_blank\" rel=\"noreferrer noopener\">GP2<\/a><\/strong><\/p>\n\n\n\n<figure class=\"wp-block-image size-large\"><img decoding=\"async\" src=\"https:\/\/www.grandepremio.com\/br\/wp-content\/uploads\/2022\/11\/FiJbD_MXwAAkeFN-1024x683.jpg\" alt=\"\" class=\"wp-image-636348\"\/><figcaption>No ano que vem, Norris dividir\u00e1 a garagem com o novato Oscar Piastri (Foto: McLaren)<\/figcaption><\/figure>\n\n\n\n<p class=\"wp-block-paragraph\">&#8220;Lando [Norris] \u00e9 \u00f3timo em tudo e funcionou na F1&#8221;, continuou. &#8220;De fato, o que acho que me deixa mais feliz n\u00e3o \u00e9 o ritmo em si, mas a quantidade pequena de erros que ele comete e o qu\u00e3o forte \u00e9 sua pilotagem. Olhando para Lando, desde o primeiro ano, ele tinha o ritmo \u2014 mas provavelmente n\u00e3o era agressivo o suficiente. Agora, ele \u00e9 justo, mas \u00e9 duro quando est\u00e1 correndo&#8221;, observou.<\/p>\n\n\n\n<p class=\"wp-block-paragraph\">Para 2023, a McLaren optou por sacar Daniel Ricciardo \u2014 ap\u00f3s duas temporadas para esquecer \u2014 e promover o jovem <strong>Oscar<\/strong> <strong>Piastri<\/strong>, campe\u00e3o da F\u00f3rmula 2 em 2021 <a href=\"https:\/\/www.grandepremio.com\/br\/f1\/noticias\/alpine-oscar-piastri-condenada-32-milhoes-decisao-fia\/\" target=\"_blank\" aria-label=\"e ex-reserva (opens in a new tab)\" rel=\"noreferrer noopener\" class=\"ek-link\">e ex-reserva<\/a> da Alpine. Em rela\u00e7\u00e3o \u00e0 batalha entre os dois pelos pontos no ano que vem, Brown espera uma disputa apertada e vit\u00f3rias dos dois lados.<\/p>\n\n\n\n<p class=\"wp-block-paragraph\">&#8220;Acho que Lando \u00e9 um dos pilotos mais r\u00e1pidos do grid, e espero que Oscar [Piastri] esteja perto&#8221;, comentou. &#8220;Espero que Oscar tenha algumas oportunidades de venc\u00ea-lo e vice-versa. Obviamente, \u00e9 isso que voc\u00ea quer, n\u00e3o? S\u00e3o dois pilotos pr\u00f3ximos um do outro e invertendo a ordem&#8221;, finalizou.<\/p>\n\n\n\n<figure class=\"wp-block-embed is-type-rich is-provider-spotify wp-block-embed-spotify wp-embed-aspect-21-9 wp-has-aspect-ratio\"><div class=\"wp-block-embed__wrapper\">\n<iframe title=\"Spotify Embed: Paddockast #179: o que as equipes da F\u00f3rmula 1 podem pedir de presente de Natal para 2023?\" style=\"border-radius: 12px\" width=\"100%\" height=\"152\" frameborder=\"0\" allowfullscreen allow=\"autoplay; clipboard-write; encrypted-media; fullscreen; picture-in-picture\" loading=\"lazy\" src=\"https:\/\/open.spotify.com\/embed\/episode\/2YxHraUzuPvDCY1mLmBg5K?go=1&amp;sp_cid=be1c773169f6373b11c0c993f928b2f3&amp;utm_source=oembed&amp;utm_medium=desktop&amp;nd=1\"><\/iframe>\n<\/div><\/figure>\n","protected":false},"excerpt":{"rendered":"<p>Mesmo sem estar na briga pelo t\u00edtulo, Zak Brown \u2014 CEO da McLaren \u2014 disse n\u00e3o temer a sa\u00edda de Lando Norris e confia que a equipe dar\u00e1 ao piloto um carro em condi\u00e7\u00f5es de vencer<\/p>\n","protected":false},"author":0,"featured_media":1000635006,"comment_status":"closed","ping_status":"closed","sticky":false,"template":"","format":"standard","meta":{"42wp_featured_image_caption":"","42wp_featured_image_credits":"","42wp_featured_video":"","42wp_featured_image_hidden":false,"42wp_authors_list":[],"footnotes":""},"categories":[2],"tags":[147,1357,180,1491,30103,28285,547,90,580],"42wp_author":[47142],"class_list":["post-106427","post","type-post","status-publish","format-standard","has-post-thumbnail","hentry","category-f1","tag-f1","tag-f1-2022","tag-formula-1","tag-grande-premio","tag-grande-premio-f1","tag-grandepremio","tag-lando-norris","tag-mclaren","tag-zak-brown","42wp_author-jp-nascimento"],"_links":{"self":[{"href":"https:\/\/grandepremio.com\/br\/wp-json\/wp\/v2\/posts\/106427","targetHints":{"allow":["GET"]}}],"collection":[{"href":"https:\/\/grandepremio.com\/br\/wp-json\/wp\/v2\/posts"}],"about":[{"href":"https:\/\/grandepremio.com\/br\/wp-json\/wp\/v2\/types\/post"}],"replies":[{"embeddable":true,"href":"https:\/\/grandepremio.com\/br\/wp-json\/wp\/v2\/comments?post=106427"}],"version-history":[{"count":0,"href":"https:\/\/grandepremio.com\/br\/wp-json\/wp\/v2\/posts\/106427\/revisions"}],"wp:featuredmedia":[{"embeddable":true,"href":"https:\/\/grandepremio.com\/br\/wp-json\/wp\/v2\/media\/1000635006"}],"wp:attachment":[{"href":"https:\/\/grandepremio.com\/br\/wp-json\/wp\/v2\/media?parent=106427"}],"wp:term":[{"taxonomy":"category","embeddable":true,"href":"https:\/\/grandepremio.com\/br\/wp-json\/wp\/v2\/categories?post=106427"},{"taxonomy":"post_tag","embeddable":true,"href":"https:\/\/grandepremio.com\/br\/wp-json\/wp\/v2\/tags?post=106427"},{"taxonomy":"42wp_author","embeddable":true,"href":"https:\/\/grandepremio.com\/br\/wp-json\/wp\/v2\/42wp_author?post=106427"}],"curies":[{"name":"wp","href":"https:\/\/api.w.org\/{rel}","templated":true}]}}