{"id":106433,"date":"2022-12-27T10:31:22","date_gmt":"2022-12-27T13:31:22","guid":{"rendered":"https:\/\/grandepremio.com\/br\/noticias\/chefe-revela-desejo-colocar-mclaren-principais-corridas-carros-esportivos\/"},"modified":"2022-12-27T10:45:48","modified_gmt":"2022-12-27T13:45:48","slug":"chefe-revela-desejo-colocar-mclaren-principais-corridas-carros-esportivos","status":"publish","type":"post","link":"https:\/\/grandepremio.com\/br\/endurance\/chefe-revela-desejo-colocar-mclaren-principais-corridas-carros-esportivos\/","title":{"rendered":"Chefe revela desejo de colocar McLaren nas &#8220;principais corridas de carros esportivos&#8221;"},"content":{"rendered":"\n<p class=\"wp-block-paragraph\">A <strong>McLaren<\/strong> expandiu nos \u00faltimos anos suas opera\u00e7\u00f5es no automobilismo. Al\u00e9m da equipe na <strong>F\u00f3rmula 1<\/strong>, a marca brit\u00e2nica tamb\u00e9m est\u00e1 presente na <strong>Indy<\/strong>, na <strong>F\u00f3rmula E<\/strong> e na <strong>Extreme E<\/strong>, e o pr\u00f3ximo passo deve ser nas competi\u00e7\u00f5es de carros esportivos, mais especificamente no <strong>endurance<\/strong>, seja no <strong>IMSA <\/strong>ou no <strong>WEC<\/strong>. <strong>Zak Brown<\/strong>, chefe da McLaren, afirmou que a decis\u00e3o agora \u00e9 apenas uma quest\u00e3o de tempo.<\/p>\n\n\n\n<p class=\"wp-block-paragraph\">\u201cEu realmente gostaria de colocar a McLaren nas principais corridas de carros esportivos&#8221;, revelou Brown em entrevista ao podcast de Marshall Pruett, da revista <em>Racer<\/em>. &#8220;Acho que precisamos estar l\u00e1. Acho que combina com a nossa marca. Preciso ter certeza de que quando entrarmos &#8211; que \u00e9 o que gosto de dizer em vez de &#8216;se&#8217; nos envolvermos &#8211; precisamos ser capazes de fazer tudo certo e ter todas as nossas outras opera\u00e7\u00f5es em uma boa situa\u00e7\u00e3o&#8221;, contou o dirigente americano.<\/p>\n\n\n\n<p class=\"wp-block-paragraph\"><strong>\u25b6\ufe0f&nbsp;Inscreva-se nos dois canais do GRANDE PR\u00caMIO no YouTube:&nbsp;<a href=\"https:\/\/www.youtube.com\/channel\/UC9OlHEgxoaY6QY6nWPoiqQg?sub_confirmation=1\" target=\"_blank\" rel=\"noreferrer noopener\">GP<\/a>&nbsp;|&nbsp;<a href=\"https:\/\/www.youtube.com\/channel\/UC9csiS6q_C3C0FYhyr1rnFA?sub_confirmation=1\" target=\"_blank\" rel=\"noreferrer noopener\">GP2<\/a><\/strong><br><strong>\u25b6\ufe0f&nbsp;<a href=\"https:\/\/www.twitch.tv\/grandepremio\" target=\"_blank\" rel=\"noreferrer noopener\">Conhe\u00e7a o canal do GRANDE PR\u00caMIO na Twitch clicando aqui!<\/a><\/strong><\/p>\n\n\n\n<figure class=\"wp-block-image size-large\"><img decoding=\"async\" src=\"https:\/\/www.grandepremio.com\/br\/wp-content\/uploads\/2022\/06\/Start-24-hours-of-Le-Mans-...-1024x683.jpg\" alt=\"\" class=\"wp-image-583691\"\/><figcaption>McLaren pode voltar a disputar 24 Horas de Le Mans (Foto: WEC)<\/figcaption><\/figure>\n\n\n\n<p class=\"wp-block-paragraph\">A converg\u00eancia dos regulamentos do <strong>IMSA<\/strong> e do <strong>Mundial de Endurance<\/strong> tem atra\u00eddo cada vez mais montadoras de volta para o mundo dos supercarros. <strong>Ferrari<\/strong>, <strong>Porsche<\/strong>, Peugeot, Lamborghini e BMW s\u00e3o alguns exemplos de montadoras com projetos em andamento. A <strong>McLaren<\/strong> tem uma vit\u00f3ria nas 24 Horas de Le Mans em 1995, mas seu nome n\u00e3o \u00e9 muito lembrado nas competi\u00e7\u00f5es de supercarros. <\/p>\n\n\n\n<p class=\"wp-block-paragraph\">Zak pretende mudar isso no futuro, mas sabe que a casa precisa estar em ordem para que a equipe brit\u00e2nica possa se aventurar em mais uma categoria no automobilismo.<\/p>\n\n\n\n<p class=\"wp-block-paragraph\">&#8220;Acho que ainda faltam alguns anos. Precisamos tomar uma decis\u00e3o logo, porque agora sabemos o que precisamos para tomar uma decis\u00e3o. Realmente depende do que mais est\u00e1 acontecendo no mundo da McLaren para decidir qual ser\u00e1 o melhor momento para entrar&#8221;, explicou o chefe da McLaren.<\/p>\n","protected":false},"excerpt":{"rendered":"<p>Zak Brown, chefe da McLaren, admitiu que pretende colocar marca de volta no Mundial de Endurance ou no IMSA, mas ressaltou que \u00e9 preciso tomar decis\u00e3o em momento tranquilo da marca<\/p>\n","protected":false},"author":0,"featured_media":1000641687,"comment_status":"closed","ping_status":"closed","sticky":false,"template":"","format":"standard","meta":{"42wp_featured_image_caption":"","42wp_featured_image_credits":"","42wp_featured_video":"","42wp_featured_image_hidden":false,"42wp_authors_list":[],"footnotes":""},"categories":[18],"tags":[1405,180,26841,840,705,93,94,90,357,356,580],"42wp_author":[47144],"class_list":["post-106433","post","type-post","status-publish","format-standard","has-post-thumbnail","hentry","category-endurance","tag-extreme-e","tag-formula-1","tag-formula-1-2022","tag-formula-e","tag-imsa","tag-indy","tag-indycar","tag-mclaren","tag-mundial-de-endurance","tag-wec","tag-zak-brown","42wp_author-andre-netto"],"_links":{"self":[{"href":"https:\/\/grandepremio.com\/br\/wp-json\/wp\/v2\/posts\/106433","targetHints":{"allow":["GET"]}}],"collection":[{"href":"https:\/\/grandepremio.com\/br\/wp-json\/wp\/v2\/posts"}],"about":[{"href":"https:\/\/grandepremio.com\/br\/wp-json\/wp\/v2\/types\/post"}],"replies":[{"embeddable":true,"href":"https:\/\/grandepremio.com\/br\/wp-json\/wp\/v2\/comments?post=106433"}],"version-history":[{"count":0,"href":"https:\/\/grandepremio.com\/br\/wp-json\/wp\/v2\/posts\/106433\/revisions"}],"wp:featuredmedia":[{"embeddable":true,"href":"https:\/\/grandepremio.com\/br\/wp-json\/wp\/v2\/media\/1000641687"}],"wp:attachment":[{"href":"https:\/\/grandepremio.com\/br\/wp-json\/wp\/v2\/media?parent=106433"}],"wp:term":[{"taxonomy":"category","embeddable":true,"href":"https:\/\/grandepremio.com\/br\/wp-json\/wp\/v2\/categories?post=106433"},{"taxonomy":"post_tag","embeddable":true,"href":"https:\/\/grandepremio.com\/br\/wp-json\/wp\/v2\/tags?post=106433"},{"taxonomy":"42wp_author","embeddable":true,"href":"https:\/\/grandepremio.com\/br\/wp-json\/wp\/v2\/42wp_author?post=106433"}],"curies":[{"name":"wp","href":"https:\/\/api.w.org\/{rel}","templated":true}]}}