{"id":106468,"date":"2022-12-24T13:00:00","date_gmt":"2022-12-24T16:00:00","guid":{"rendered":"https:\/\/grandepremio.com\/br\/noticias\/marc-marquez-aberto-deixar-honda-conquistar-motogp-sonho-ser-campeao\/"},"modified":"2022-12-24T14:01:35","modified_gmt":"2022-12-24T17:01:35","slug":"marc-marquez-aberto-deixar-honda-conquistar-motogp-sonho-ser-campeao","status":"publish","type":"post","link":"https:\/\/grandepremio.com\/br\/motogp\/marc-marquez-aberto-deixar-honda-conquistar-motogp-sonho-ser-campeao\/","title":{"rendered":"M\u00e1rquez se diz aberto a deixar Honda para conquistar MotoGP: &#8220;Sonho \u00e9 ser campe\u00e3o&#8221;"},"content":{"rendered":"\n<figure class=\"wp-block-embed is-type-video is-provider-youtube wp-block-embed-youtube wp-embed-aspect-16-9 wp-has-aspect-ratio\"><div class=\"wp-block-embed__wrapper\">\n<iframe loading=\"lazy\" title=\"USAR OU N\u00c3O USAR A MALDI\u00c7\u00c3O DO N\u00daMERO 1 NA MOTOGP | GP \u00c0S 10\" width=\"500\" height=\"281\" src=\"https:\/\/www.youtube.com\/embed\/o68TE9iI1n4?feature=oembed\" frameborder=\"0\" allow=\"accelerometer; autoplay; clipboard-write; encrypted-media; gyroscope; picture-in-picture; web-share\" referrerpolicy=\"strict-origin-when-cross-origin\" allowfullscreen><\/iframe>\n<\/div><figcaption>USAR OU N\u00c3O USAR A MALDI\u00c7\u00c3O DO N\u00daMERO 1 NA MOTOGP | GP \u00c0S 10<\/figcaption><\/figure>\n\n\n\n<p class=\"wp-block-paragraph\">A hist\u00f3ria de <strong>Marc M\u00e1rquez<\/strong> no <strong>Mundial de Motovelocidade<\/strong> \u00e9 intimamente ligada \u00e0 <strong>Honda<\/strong>. Foi pela f\u00e1brica japonesa que chegou \u00e0 <strong>MotoGP<\/strong>, em 2013, e foi defendendo a marca que conquistou todos os seis t\u00edtulos da categoria. Ap\u00f3s anos complicados, com muitas les\u00f5es e at\u00e9 a carreira em interroga\u00e7\u00e3o, o piloto admite a ideia de sair, enfim. Tudo depende de apenas uma coisa: se a moto ser\u00e1 boa o bastante para brigar por t\u00edtulos.<\/p>\n\n\n\n<p class=\"wp-block-paragraph\"><strong>\u25b6\ufe0f\u00a0Inscreva-se nos dois canais do GRANDE PR\u00caMIO no YouTube:\u00a0<a href=\"https:\/\/www.youtube.com\/channel\/UC9OlHEgxoaY6QY6nWPoiqQg?sub_confirmation=1\" target=\"_blank\" rel=\"noreferrer noopener\">GP<\/a>\u00a0|\u00a0<a href=\"https:\/\/www.youtube.com\/channel\/UC9csiS6q_C3C0FYhyr1rnFA?sub_confirmation=1\" target=\"_blank\" rel=\"noreferrer noopener\">GP2<\/a><\/strong><\/p>\n\n\n\n<p class=\"wp-block-paragraph\">Embora M\u00e1rquez tenha tido problemas que o tornaram quase um piloto de ocasi\u00e3o nos \u00faltimos tr\u00eas anos, ficando fora de metade das corridas no per\u00edodo, a prepara\u00e7\u00e3o de momento \u00e9 para retornar \u00e0 normalidade em 2023. S\u00f3 que tudo isso acontece numa hora em que a Honda sofre: foi a lanterna no Mundial de Construtores de 2022 e ficou somente com o nono lugar no campeonato de Equipes.<\/p>\n\n\n\n<p class=\"wp-block-paragraph\">M\u00e1rquez reconhece que foi muito bem tratado nos \u00faltimos tempos, algo que n\u00e3o \u00e9 t\u00e3o comum no esporte. Mas a meta segue sendo uma s\u00f3: ser campe\u00e3o.<\/p>\n\n\n\n<p class=\"wp-block-paragraph\">&#8220;Respeito muito a Honda pela maneira que sempre falaram e cuidaram de mim nesses dois anos em que estive machucado. Sei que o aconteceu n\u00e3o foi normal, mas eles me trataram de um jeito especial. Sempre terei o maior respeito pela Honda&#8221;, afirmou.<\/p>\n\n\n\n<figure class=\"wp-block-image size-large\"><img decoding=\"async\" src=\"https:\/\/www.grandepremio.com\/br\/wp-content\/uploads\/2022\/11\/DS_4617-1024x682.jpg\" alt=\"\" class=\"wp-image-630237\"\/><figcaption>Marc M\u00e1rquez \u00e9 a grande for\u00e7a da Honda (Foto: Divulga\u00e7\u00e3o\/MotoGP)<\/figcaption><\/figure>\n\n\n\n<p class=\"wp-block-paragraph\">&#8220;Minha cabe\u00e7a agora est\u00e1 voltada apenas para voltar ao topo junto \u00e0 Honda. Se isso n\u00e3o for poss\u00edvel e eu sentir que n\u00e3o tenho a ferramenta necess\u00e1ria, tentarei encontrar o que seja melhor para mim&#8221;, declarou.<\/p>\n\n\n\n<p class=\"wp-block-paragraph\">&#8220;\u00c9 algo que eu j\u00e1 falei para eles. Mas, no momento, quero apenas ficar com a Honda. Minha meta \u00e9 ficar com a Honda, mas a maior das minhas metas \u00e9 vencer campeonatos. Essa \u00e9 a situa\u00e7\u00e3o para o futuro&#8221;, seguiu.<\/p>\n\n\n\n<p class=\"wp-block-paragraph\">&#8220;Em contratos passados, sempre coloquei a Honda em primeiro lugar. N\u00e3o conversei com ningu\u00e9m, s\u00f3 com a Honda. Se voc\u00ea respeitar a equipe, a equipe te respeita de volta. Veremos o que vai acontecer no futuro. N\u00e3o d\u00e1 para saber. Como eu digo, a Honda \u00e9 a Honda. \u00c9 meu sonho ficar na Honda, mas meu maior sonho \u00e9 voltar a ganhar campeonatos&#8221;, finalizou.<\/p>\n\n\n\n<p class=\"wp-block-paragraph\">Sem os resultados de Marc M\u00e1rquez, que ainda conseguiu alguma vit\u00f3ria mesmo nas dificuldades recentes, a Honda tem apenas quatro p\u00f3dios desde 2020: dois com <strong>Pol Espargar\u00f3<\/strong> e dois com <strong>\u00c1lex M\u00e1rquez<\/strong>. Nos primeiros testes com a moto de 2023, <strong><a href=\"https:\/\/www.grandepremio.com\/br\/motogp\/noticias\/marc-marquez-teste-nao-foi-esperava-frisa-confio-honda\/\" class=\"ek-link\">M\u00e1rquez j\u00e1 mostrou estar reticente<\/a><\/strong>. <\/p>\n\n\n\n<figure class=\"wp-block-embed is-type-rich is-provider-spotify wp-block-embed-spotify wp-embed-aspect-21-9 wp-has-aspect-ratio\"><div class=\"wp-block-embed__wrapper\">\n<iframe title=\"Spotify Embed: Paddockast #179: o que as equipes da F\u00f3rmula 1 podem pedir de presente de Natal para 2023?\" style=\"border-radius: 12px\" width=\"100%\" height=\"152\" frameborder=\"0\" allowfullscreen allow=\"autoplay; clipboard-write; encrypted-media; fullscreen; picture-in-picture\" loading=\"lazy\" src=\"https:\/\/open.spotify.com\/embed\/episode\/2YxHraUzuPvDCY1mLmBg5K?utm_source=oembed\"><\/iframe>\n<\/div><figcaption>Paddockast #179: O que as equipes da F\u00f3rmula 1 podem pedir de presente de Natal para 2023?<\/figcaption><\/figure>\n","protected":false},"excerpt":{"rendered":"<p>Marc M\u00e1rquez reiterou todo o respeito que tem pela Honda, sobretudo por como foi tratado em tempos de les\u00e3o, mas deixou claro: quer ser campe\u00e3o<\/p>\n","protected":false},"author":0,"featured_media":1000625721,"comment_status":"closed","ping_status":"closed","sticky":false,"template":"","format":"standard","meta":{"42wp_featured_image_caption":"","42wp_featured_image_credits":"","42wp_featured_video":"","42wp_featured_image_hidden":false,"42wp_authors_list":[],"footnotes":""},"categories":[8],"tags":[1491,28285,130,1300,2997],"42wp_author":[47120],"class_list":["post-106468","post","type-post","status-publish","format-standard","has-post-thumbnail","hentry","category-motogp","tag-grande-premio","tag-grandepremio","tag-honda","tag-marc-marquez","tag-motogp-2022","42wp_author-pedro-henrique-marum"],"_links":{"self":[{"href":"https:\/\/grandepremio.com\/br\/wp-json\/wp\/v2\/posts\/106468","targetHints":{"allow":["GET"]}}],"collection":[{"href":"https:\/\/grandepremio.com\/br\/wp-json\/wp\/v2\/posts"}],"about":[{"href":"https:\/\/grandepremio.com\/br\/wp-json\/wp\/v2\/types\/post"}],"replies":[{"embeddable":true,"href":"https:\/\/grandepremio.com\/br\/wp-json\/wp\/v2\/comments?post=106468"}],"version-history":[{"count":0,"href":"https:\/\/grandepremio.com\/br\/wp-json\/wp\/v2\/posts\/106468\/revisions"}],"wp:featuredmedia":[{"embeddable":true,"href":"https:\/\/grandepremio.com\/br\/wp-json\/wp\/v2\/media\/1000625721"}],"wp:attachment":[{"href":"https:\/\/grandepremio.com\/br\/wp-json\/wp\/v2\/media?parent=106468"}],"wp:term":[{"taxonomy":"category","embeddable":true,"href":"https:\/\/grandepremio.com\/br\/wp-json\/wp\/v2\/categories?post=106468"},{"taxonomy":"post_tag","embeddable":true,"href":"https:\/\/grandepremio.com\/br\/wp-json\/wp\/v2\/tags?post=106468"},{"taxonomy":"42wp_author","embeddable":true,"href":"https:\/\/grandepremio.com\/br\/wp-json\/wp\/v2\/42wp_author?post=106468"}],"curies":[{"name":"wp","href":"https:\/\/api.w.org\/{rel}","templated":true}]}}