{"id":10647,"date":"2026-03-26T06:46:25","date_gmt":"2026-03-26T09:46:25","guid":{"rendered":"https:\/\/grandepremio.com\/br\/noticias\/andrea-antonelli-aponta-classificacao-foco-japao-ainda-ha-muito-que-evoluir\/"},"modified":"2026-03-26T06:54:11","modified_gmt":"2026-03-26T09:54:11","slug":"andrea-antonelli-aponta-classificacao-foco-japao-ainda-ha-muito-que-evoluir","status":"publish","type":"post","link":"https:\/\/grandepremio.com\/br\/f1\/andrea-antonelli-aponta-classificacao-foco-japao-ainda-ha-muito-que-evoluir\/","title":{"rendered":"Antonelli aponta classifica\u00e7\u00e3o como foco no Jap\u00e3o: &#8220;Ainda h\u00e1 muito o que evoluir&#8221;"},"content":{"rendered":"\n<p class=\"wp-block-paragraph\"><strong>Andrea Kimi Antonelli<\/strong> destacou a import\u00e2ncia da classifica\u00e7\u00e3o para o desempenho na <strong>F\u00f3rmula 1 2026<\/strong> e admitiu que ainda precisa evoluir nesse aspecto. Durante o dia de imprensa do <strong>GP do Jap\u00e3o<\/strong>, nesta quinta-feira (26), o italiano da <strong>Mercedes <\/strong>afirmou que largar na frente facilita significativamente a corrida, mesmo com os recursos de ultrapassagem dispon\u00edveis na atual gera\u00e7\u00e3o de carros.<\/p>\n\n\n\n<p class=\"wp-block-paragraph\">A an\u00e1lise de Antonelli ocorre em meio a um in\u00edcio de temporada em que os resultados t\u00eam sido fortemente influenciados pelo desempenho nos s\u00e1bados, como nas vit\u00f3rias de <strong>George Russell<\/strong> na <strong>Austr\u00e1lia <\/strong>e a pr\u00f3pria na <strong>China<\/strong>. O cen\u00e1rio refor\u00e7a o peso da posi\u00e7\u00e3o de largada, especialmente em pistas onde ultrapassar costuma ser um desafio \u2014 caso de <strong>Suzuka<\/strong>.<\/p>\n\n\n\n<figure class=\"wp-block-embed is-type-video is-provider-youtube wp-block-embed-youtube wp-embed-aspect-16-9 wp-has-aspect-ratio\"><div class=\"wp-block-embed__wrapper\">\n<iframe loading=\"lazy\" title=\"GOI\u00c2NIA VIRA UM DESASTRE NA MOTOGP E A F1 TEM BOMBA COM BORTOLETO | Paddock GP #448\" width=\"500\" height=\"281\" src=\"https:\/\/www.youtube.com\/embed\/64gFVYs3sZM?feature=oembed\" frameborder=\"0\" allow=\"accelerometer; autoplay; clipboard-write; encrypted-media; gyroscope; picture-in-picture; web-share\" referrerpolicy=\"strict-origin-when-cross-origin\" allowfullscreen><\/iframe>\n<\/div><\/figure>\n\n\n\n<h3 class=\"wp-block-heading\" id=\"h-gp-experience-o-novo-produto-do-grande-premio-conecta-voce-aos-maiores-eventos-de-esporte-a-motor-do-mundo-va-para-indianapolis-com-a-gente-saiba-aqui-todos-os-detalhes\"><strong><mark style=\"background-color:rgba(0, 0, 0, 0)\" class=\"has-inline-color has-vivid-red-color\">+ GP EXPERIENCE: o novo produto do GRANDE PR\u00caMIO conecta voc\u00ea aos maiores eventos de esporte a motor do mundo. V\u00e1 para Indian\u00e1polis com a gente:\u00a0<a href=\"https:\/\/gpexperience.tur.br\/\">saiba aqui todos os detalhes<\/a>.<\/mark><\/strong><\/h3>\n\n\n\n<p class=\"wp-block-paragraph\">Apesar de ter feito a pole-position em <strong>Xangai<\/strong>, Antonelli teve caminho facilitado pelos problemas enfrentados por Russell, que quase n\u00e3o conseguiu sair dos boxes no Q3. Por isso, o italiano indicou que o foco atual est\u00e1 justamente em melhorar o desempenho em voltas r\u00e1pidas, reconhecendo que ainda h\u00e1 margem de evolu\u00e7\u00e3o.<\/p>\n\n\n\n<p class=\"wp-block-paragraph\">&#8220;Sabemos o qu\u00e3o importante \u00e9 a classifica\u00e7\u00e3o, ent\u00e3o esse \u00e9 o foco. Mesmo que com esses regulamentos voc\u00ea ainda tenha uma chance razo\u00e1vel de alcan\u00e7ar quem vem \u00e0 frente com o Modo Ultrapassagem, largar na pole-position deixa as coisas muito f\u00e1ceis porque voc\u00ea corre de cara para o vento&#8221;, afirmou.<\/p>\n\n\n\n<figure class=\"wp-block-image size-large\"><img decoding=\"async\" src=\"https:\/\/www.grandepremio.com\/br\/wp-content\/uploads\/2026\/03\/china-classificacao-f1-2026-mercedes-kimi-antonelli-02-1200x801.jpg\" alt=\"\" class=\"wp-image-1067690\"\/><figcaption class=\"wp-element-caption\">Kimi Antonelli v\u00ea espa\u00e7o para crescimento ap\u00f3s pole-position na China (Foto: Mercedes)<\/figcaption><\/figure>\n\n\n\n<p class=\"wp-block-paragraph\">&#8220;Definitivamente a classifica\u00e7\u00e3o \u00e9 muito importante e ser\u00e1 um ponto que ainda precisa de muito trabalho, mas acho que a China foi um bom passo em termos de como executei a sess\u00e3o, apesar de alguns problemas&#8221;, explicou.<\/p>\n\n\n\n<p class=\"wp-block-paragraph\">&#8220;Ent\u00e3o foi bom, fiquei feliz com isso, mas \u00e9 claro que ainda h\u00e1 muito o que evoluir&#8221;, concluiu.<\/p>\n\n\n\n<p class=\"wp-block-paragraph\" id=\"h-gp-experience-o-novo-produto-do-grande-premio-conecta-voce-aos-maiores-eventos-de-esporte-a-motor-do-mundo-va-para-indianapolis-com-a-gente-saiba-aqui-todos-os-detalhes\">A F1 volta \u00e0 pista para a terceira etapa da temporada neste fim de semana, no&nbsp;<strong>GP do Jap\u00e3o<\/strong>, entre os dias&nbsp;<strong>27 e 29 de mar\u00e7o<\/strong>. O&nbsp;<strong>GRANDE PR\u00caMIO<\/strong>&nbsp;acompanha todas as atividades<a href=\"https:\/\/www.grandepremio.com\/br\/ao-vivo\/f1\/\">&nbsp;<strong>AO VIVO E EM&nbsp;<\/strong><\/a><strong><a href=\"https:\/\/www.grandepremio.com\/br\/ao-vivo\/\" target=\"_blank\" rel=\"noreferrer noopener\">TEMPO REAL<\/a><\/strong>,&nbsp;<a href=\"https:\/\/www.youtube.com\/@GrandePremio1\/streams\">al\u00e9m de classifica\u00e7\u00e3o e corrida em&nbsp;<strong>SEGUNDA TELA&nbsp;<\/strong>no YouTube<\/a>, em parceria com a&nbsp;<strong>Voz do Esporte<\/strong>. O&nbsp;<strong>Briefing&nbsp;<\/strong>chega para analisar ap\u00f3s o fim de cada dia de atividades nas redes sociais e na&nbsp;<strong>GPTV<\/strong>.<\/p>\n\n\n\n<h2 class=\"wp-block-heading\" id=\"h-gp-do-japao-de-f1-veja-os-horarios-em-brasil-cabo-verde-nbsp-portugal-angola-e-mocambique\"><strong>GP do Jap\u00e3o de F1: veja os hor\u00e1rios em Brasil, Cabo Verde,&nbsp;<a href=\"https:\/\/grandepremio.pt\/\" target=\"_blank\" rel=\"noreferrer noopener\">Portugal<\/a>, Angola e Mo\u00e7ambique:<\/strong><\/h2>\n\n\n\n<figure class=\"wp-block-table\"><table class=\"has-fixed-layout\"><tbody><tr><td class=\"has-text-align-left\" data-align=\"left\"><strong>Sess\u00e3o<\/strong><\/td><td class=\"has-text-align-left\" data-align=\"left\"><strong>BRA*<\/strong><\/td><td class=\"has-text-align-left\" data-align=\"left\"><strong>CBV<\/strong><\/td><td class=\"has-text-align-left\" data-align=\"left\"><strong>POR<\/strong><br><strong>ANG<\/strong><\/td><td class=\"has-text-align-left\" data-align=\"left\"><strong>MOZ<\/strong><\/td><\/tr><tr><td class=\"has-text-align-left\" data-align=\"left\">Treino livre 1<\/td><td class=\"has-text-align-left\" data-align=\"left\">23:30<\/td><td class=\"has-text-align-left\" data-align=\"left\">01:30<\/td><td class=\"has-text-align-left\" data-align=\"left\">03:30<\/td><td class=\"has-text-align-left\" data-align=\"left\">04:30<\/td><\/tr><tr><td class=\"has-text-align-left\" data-align=\"left\">Treino livre 2<\/td><td class=\"has-text-align-left\" data-align=\"left\">03:00<\/td><td class=\"has-text-align-left\" data-align=\"left\">05:30<\/td><td class=\"has-text-align-left\" data-align=\"left\">07:00<\/td><td class=\"has-text-align-left\" data-align=\"left\">08:00<\/td><\/tr><tr><td class=\"has-text-align-left\" data-align=\"left\">Treino livre 3<\/td><td class=\"has-text-align-left\" data-align=\"left\">23:30<\/td><td class=\"has-text-align-left\" data-align=\"left\">01:30<\/td><td class=\"has-text-align-left\" data-align=\"left\">03:30<\/td><td class=\"has-text-align-left\" data-align=\"left\">04:30<\/td><\/tr><tr><td class=\"has-text-align-left\" data-align=\"left\">Classifica\u00e7\u00e3o<\/td><td class=\"has-text-align-left\" data-align=\"left\">03:00<\/td><td class=\"has-text-align-left\" data-align=\"left\">05:30<\/td><td class=\"has-text-align-left\" data-align=\"left\">07:00<\/td><td class=\"has-text-align-left\" data-align=\"left\">08:00<\/td><\/tr><tr><td class=\"has-text-align-left\" data-align=\"left\">Corrida<\/td><td class=\"has-text-align-left\" data-align=\"left\">02:00<\/td><td class=\"has-text-align-left\" data-align=\"left\">04:30<\/td><td class=\"has-text-align-left\" data-align=\"left\">06:00<\/td><td class=\"has-text-align-left\" data-align=\"left\">07:00<\/td><\/tr><\/tbody><\/table><\/figure>\n\n\n\n<p class=\"wp-block-paragraph\"><em>*Hor\u00e1rio de Bras\u00edlia<\/em><\/p>\n\n\n\n<p class=\"wp-block-paragraph\">\u25b6\ufe0f<strong>\u00a0Inscreva-se nos dois canais do GRANDE PR\u00caMIO no YouTube:\u00a0<a href=\"https:\/\/www.youtube.com\/channel\/UC9OlHEgxoaY6QY6nWPoiqQg?sub_confirmation=1\">GP<\/a>\u00a0|\u00a0<a href=\"https:\/\/www.youtube.com\/channel\/UC9csiS6q_C3C0FYhyr1rnFA?sub_confirmation=1\">GPTV<\/a><\/strong><\/p>\n\n\n\n<h2 class=\"wp-block-heading\" id=\"h-f1-hoje-saiba-aqui-as-noticias-mais-importantes-do-dia-da-formula-1\"><strong>F1 hoje: saiba aqui as not\u00edcias mais importantes do dia da F\u00f3rmula 1<\/strong><\/h2>\n\n\n\n<p class=\"wp-block-paragraph\"><strong>\u25b6\ufe0f <a href=\"https:\/\/www.grandepremio.com\/br\/f1\/noticias\/lando-norris-preve-classificacao-menos-espetacular-suzuka-novo-regulamento-f1\/\">Norris prev\u00ea classifica\u00e7\u00e3o \u201cmenos espetacular\u201d em Suzuka com novo regulamento da F1<\/a><br>\u25b6\ufe0f <a href=\"https:\/\/www.grandepremio.com\/br\/f1\/noticias\/lewis-hamilton-volta-elogiar-divertida-f1-2026-mas-diz-muito-cedo-pensar-vitorias\/\">Hamilton volta a elogiar \u201cdivertida\u201d F1 2026, mas diz ser muito cedo para pensar em vit\u00f3rias<\/a><br>\u25b6\ufe0f <a href=\"https:\/\/www.grandepremio.com\/br\/f1\/noticias\/charles-leclerc-prega-cautela-ferrari-duelo-mercedes-nao-estamos-tao-proximos\/\">Leclerc prega cautela na Ferrari em duelo com Mercedes: \u201cN\u00e3o estamos t\u00e3o pr\u00f3ximos\u201d<\/a><br>\u25b6\ufe0f <a href=\"https:\/\/www.grandepremio.com\/br\/f1\/noticias\/lando-norris-reforca-confianca-reacao-mclaren-mas-admite-preciso-tempo\/\">Norris refor\u00e7a confian\u00e7a em rea\u00e7\u00e3o da McLaren, mas admite: \u201c\u00c9 preciso tempo\u201d<\/a><br>\u25b6\ufe0f <a href=\"https:\/\/www.grandepremio.com\/br\/f1\/noticias\/max-verstappen-barra-exige-saida-jornalista-para-iniciar-entrevista-coletiva-japao\/\">Verstappen barra e exige sa\u00edda de jornalista para iniciar entrevista coletiva no Jap\u00e3o<\/a><\/strong><\/p>\n","protected":false},"excerpt":{"rendered":"<p>Andrea Kimi Antonelli destacou import\u00e2ncia de largar na frente mesmo em regulamento com Modo Ultrapassagem e disse que precisa melhorar performance no s\u00e1bado apesar de pole-position na China<\/p>\n","protected":false},"author":0,"featured_media":1001071593,"comment_status":"closed","ping_status":"closed","sticky":false,"template":"","format":"standard","meta":{"42wp_featured_image_caption":"","42wp_featured_image_credits":"","42wp_featured_video":"","42wp_featured_image_hidden":false,"42wp_authors_list":[],"footnotes":""},"categories":[2],"tags":[27861,26271,5273,147,29516,29148,180,31425,28995,800,3023,38972,1491,28285,30840,24855,46326,32659,82,35129,608,46327,32660,31470],"42wp_author":[47164],"class_list":["post-10647","post","type-post","status-publish","format-standard","has-post-thumbnail","hentry","category-f1","tag-andrea-kimi-antonelli","tag-calendario-f1","tag-classificacao-f1","tag-f1","tag-f1-2026","tag-f1-hoje","tag-formula-1","tag-formula-1-2026","tag-formula-1-hoje","tag-george-russell","tag-gp-do-japao","tag-gp-do-japao-f1","tag-grande-premio","tag-grandepremio","tag-horarios-f1","tag-japao","tag-japao-2026","tag-japao-f1","tag-mercedes","tag-onde-assistir-f1","tag-suzuka","tag-suzuka-2026","tag-suzuka-f1","tag-temporada-2026-f1","42wp_author-marcos-gil-ribeiro"],"_links":{"self":[{"href":"https:\/\/grandepremio.com\/br\/wp-json\/wp\/v2\/posts\/10647","targetHints":{"allow":["GET"]}}],"collection":[{"href":"https:\/\/grandepremio.com\/br\/wp-json\/wp\/v2\/posts"}],"about":[{"href":"https:\/\/grandepremio.com\/br\/wp-json\/wp\/v2\/types\/post"}],"replies":[{"embeddable":true,"href":"https:\/\/grandepremio.com\/br\/wp-json\/wp\/v2\/comments?post=10647"}],"version-history":[{"count":0,"href":"https:\/\/grandepremio.com\/br\/wp-json\/wp\/v2\/posts\/10647\/revisions"}],"wp:featuredmedia":[{"embeddable":true,"href":"https:\/\/grandepremio.com\/br\/wp-json\/wp\/v2\/media\/1001071593"}],"wp:attachment":[{"href":"https:\/\/grandepremio.com\/br\/wp-json\/wp\/v2\/media?parent=10647"}],"wp:term":[{"taxonomy":"category","embeddable":true,"href":"https:\/\/grandepremio.com\/br\/wp-json\/wp\/v2\/categories?post=10647"},{"taxonomy":"post_tag","embeddable":true,"href":"https:\/\/grandepremio.com\/br\/wp-json\/wp\/v2\/tags?post=10647"},{"taxonomy":"42wp_author","embeddable":true,"href":"https:\/\/grandepremio.com\/br\/wp-json\/wp\/v2\/42wp_author?post=10647"}],"curies":[{"name":"wp","href":"https:\/\/api.w.org\/{rel}","templated":true}]}}