{"id":106471,"date":"2022-12-24T11:12:24","date_gmt":"2022-12-24T14:12:24","guid":{"rendered":"https:\/\/grandepremio.com\/br\/noticias\/alpine-admite-terminou-pre-temporada-f1-2022-em-frangalhos-confusa\/"},"modified":"2022-12-24T12:31:36","modified_gmt":"2022-12-24T15:31:36","slug":"alpine-admite-terminou-pre-temporada-f1-2022-em-frangalhos-confusa","status":"publish","type":"post","link":"https:\/\/grandepremio.com\/br\/f1\/alpine-admite-terminou-pre-temporada-f1-2022-em-frangalhos-confusa\/","title":{"rendered":"Alpine admite que terminou pr\u00e9-temporada da F1 2022 &#8220;em frangalhos&#8221; e &#8220;confusa&#8221;"},"content":{"rendered":"\n<figure class=\"wp-block-embed is-type-video is-provider-youtube wp-block-embed-youtube wp-embed-aspect-16-9 wp-has-aspect-ratio\"><div class=\"wp-block-embed__wrapper\">\n<iframe loading=\"lazy\" title=\"DA FOR\u00c7A DA ALPINE AO FIASCO NA WILLIAMS: A F1 B EM 2022\" width=\"500\" height=\"281\" src=\"https:\/\/www.youtube.com\/embed\/6rC6QRbU0Ug?feature=oembed\" frameborder=\"0\" allow=\"accelerometer; autoplay; clipboard-write; encrypted-media; gyroscope; picture-in-picture; web-share\" referrerpolicy=\"strict-origin-when-cross-origin\" allowfullscreen><\/iframe>\n<\/div><\/figure>\n\n\n\n<p class=\"wp-block-paragraph\">A <strong>Alpine <\/strong>bateu a <strong>McLaren <\/strong>na batalha do <a href=\"https:\/\/www.grandepremio.com\/br\/f1\/classificacao\/\" target=\"_blank\" aria-label=\"Mundial de Construtores (opens in a new tab)\" rel=\"noreferrer noopener\" class=\"ek-link\">Mundial de Construtores<\/a> da <strong>F\u00f3rmula 1<\/strong> e terminou a temporada com uma boa quarta coloca\u00e7\u00e3o, atr\u00e1s apenas de <strong>Red Bull<\/strong>, <strong>Ferrari <\/strong>e <strong>Mercedes<\/strong>. No entanto, no in\u00edcio do campeonato, ainda na disputa da pr\u00e9-temporada, parecia muito dif\u00edcil imaginar o time franc\u00eas entre as principais for\u00e7as do grid.<\/p>\n\n\n\n<p class=\"wp-block-paragraph\">Para se ter uma ideia, a Alpine conseguiu fazer apenas <strong>12 voltas<\/strong> em seu \u00faltimo dia de testes em Barcelona, encerrando o per\u00edodo de pr\u00e9-temporada como o terceiro time que menos andou. E o CEO <strong>Laurent Rossi <\/strong>admitiu que a situa\u00e7\u00e3o era ca\u00f3tica antes da abertura oficial do campeonato, o que prejudicou o in\u00edcio da equipe.<\/p>\n\n\n\n<p class=\"wp-block-paragraph\">&#8220;\u00c9 uma capacidade de Enstone e Viry [comuna francesa onde fica localizada a f\u00e1brica da Renault]: entregar atualiza\u00e7\u00f5es ao longo da temporada e [o time] continuar competitivo&#8221;, disse Rossi, quando questionado sobre o que mais o agradou em 2022. &#8220;Come\u00e7amos mal a temporada. Digo, chegamos em Barcelona em frangalhos \u2014 confusos, eu poderia dizer. A ideia era se desenvolver o mais tarde poss\u00edvel, porque era um carro totalmente novo&#8221;, explicou.<\/p>\n\n\n\n<p class=\"wp-block-paragraph\"><strong>\u25b6\ufe0f&nbsp;<a href=\"https:\/\/www.twitch.tv\/grandepremio\" target=\"_blank\" rel=\"noreferrer noopener\">Conhe\u00e7a o canal do GRANDE PR\u00caMIO na Twitch clicando aqui!<\/a><\/strong><\/p>\n\n\n\n<figure class=\"wp-block-image size-large\"><img decoding=\"async\" src=\"https:\/\/www.grandepremio.com\/br\/wp-content\/uploads\/2022\/11\/alpine-fernandoalonso-01-11-1024x683.jpg\" alt=\"\" class=\"wp-image-635344\"\/><figcaption>Alonso se frustrou com os diversos problemas de confiabilidade da Alpine na temporada (Foto: Alpine)<\/figcaption><\/figure>\n\n\n\n<p class=\"wp-block-paragraph\"><strong>\u25b6\ufe0f&nbsp;Inscreva-se nos dois canais do GRANDE PR\u00caMIO no YouTube:&nbsp;<a href=\"https:\/\/www.youtube.com\/channel\/UC9OlHEgxoaY6QY6nWPoiqQg?sub_confirmation=1\" target=\"_blank\" rel=\"noreferrer noopener\">GP<\/a>&nbsp;|&nbsp;<a href=\"https:\/\/www.youtube.com\/channel\/UC9csiS6q_C3C0FYhyr1rnFA?sub_confirmation=1\" target=\"_blank\" rel=\"noreferrer noopener\">GP2<\/a><\/strong><\/p>\n\n\n\n<p class=\"wp-block-paragraph\">&#8220;A partir dali, tentar\u00edamos fazer nossa escalada no grid&#8221;, salientou. &#8220;Ningu\u00e9m estava nos vendo acima da oitava posi\u00e7\u00e3o, eu lembro bem disso. No in\u00edcio da temporada, nosso objetivo era colocar uma nova estrutura em funcionamento, o que fizemos&#8221;, destacou.<\/p>\n\n\n\n<p class=\"wp-block-paragraph\">O pouco tempo de pr\u00e9-temporada cobrou seu pre\u00e7o \u00e0 Alpine, que precisou lidar com problemas de confiabilidade durante todo o ano. <strong>Fernando Alonso <\/strong>sofreu com cinco abandonos <a href=\"https:\/\/www.grandepremio.com\/br\/f1\/noticias\/fernando-alonso-detona-alpine-abandonos-formula-1-2022-nao-e-aceitavel-neste-nivel\/\" target=\"_blank\" aria-label=\"e reclamou da quantidade de pontos perdidos (opens in a new tab)\" rel=\"noreferrer noopener\" class=\"ek-link\">e reclamou da quantidade de pontos perdidos<\/a>, al\u00e9m das corridas em que precisou continuar na pista com um motor problem\u00e1tico, como no <strong>Canad\u00e1 <\/strong>\u2014 quando largou em segundo. Ainda assim, o objetivo de conquistar o quarto lugar acabou assegurado no final.<\/p>\n\n\n\n<p class=\"wp-block-paragraph\">&#8220;Essa estrutura deveria entregar inova\u00e7\u00f5es, atualiza\u00e7\u00f5es ao longo da temporada inteira, para sermos mais competitivos. E fizemos isso, o que culminou em uma boa posi\u00e7\u00e3o no fim das contas&#8221;, celebrou. &#8220;Ent\u00e3o, isso \u00e9 importante. N\u00e3o apenas financeiramente, mas tamb\u00e9m para manter o impulso. N\u00f3s dissemos que ir\u00edamos tentar progredir todos os anos, at\u00e9 que alcancemos o m\u00e1ximo poss\u00edvel as equipes principais&#8221;, finalizou.<\/p>\n","protected":false},"excerpt":{"rendered":"<p>CEO da Alpine, Laurent Rossi admitiu que equipe ainda estava se organizando durante a pr\u00e9-temporada da F\u00f3rmula 1, o que culminou na necessidade de evoluir com o campeonato em andamento<\/p>\n","protected":false},"author":0,"featured_media":1000635082,"comment_status":"closed","ping_status":"closed","sticky":false,"template":"","format":"standard","meta":{"42wp_featured_image_caption":"","42wp_featured_image_credits":"","42wp_featured_video":"","42wp_featured_image_hidden":false,"42wp_authors_list":[],"footnotes":""},"categories":[2],"tags":[20491,304,1877,147,1357,176,180,1491,30103,28285,27073,2717],"42wp_author":[47142],"class_list":["post-106471","post","type-post","status-publish","format-standard","has-post-thumbnail","hentry","category-f1","tag-alpine","tag-barcelona","tag-espanha","tag-f1","tag-f1-2022","tag-fernando-alonso","tag-formula-1","tag-grande-premio","tag-grande-premio-f1","tag-grandepremio","tag-laurent-rossi","tag-pre-temporada","42wp_author-jp-nascimento"],"_links":{"self":[{"href":"https:\/\/grandepremio.com\/br\/wp-json\/wp\/v2\/posts\/106471","targetHints":{"allow":["GET"]}}],"collection":[{"href":"https:\/\/grandepremio.com\/br\/wp-json\/wp\/v2\/posts"}],"about":[{"href":"https:\/\/grandepremio.com\/br\/wp-json\/wp\/v2\/types\/post"}],"replies":[{"embeddable":true,"href":"https:\/\/grandepremio.com\/br\/wp-json\/wp\/v2\/comments?post=106471"}],"version-history":[{"count":0,"href":"https:\/\/grandepremio.com\/br\/wp-json\/wp\/v2\/posts\/106471\/revisions"}],"wp:featuredmedia":[{"embeddable":true,"href":"https:\/\/grandepremio.com\/br\/wp-json\/wp\/v2\/media\/1000635082"}],"wp:attachment":[{"href":"https:\/\/grandepremio.com\/br\/wp-json\/wp\/v2\/media?parent=106471"}],"wp:term":[{"taxonomy":"category","embeddable":true,"href":"https:\/\/grandepremio.com\/br\/wp-json\/wp\/v2\/categories?post=106471"},{"taxonomy":"post_tag","embeddable":true,"href":"https:\/\/grandepremio.com\/br\/wp-json\/wp\/v2\/tags?post=106471"},{"taxonomy":"42wp_author","embeddable":true,"href":"https:\/\/grandepremio.com\/br\/wp-json\/wp\/v2\/42wp_author?post=106471"}],"curies":[{"name":"wp","href":"https:\/\/api.w.org\/{rel}","templated":true}]}}