{"id":106496,"date":"2022-12-22T12:56:00","date_gmt":"2022-12-22T15:56:00","guid":{"rendered":"https:\/\/grandepremio.com\/br\/noticias\/van-amersfoort-confirma-tommy-smith-temporada-2023-formula-3\/"},"modified":"2022-12-22T14:43:40","modified_gmt":"2022-12-22T17:43:40","slug":"van-amersfoort-confirma-tommy-smith-temporada-2023-formula-3","status":"publish","type":"post","link":"https:\/\/grandepremio.com\/br\/f3\/van-amersfoort-confirma-tommy-smith-temporada-2023-formula-3\/","title":{"rendered":"Van Amersfoort confirma estreante Smith para temporada 2023 da F\u00f3rmula 3"},"content":{"rendered":"\n<figure class=\"wp-block-embed is-type-video is-provider-youtube wp-block-embed-youtube wp-embed-aspect-16-9 wp-has-aspect-ratio\"><div class=\"wp-block-embed__wrapper\">\n<iframe loading=\"lazy\" title=\"MERCEDES DECEPCIONA E FICA FORA DA BRIGA POR T\u00cdTULO | RETROSPECTIVA F1 2022\" width=\"500\" height=\"281\" src=\"https:\/\/www.youtube.com\/embed\/5WtLB75tGG0?feature=oembed\" frameborder=\"0\" allow=\"accelerometer; autoplay; clipboard-write; encrypted-media; gyroscope; picture-in-picture; web-share\" referrerpolicy=\"strict-origin-when-cross-origin\" allowfullscreen><\/iframe>\n<\/div><\/figure>\n\n\n\n<p class=\"wp-block-paragraph\">A <strong>Van Amersfoort<\/strong> anunciou nesta quinta-feira (22) o primeiro nome do trio que vai defender a equipe na temporada 2023 da <strong>F\u00f3rmula 3<\/strong>: <strong>Tommy Smith<\/strong>. O piloto far\u00e1 sua estreia na categoria ap\u00f3s defender a GB3 nos \u00faltimos dois anos.<\/p>\n\n\n\n<p class=\"wp-block-paragraph\">Este ano, Smith fez sua primeira temporada completa na GB3 e chegou a conquistar uma vit\u00f3ria, na B\u00e9lgica, mas fechou o campeonato na 19\u00aa coloca\u00e7\u00e3o. Agora, com a subida de classe, o australiano de 20 anos se disse ciente dos desafios que ter\u00e1 e destacou a import\u00e2ncia do aprendizado e adapta\u00e7\u00e3o.<\/p>\n\n\n\n<p class=\"wp-block-paragraph\"><strong>\u25b6\ufe0f\u00a0Inscreva-se nos dois canais do GRANDE PR\u00caMIO no YouTube:\u00a0<a href=\"https:\/\/www.youtube.com\/channel\/UC9OlHEgxoaY6QY6nWPoiqQg?sub_confirmation=1\" target=\"_blank\" rel=\"noreferrer noopener\">GP<\/a>\u00a0|\u00a0<a href=\"https:\/\/www.youtube.com\/channel\/UC9csiS6q_C3C0FYhyr1rnFA?sub_confirmation=1\" target=\"_blank\" rel=\"noreferrer noopener\">GP2<\/a><\/strong><br><strong>\u25b6\ufe0f\u00a0<a href=\"https:\/\/www.twitch.tv\/grandepremio\" target=\"_blank\" rel=\"noreferrer noopener\">Conhe\u00e7a o canal do GRANDE PR\u00caMIO na Twitch clicando aqui!<\/a><\/strong><\/p>\n\n\n\n<figure class=\"wp-block-image size-full\"><img decoding=\"async\" src=\"https:\/\/www.grandepremio.com\/br\/wp-content\/uploads\/2022\/12\/Tommy-Smith-F3.jpg\" alt=\"\" class=\"wp-image-641079\"\/><figcaption>Tommy Smith far\u00e1 sua estreia na F3 com a Van Amersfoort (Foto: F3)<\/figcaption><\/figure>\n\n\n\n<p class=\"wp-block-paragraph\">&#8220;Ap\u00f3s competir na FRECA e na GB3, subir para a F3 parece ser o passo certo&#8221;, declarou o jovem. &#8220;Estou ciente de que ser\u00e1 uma temporada desafiadora, em que terei de aprender e me adaptar continuamente, mas tenho certeza de que assumo esse desafio com a equipe certa&#8221;, acrescentou.<\/p>\n\n\n\n<p class=\"wp-block-paragraph\"><strong>Rob Niessink<\/strong>, CEO da equipe, destacou a experi\u00eancia do novato nas classes anteriores como fatores que ser\u00e3o determinantes neste per\u00edodo de adapta\u00e7\u00e3o na F3. &#8220;Estamos animados para ter Tommy conosco. Ele \u00e9 novo na F3, mas o tempo de FRECA e GB3 certamente o ajudar\u00e1 nesse aprendizado r\u00e1pido.&#8221;<\/p>\n\n\n\n<p class=\"wp-block-paragraph\">&#8220;Tommy est\u00e1 ansioso para alcan\u00e7ar esse progresso rapidamente. Ele j\u00e1 mostrou essa atitude positiva no passado, e isso ajudar\u00e1 tanto ele quanto a equipe no come\u00e7o da temporada. Estamos ansiosos para apoi\u00e1-lo nesse passo importante de sua carreira&#8221;, finalizou Neissink.<\/p>\n","protected":false},"excerpt":{"rendered":"<p>Tommy Smith correu na GB3 este ano e chegou a vencer uma corrida na B\u00e9lgica. O australiano de 20 anos \u00e9 o primeiro nome confirmado pela Van Amersfoort para a temporada 2023 da F3<\/p>\n","protected":false},"author":0,"featured_media":1000641077,"comment_status":"closed","ping_status":"closed","sticky":false,"template":"","format":"standard","meta":{"42wp_featured_image_caption":"","42wp_featured_image_credits":"","42wp_featured_video":"","42wp_featured_image_hidden":false,"42wp_authors_list":[],"footnotes":""},"categories":[10],"tags":[1008,32564,8057,32563,32127,1491,33331,6608],"42wp_author":[47147],"class_list":["post-106496","post","type-post","status-publish","format-standard","has-post-thumbnail","hentry","category-f3","tag-f3","tag-f3-2023","tag-formula-3","tag-formula-3-2023","tag-gb3","tag-grande-premio","tag-temporada-2023-f3","tag-van-amersfoort","42wp_author-luana-marino"],"_links":{"self":[{"href":"https:\/\/grandepremio.com\/br\/wp-json\/wp\/v2\/posts\/106496","targetHints":{"allow":["GET"]}}],"collection":[{"href":"https:\/\/grandepremio.com\/br\/wp-json\/wp\/v2\/posts"}],"about":[{"href":"https:\/\/grandepremio.com\/br\/wp-json\/wp\/v2\/types\/post"}],"replies":[{"embeddable":true,"href":"https:\/\/grandepremio.com\/br\/wp-json\/wp\/v2\/comments?post=106496"}],"version-history":[{"count":0,"href":"https:\/\/grandepremio.com\/br\/wp-json\/wp\/v2\/posts\/106496\/revisions"}],"wp:featuredmedia":[{"embeddable":true,"href":"https:\/\/grandepremio.com\/br\/wp-json\/wp\/v2\/media\/1000641077"}],"wp:attachment":[{"href":"https:\/\/grandepremio.com\/br\/wp-json\/wp\/v2\/media?parent=106496"}],"wp:term":[{"taxonomy":"category","embeddable":true,"href":"https:\/\/grandepremio.com\/br\/wp-json\/wp\/v2\/categories?post=106496"},{"taxonomy":"post_tag","embeddable":true,"href":"https:\/\/grandepremio.com\/br\/wp-json\/wp\/v2\/tags?post=106496"},{"taxonomy":"42wp_author","embeddable":true,"href":"https:\/\/grandepremio.com\/br\/wp-json\/wp\/v2\/42wp_author?post=106496"}],"curies":[{"name":"wp","href":"https:\/\/api.w.org\/{rel}","templated":true}]}}